{"id":28012,"date":"2021-09-20T13:08:03","date_gmt":"2021-09-20T16:08:03","guid":{"rendered":"http:\/\/www.ilheusnoticias.net.br\/v1\/?p=28012"},"modified":"2021-09-20T13:08:03","modified_gmt":"2021-09-20T16:08:03","slug":"homem-e-preso-apos-agredir-e-golpear-ex-companheira-com-garrafa-de-vidro-vitima-ficou-cega","status":"publish","type":"post","link":"https:\/\/www.ilheusnoticias.net.br\/v1\/2021\/09\/20\/homem-e-preso-apos-agredir-e-golpear-ex-companheira-com-garrafa-de-vidro-vitima-ficou-cega\/","title":{"rendered":"Homem \u00e9 preso ap\u00f3s agredir e golpear ex-companheira com garrafa de vidro; v\u00edtima ficou cega"},"content":{"rendered":"<div class=\"row content-head non-featured \"><\/div>\n<div class=\"content__signa-share\">\n<div class=\"content__signature\"><\/div>\n<div class=\"content__share-bar\"><img class=\"i-amphtml-fill-content i-amphtml-replaced-content\" src=\"https:\/\/s2.glbimg.com\/ocPhz-kxPiWjg7yM8yGq0w1PsjA=\/0x0:1600x1066\/984x0\/smart\/filters:strip_icc()\/i.s3.glbimg.com\/v1\/AUTH_59edd422c0c84a879bd37670ae4f538a\/internal_photos\/bs\/2021\/u\/l\/aHJLVvTqAwPmbCPi2OWw\/whatsapp-image-2021-09-20-at-11.52.20.jpeg\" sizes=\"(max-width: 1366px) 648px, 100vw\" srcset=\"https:\/\/s2.glbimg.com\/MS37OdZtofOfn9SoeRrL8fMk8xk=\/0x0:1600x1066\/1000x0\/smart\/filters:strip_icc()\/i.s3.glbimg.com\/v1\/AUTH_59edd422c0c84a879bd37670ae4f538a\/internal_photos\/bs\/2021\/u\/l\/aHJLVvTqAwPmbCPi2OWw\/whatsapp-image-2021-09-20-at-11.52.20.jpeg 1000w, https:\/\/s2.glbimg.com\/ocPhz-kxPiWjg7yM8yGq0w1PsjA=\/0x0:1600x1066\/984x0\/smart\/filters:strip_icc()\/i.s3.glbimg.com\/v1\/AUTH_59edd422c0c84a879bd37670ae4f538a\/internal_photos\/bs\/2021\/u\/l\/aHJLVvTqAwPmbCPi2OWw\/whatsapp-image-2021-09-20-at-11.52.20.jpeg 984w, https:\/\/s2.glbimg.com\/AfhLcPx1pxjlG8bWiDS7h3oP81I=\/0x0:1600x1066\/640x0\/smart\/filters:strip_icc()\/i.s3.glbimg.com\/v1\/AUTH_59edd422c0c84a879bd37670ae4f538a\/internal_photos\/bs\/2021\/u\/l\/aHJLVvTqAwPmbCPi2OWw\/whatsapp-image-2021-09-20-at-11.52.20.jpeg 640w, https:\/\/s2.glbimg.com\/oxDiLaC327AJ5bzP7R5vC954cDY=\/0x0:1600x1066\/600x0\/smart\/filters:strip_icc()\/i.s3.glbimg.com\/v1\/AUTH_59edd422c0c84a879bd37670ae4f538a\/internal_photos\/bs\/2021\/u\/l\/aHJLVvTqAwPmbCPi2OWw\/whatsapp-image-2021-09-20-at-11.52.20.jpeg 600w\" alt=\"Homem \u00e9 preso ap\u00f3s agredir e golpear ex-companheira com garrafa de vidro na Bahia; v\u00edtima ficou cega \u2014 Foto: Divulga\u00e7\u00e3o\/Pol\u00edcia Civil\" \/><\/div>\n<\/div>\n<div class=\"mc-article-body\">\n<article>\n<div class=\"row medium-uncollapsed content-media content-photo\" data-block-type=\"backstage-photo\" data-block-id=\"0\">\n<div class=\"mc-column content-media__container\">\n<p class=\"content-media__description \">Homem \u00e9 preso ap\u00f3s agredir e golpear ex-companheira com garrafa de vidro na Bahia; v\u00edtima ficou cega \u2014 Foto: Divulga\u00e7\u00e3o\/Pol\u00edcia Civil<\/p>\n<\/div>\n<\/div>\n<div class=\"mc-column mc-side-item__container\" data-block-type=\"ads\" data-block-id=\"1\">\n<div class=\"mc-side-item mc-side-item--right content-ads content-ads--side-ad\">\n<div id=\"banner_materia1\" class=\"tag-manager-publicidade-container tag-manager-publicidade-banner_materia1 tag-manager-publicidade-container--carregado tag-manager-publicidade-container--visivel\" data-req=\"true\" data-cid=\"138364396888\" data-lid=\"5791134845\" data-google-query-id=\"CLf7hLD3jfMCFWUFuQYd8h4JgA\">\n<div id=\"google_ads_iframe_\/95377733\/tvg_G1\/Sua_Regiao&gt;Nordeste&gt;Bahia_0__container__\" style=\"box-sizing: inherit; margin: auto; padding: 0px; border: 0pt none; font: inherit; vertical-align: initial; text-align: center;\"><\/div>\n<\/div>\n<\/div>\n<\/div>\n<div class=\"mc-column content-text active-extra-styles \" data-block-type=\"unstyled\" data-block-weight=\"38\" data-block-id=\"2\">\n<p class=\"content-text__container \" data-track-category=\"Link no Texto\" data-track-links=\"\">Um homem foi preso por agredir e golpear a ex-companheira usando uma garrafa de vidro. O suspeito foi detido na manh\u00e3 desta segunda-feira (20), em Salvador, no bairro de Plataforma. Segundo a Pol\u00edcia Civil, a v\u00edtima ficou cega.<\/p>\n<\/div>\n<div class=\"wall protected-content\">\n<div class=\"mc-column content-text active-extra-styles \" data-block-type=\"unstyled\" data-block-weight=\"42\" data-block-id=\"4\">\n<p class=\"content-text__container \" data-track-category=\"Link no Texto\" data-track-links=\"\">O crime aconteceu em Santo Amaro, no Rec\u00f4ncavo Baiano, no m\u00eas de agosto. Por causa das agress\u00f5es, a mulher ficou com diversas marcas de cortes. A pol\u00edcia detalhou que ela teve les\u00f5es no olho esquerdo, cabe\u00e7a, seios, pesco\u00e7o, colo e rosto.<\/p>\n<\/div>\n<div class=\"mc-column content-text active-extra-styles \" data-block-type=\"unstyled\" data-block-weight=\"44\" data-block-id=\"5\">\n<p class=\"content-text__container \" data-track-category=\"Link no Texto\" data-track-links=\"\">Na \u00e9poca do crime, a v\u00edtima foi levada para um matagal e mantida em c\u00e1rcere privado, enquanto ainda estava ferida. Ela s\u00f3 foi encontrada dois dias ap\u00f3s a agress\u00e3o. Os pais do agressor tamb\u00e9m foram presos, porque colaboraram com o c\u00e1rcere da mulher.<\/p>\n<\/div>\n<div class=\"mc-column content-text active-extra-styles \" data-block-type=\"unstyled\" data-block-weight=\"42\" data-block-id=\"6\">\n<p class=\"content-text__container \" data-track-category=\"Link no Texto\" data-track-links=\"\">Ainda de acordo com a pol\u00edcia, os dois medicaram a v\u00edtima por conta pr\u00f3pria, o que fez com que ela perdesse a vis\u00e3o. O agressor est\u00e1 \u00e0 disposi\u00e7\u00e3o da Justi\u00e7a em Salvador e os pais dele est\u00e3o detidos em Santo Amaro.<\/p>\n<\/div>\n<\/div>\n<\/article>\n<\/div>\n","protected":false},"excerpt":{"rendered":"<p>Homem \u00e9 preso ap\u00f3s agredir e golpear ex-companheira com garrafa de vidro na Bahia; v\u00edtima ficou cega \u2014 Foto: Divulga\u00e7\u00e3o\/Pol\u00edcia Civil Um homem foi preso por agredir e golpear a ex-companheira usando uma garrafa de vidro. O suspeito foi detido na manh\u00e3 desta segunda-feira (20), em Salvador, no bairro de Plataforma. Segundo a Pol\u00edcia Civil, [&hellip;]<\/p>\n","protected":false},"author":2,"featured_media":0,"comment_status":"open","ping_status":"open","sticky":false,"template":"","format":"standard","meta":{"_links_to":"","_links_to_target":""},"categories":[7,9,8,1,5],"tags":[],"_links":{"self":[{"href":"https:\/\/www.ilheusnoticias.net.br\/v1\/wp-json\/wp\/v2\/posts\/28012"}],"collection":[{"href":"https:\/\/www.ilheusnoticias.net.br\/v1\/wp-json\/wp\/v2\/posts"}],"about":[{"href":"https:\/\/www.ilheusnoticias.net.br\/v1\/wp-json\/wp\/v2\/types\/post"}],"author":[{"embeddable":true,"href":"https:\/\/www.ilheusnoticias.net.br\/v1\/wp-json\/wp\/v2\/users\/2"}],"replies":[{"embeddable":true,"href":"https:\/\/www.ilheusnoticias.net.br\/v1\/wp-json\/wp\/v2\/comments?post=28012"}],"version-history":[{"count":1,"href":"https:\/\/www.ilheusnoticias.net.br\/v1\/wp-json\/wp\/v2\/posts\/28012\/revisions"}],"predecessor-version":[{"id":28013,"href":"https:\/\/www.ilheusnoticias.net.br\/v1\/wp-json\/wp\/v2\/posts\/28012\/revisions\/28013"}],"wp:attachment":[{"href":"https:\/\/www.ilheusnoticias.net.br\/v1\/wp-json\/wp\/v2\/media?parent=28012"}],"wp:term":[{"taxonomy":"category","embeddable":true,"href":"https:\/\/www.ilheusnoticias.net.br\/v1\/wp-json\/wp\/v2\/categories?post=28012"},{"taxonomy":"post_tag","embeddable":true,"href":"https:\/\/www.ilheusnoticias.net.br\/v1\/wp-json\/wp\/v2\/tags?post=28012"}],"curies":[{"name":"wp","href":"https:\/\/api.w.org\/{rel}","templated":true}]}}