{"id":28007,"date":"2021-09-20T12:59:19","date_gmt":"2021-09-20T15:59:19","guid":{"rendered":"http:\/\/www.ilheusnoticias.net.br\/v1\/?p=28007"},"modified":"2021-09-20T12:59:19","modified_gmt":"2021-09-20T15:59:19","slug":"comunicado-coleta-de-lixo-em-ilheus","status":"publish","type":"post","link":"https:\/\/www.ilheusnoticias.net.br\/v1\/2021\/09\/20\/comunicado-coleta-de-lixo-em-ilheus\/","title":{"rendered":"Comunicado- Coleta de Lixo em Ilh\u00e9us"},"content":{"rendered":"<h3><\/h3>\n<div class=\"imagem thumbnail col-xs-12 col-sm-8 col-md-6 col-lg-6 imagem-materia\"><a class=\"fresco\" title=\"\" href=\"https:\/\/portalfacilarquivos.blob.core.windows.net\/uploads\/ILHEUS\/imgOrig\/%7B38CCBC54-AAE1-A5AD-EBAE-CC62ABEA4371%7D.jpg\" data-fresco-caption=\"\"><img loading=\"lazy\" title=\"\" src=\"https:\/\/portalfacilarquivos.blob.core.windows.net\/uploads\/ILHEUS\/img\/%7B38CCBC54-AAE1-A5AD-EBAE-CC62ABEA4371%7D\/%7B38CCBC54-AAE1-A5AD-EBAE-CC62ABEA4371%7D_650X450.jpg\" alt=\"CENTRO ADMINISTRATIVO \" width=\"650\" height=\"450\" \/><\/a><\/div>\n<p>A Prefeitura de Ilh\u00e9us, por meio da secretaria de Servi\u00e7os Urbanos (Secsurb), iniciou o processo de transi\u00e7\u00e3o no servi\u00e7o de coleta de res\u00edduos s\u00f3lidos domiciliares e comercias de pequeno porte. Neste per\u00edodo que compreende o encerramento do antigo contrato emergencial e a conclus\u00e3o da licita\u00e7\u00e3o definitiva, a Secsurb est\u00e1 realizando a coleta com sua equipe de servidores e sua frota de ve\u00edculos e equipamentos.<\/p>\n<p>\u201cApesar de todos os esfor\u00e7os de nossa equipe, sabemos que a efic\u00e1cia n\u00e3o corresponde a de uma empresa especializada e, por esse motivo, pedimos a compreens\u00e3o da popula\u00e7\u00e3o para colaborar conosco reduzindo a frequ\u00eancia em que coloca seus res\u00edduos em sua porta. Apesar de n\u00e3o podermos afirmar com precis\u00e3o a data de encerramento do certame licitat\u00f3rio, acreditamos que dentro de mais ou menos uma semana j\u00e1 estaremos sob a vig\u00eancia de um contrato regular, com novas rotas e hor\u00e1rios buscando uma coleta mais eficiente, pontual e que corresponda \u00e0s expectativas da popula\u00e7\u00e3o ilheense. Nos desculpamos pelos transtornos moment\u00e2neos e agradecemos a coopera\u00e7\u00e3o da nossa popula\u00e7\u00e3o\u201d, informou, em nota, a Secsurb.<\/p>\n","protected":false},"excerpt":{"rendered":"<p>A Prefeitura de Ilh\u00e9us, por meio da secretaria de Servi\u00e7os Urbanos (Secsurb), iniciou o processo de transi\u00e7\u00e3o no servi\u00e7o de coleta de res\u00edduos s\u00f3lidos domiciliares e comercias de pequeno porte. Neste per\u00edodo que compreende o encerramento do antigo contrato emergencial e a conclus\u00e3o da licita\u00e7\u00e3o definitiva, a Secsurb est\u00e1 realizando a coleta com sua equipe [&hellip;]<\/p>\n","protected":false},"author":2,"featured_media":0,"comment_status":"open","ping_status":"open","sticky":false,"template":"","format":"standard","meta":{"_links_to":"","_links_to_target":""},"categories":[7,9,8,1],"tags":[],"_links":{"self":[{"href":"https:\/\/www.ilheusnoticias.net.br\/v1\/wp-json\/wp\/v2\/posts\/28007"}],"collection":[{"href":"https:\/\/www.ilheusnoticias.net.br\/v1\/wp-json\/wp\/v2\/posts"}],"about":[{"href":"https:\/\/www.ilheusnoticias.net.br\/v1\/wp-json\/wp\/v2\/types\/post"}],"author":[{"embeddable":true,"href":"https:\/\/www.ilheusnoticias.net.br\/v1\/wp-json\/wp\/v2\/users\/2"}],"replies":[{"embeddable":true,"href":"https:\/\/www.ilheusnoticias.net.br\/v1\/wp-json\/wp\/v2\/comments?post=28007"}],"version-history":[{"count":1,"href":"https:\/\/www.ilheusnoticias.net.br\/v1\/wp-json\/wp\/v2\/posts\/28007\/revisions"}],"predecessor-version":[{"id":28008,"href":"https:\/\/www.ilheusnoticias.net.br\/v1\/wp-json\/wp\/v2\/posts\/28007\/revisions\/28008"}],"wp:attachment":[{"href":"https:\/\/www.ilheusnoticias.net.br\/v1\/wp-json\/wp\/v2\/media?parent=28007"}],"wp:term":[{"taxonomy":"category","embeddable":true,"href":"https:\/\/www.ilheusnoticias.net.br\/v1\/wp-json\/wp\/v2\/categories?post=28007"},{"taxonomy":"post_tag","embeddable":true,"href":"https:\/\/www.ilheusnoticias.net.br\/v1\/wp-json\/wp\/v2\/tags?post=28007"}],"curies":[{"name":"wp","href":"https:\/\/api.w.org\/{rel}","templated":true}]}}