{"id":28005,"date":"2021-09-18T15:37:38","date_gmt":"2021-09-18T18:37:38","guid":{"rendered":"http:\/\/www.ilheusnoticias.net.br\/v1\/?p=28005"},"modified":"2021-09-18T15:37:38","modified_gmt":"2021-09-18T18:37:38","slug":"reducao-do-icms-atrai-voo-para-guanambi-e-retomada-da-linha-para-paulo-afonso","status":"publish","type":"post","link":"https:\/\/www.ilheusnoticias.net.br\/v1\/2021\/09\/18\/reducao-do-icms-atrai-voo-para-guanambi-e-retomada-da-linha-para-paulo-afonso\/","title":{"rendered":"Redu\u00e7\u00e3o do ICMS atrai voo para Guanambi e retomada da linha para Paulo Afonso"},"content":{"rendered":"<h2 class=\"PostHeaderIcon-wrapper\"><\/h2>\n<div class=\"PostMetadataHeader\"><\/div>\n<div class=\"PostContent\">\n<p><a href=\"http:\/\/www.blogdothame.blog.br\/v1\/wp-content\/uploads\/2021\/09\/aviap.jpg\"><img loading=\"lazy\" class=\"alignleft size-medium wp-image-124193\" src=\"http:\/\/www.blogdothame.blog.br\/v1\/wp-content\/uploads\/2021\/09\/aviap-300x200.jpg\" alt=\"aviap\" width=\"300\" height=\"200\" \/><\/a>Depois que o Governo do Estado reduziu a al\u00edquota do ICMS sobre o querosene usado na avia\u00e7\u00e3o, as empresas \u00e1reas est\u00e3o investindo na implanta\u00e7\u00e3o de novos voos e retomada de linhas que estavam desativadas na Bahia. Na pr\u00f3xima segunda-feira (20), acontece o voo inaugural da empresa a\u00e9rea Azul para Guanambi, no sudoeste baiano, partindo do aeroporto de Confins, em Belo Horizonte, com quatro frequ\u00eancias semanais.<\/p>\n<p>A Azul j\u00e1 tinha anunciado para outubro a retomada dos voos para Len\u00e7\u00f3is, na Chapada Diamantina, duas vezes por semana. Em dezembro, a empresa vai retomar tamb\u00e9m os voos para o munic\u00edpio de Paulo Afonso, na regi\u00e3o norte, mas ainda n\u00e3o anunciou detalhes da opera\u00e7\u00e3o.<\/p>\n<p>\u201cOutra boa not\u00edcia \u00e9 que a Infraero vai passar a administra\u00e7\u00e3o do aeroporto de Paulo Afonso para o Governo do Estado. Assim que a transfer\u00eancia for concretizada, vamos fazer interven\u00e7\u00f5es para melhorar o equipamento\u201d, relatou o secret\u00e1rio estadual de Infraestrutura, Marcus Cavalcanti.<\/p>\n<p>A Latam Linhas \u00c1reas j\u00e1 est\u00e1 realizando o novo voo regular de S\u00e3o Paulo para a Ilha de Comandatuba, no sul do estado, com sa\u00edda do aeroporto de Congonhas e duas opera\u00e7\u00f5es por semana. Antes, a empresa fazia somente voos charters para a ilha. Ser\u00e1 tamb\u00e9m da Latam, em dezembro, o voo de S\u00e3o Paulo para Vit\u00f3ria da Conquista, no sudoeste baiano, com partida do aeroporto de Guarulhos e cinco frequ\u00eancias semanais.<\/p>\n<\/div>\n","protected":false},"excerpt":{"rendered":"<p>Depois que o Governo do Estado reduziu a al\u00edquota do ICMS sobre o querosene usado na avia\u00e7\u00e3o, as empresas \u00e1reas est\u00e3o investindo na implanta\u00e7\u00e3o de novos voos e retomada de linhas que estavam desativadas na Bahia. Na pr\u00f3xima segunda-feira (20), acontece o voo inaugural da empresa a\u00e9rea Azul para Guanambi, no sudoeste baiano, partindo do [&hellip;]<\/p>\n","protected":false},"author":2,"featured_media":0,"comment_status":"open","ping_status":"open","sticky":false,"template":"","format":"standard","meta":{"_links_to":"","_links_to_target":""},"categories":[7,9,8,1],"tags":[],"_links":{"self":[{"href":"https:\/\/www.ilheusnoticias.net.br\/v1\/wp-json\/wp\/v2\/posts\/28005"}],"collection":[{"href":"https:\/\/www.ilheusnoticias.net.br\/v1\/wp-json\/wp\/v2\/posts"}],"about":[{"href":"https:\/\/www.ilheusnoticias.net.br\/v1\/wp-json\/wp\/v2\/types\/post"}],"author":[{"embeddable":true,"href":"https:\/\/www.ilheusnoticias.net.br\/v1\/wp-json\/wp\/v2\/users\/2"}],"replies":[{"embeddable":true,"href":"https:\/\/www.ilheusnoticias.net.br\/v1\/wp-json\/wp\/v2\/comments?post=28005"}],"version-history":[{"count":1,"href":"https:\/\/www.ilheusnoticias.net.br\/v1\/wp-json\/wp\/v2\/posts\/28005\/revisions"}],"predecessor-version":[{"id":28006,"href":"https:\/\/www.ilheusnoticias.net.br\/v1\/wp-json\/wp\/v2\/posts\/28005\/revisions\/28006"}],"wp:attachment":[{"href":"https:\/\/www.ilheusnoticias.net.br\/v1\/wp-json\/wp\/v2\/media?parent=28005"}],"wp:term":[{"taxonomy":"category","embeddable":true,"href":"https:\/\/www.ilheusnoticias.net.br\/v1\/wp-json\/wp\/v2\/categories?post=28005"},{"taxonomy":"post_tag","embeddable":true,"href":"https:\/\/www.ilheusnoticias.net.br\/v1\/wp-json\/wp\/v2\/tags?post=28005"}],"curies":[{"name":"wp","href":"https:\/\/api.w.org\/{rel}","templated":true}]}}