{"id":28001,"date":"2021-09-18T15:34:03","date_gmt":"2021-09-18T18:34:03","guid":{"rendered":"http:\/\/www.ilheusnoticias.net.br\/v1\/?p=28001"},"modified":"2021-09-18T15:34:03","modified_gmt":"2021-09-18T18:34:03","slug":"suspeito-de-roubos-a-banco-e-de-participar-da-morte-de-pm-em-pernambuco-morre-apos-confronto","status":"publish","type":"post","link":"https:\/\/www.ilheusnoticias.net.br\/v1\/2021\/09\/18\/suspeito-de-roubos-a-banco-e-de-participar-da-morte-de-pm-em-pernambuco-morre-apos-confronto\/","title":{"rendered":"Suspeito de roubos a banco e de participar da morte de PM em Pernambuco morre ap\u00f3s confronto"},"content":{"rendered":"<div class=\"row content-head non-featured \"><\/div>\n<div class=\"content__signa-share\">\n<div class=\"content__signature\">\n<div class=\"content-publication-data\">\n<div class=\"content-publication-data__text\">\n<p class=\"content-publication-data__updated\">\n<\/div>\n<\/div>\n<\/div>\n<div class=\"content__share-bar\"><img class=\"i-amphtml-fill-content i-amphtml-replaced-content\" src=\"https:\/\/s2.glbimg.com\/DGEeYyKXdqACkSnysG5WvjYfXwM=\/0x0:671x495\/984x0\/smart\/filters:strip_icc()\/i.s3.glbimg.com\/v1\/AUTH_59edd422c0c84a879bd37670ae4f538a\/internal_photos\/bs\/2021\/A\/U\/0QQVbSR1KU1ZV4vhATYw\/whatsapp-image-2021-08-04-at-18.09.37.jpeg\" sizes=\"(max-width: 2049px) 648px, 100vw\" srcset=\"https:\/\/s2.glbimg.com\/PixbNcPGidYk4CqzaeK4PMuiocE=\/0x0:671x495\/1000x0\/smart\/filters:strip_icc()\/i.s3.glbimg.com\/v1\/AUTH_59edd422c0c84a879bd37670ae4f538a\/internal_photos\/bs\/2021\/A\/U\/0QQVbSR1KU1ZV4vhATYw\/whatsapp-image-2021-08-04-at-18.09.37.jpeg 1000w, https:\/\/s2.glbimg.com\/DGEeYyKXdqACkSnysG5WvjYfXwM=\/0x0:671x495\/984x0\/smart\/filters:strip_icc()\/i.s3.glbimg.com\/v1\/AUTH_59edd422c0c84a879bd37670ae4f538a\/internal_photos\/bs\/2021\/A\/U\/0QQVbSR1KU1ZV4vhATYw\/whatsapp-image-2021-08-04-at-18.09.37.jpeg 984w, https:\/\/s2.glbimg.com\/cFuY3ZrDGAXP2qqa-8Ru30llcGY=\/0x0:671x495\/640x0\/smart\/filters:strip_icc()\/i.s3.glbimg.com\/v1\/AUTH_59edd422c0c84a879bd37670ae4f538a\/internal_photos\/bs\/2021\/A\/U\/0QQVbSR1KU1ZV4vhATYw\/whatsapp-image-2021-08-04-at-18.09.37.jpeg 640w, https:\/\/s2.glbimg.com\/-MaMxzIQtr_JHyHACc1QZ90wE4I=\/0x0:671x495\/600x0\/smart\/filters:strip_icc()\/i.s3.glbimg.com\/v1\/AUTH_59edd422c0c84a879bd37670ae4f538a\/internal_photos\/bs\/2021\/A\/U\/0QQVbSR1KU1ZV4vhATYw\/whatsapp-image-2021-08-04-at-18.09.37.jpeg 600w\" alt=\"Policial militar Lu\u00eds Wandemberg morreu ap\u00f3s ter sido baleado em Arcoverde \u2014 Foto: Facebook\/Reprodu\u00e7\u00e3o\" \/><\/div>\n<\/div>\n<div class=\"mc-article-body\">\n<article>\n<div class=\"row medium-uncollapsed content-media content-photo\" data-block-type=\"backstage-photo\" data-block-id=\"0\">\n<div class=\"mc-column content-media__container\">\n<p class=\"content-media__description \">Policial militar Lu\u00eds Wandemberg morreu ap\u00f3s ter sido baleado em Arcoverde \u2014 Foto: Facebook\/Reprodu\u00e7\u00e3o<\/p>\n<\/div>\n<\/div>\n<div class=\"mc-column mc-side-item__container\" data-block-type=\"ads\" data-block-id=\"1\">\n<div class=\"mc-side-item mc-side-item--right content-ads content-ads--side-ad\">\n<div id=\"banner_materia1\" class=\"tag-manager-publicidade-container tag-manager-publicidade-banner_materia1 tag-manager-publicidade-container--carregado tag-manager-publicidade-container--visivel\" data-req=\"true\" data-google-query-id=\"CO7rt42UifMCFQsKuQYdVWAIiw\" data-cid=\"138364396888\" data-lid=\"5791134845\">\n<div id=\"google_ads_iframe_\/95377733\/tvg_G1\/Sua_Regiao&gt;Nordeste&gt;Bahia_0__container__\" style=\"box-sizing: inherit; margin: auto; padding: 0px; border: 0pt none; font: inherit; vertical-align: initial; text-align: center;\"><iframe id=\"google_ads_iframe_\/95377733\/tvg_G1\/Sua_Regiao&gt;Nordeste&gt;Bahia_0\" style=\"box-sizing: inherit; margin: 0px; padding: 0px; border: 0px; font: inherit; vertical-align: bottom;\" title=\"3rd party ad content\" name=\"google_ads_iframe_\/95377733\/tvg_G1\/Sua_Regiao&gt;Nordeste&gt;Bahia_0\" width=\"300\" height=\"250\" frameborder=\"0\" marginwidth=\"0\" marginheight=\"0\" scrolling=\"no\" data-google-container-id=\"1\" data-load-complete=\"true\"><\/iframe><\/div>\n<\/div>\n<\/div>\n<\/div>\n<div class=\"mc-column content-text active-extra-styles \" data-block-type=\"unstyled\" data-block-weight=\"50\" data-block-id=\"2\">\n<p class=\"content-text__container \" data-track-category=\"Link no Texto\" data-track-links=\"\">Um homem suspeito de roubos a banco e de participar da\u00a0<a href=\"https:\/\/g1.globo.com\/pe\/caruaru-regiao\/noticia\/2021\/08\/04\/policial-militar-e-baleado-na-br-232-em-arcoverde.ghtml\">morte do policial militar Wandemberg Lu\u00eds, em agosto deste ano, na BR-232<\/a>, em Arcoverde, no Sert\u00e3o de Pernambuco, morreu nesta sexta-feira (17) ap\u00f3s um confronto com policiais, no bairro de Monte Gordo, em Cama\u00e7ari, regi\u00e3o metropolitana de Salvador.<\/p>\n<\/div>\n<div class=\"wall protected-content\">\n<div class=\"mc-column content-text active-extra-styles \" data-block-type=\"unstyled\" data-block-weight=\"46\" data-block-id=\"3\">\n<p class=\"content-text__container \" data-track-category=\"Link no Texto\" data-track-links=\"\">Segundo informa\u00e7\u00f5es da Pol\u00edcia Civil da Bahia, o homem, que era considerado chefe de um grupo criminoso, era um dos alvos priorit\u00e1rios da Pol\u00edcia Judici\u00e1ria de Pernambuco. Ele tamb\u00e9m \u00e9 apontado por outros homic\u00eddios, tr\u00e1fico de drogas, al\u00e9m de crimes contra o patrim\u00f4nio.<\/p>\n<\/div>\n<div class=\"mc-column content-text active-extra-styles \" data-block-type=\"unstyled\" data-block-weight=\"43\" data-block-id=\"4\">\n<p class=\"content-text__container \" data-track-category=\"Link no Texto\" data-track-links=\"\">De acordo com a pol\u00edcia, o suspeito estava em uma casa, onde houve o confronto. O homem foi baleado, socorrido por policiais do Departamento de Repress\u00e3o e Combate ao Crime Organizado (Draco) e levado para uma unidade de sa\u00fade, mas n\u00e3o resistiu.<\/p>\n<\/div>\n<div class=\"mc-column content-text active-extra-styles \" data-block-type=\"unstyled\" data-block-weight=\"21\" data-block-id=\"5\">\n<p class=\"content-text__container \" data-track-category=\"Link no Texto\" data-track-links=\"\">O diretor do Draco, delegado Jos\u00e9 Bezerra J\u00fanior, informou que existe uma poss\u00edvel participa\u00e7\u00e3o do suspeito em ataques na Bahia.<\/p>\n<\/div>\n<div class=\"mc-column content-text active-extra-styles \" data-block-type=\"unstyled\" data-block-weight=\"30\" data-block-id=\"6\">\n<p class=\"content-text__container \" data-track-category=\"Link no Texto\" data-track-links=\"\">\u201cForam mais de tr\u00eas semanas de investiga\u00e7\u00e3o. N\u00f3s j\u00e1 est\u00e1vamos acompanhando e apurando a poss\u00edvel vincula\u00e7\u00e3o dele e de seus comparsas em ataques a institui\u00e7\u00f5es financeiras no nosso estado\u201d, afirmou.<\/p>\n<\/div>\n<div class=\"row medium-uncollapsed content-media content-photo\" data-block-type=\"backstage-photo\" data-block-id=\"7\">\n<div class=\"mc-column content-media__container\">\n<div class=\"content-media-container glb-skeleton-box\">\n<figure class=\"content-media-figure\"><img class=\"i-amphtml-fill-content i-amphtml-replaced-content\" src=\"https:\/\/s2.glbimg.com\/0DzTAnB7a8JX2he4Co62lqeuAeA=\/0x0:1600x1066\/984x0\/smart\/filters:strip_icc()\/i.s3.glbimg.com\/v1\/AUTH_59edd422c0c84a879bd37670ae4f538a\/internal_photos\/bs\/2021\/0\/b\/BCHOTwTsus2jBHAiAO9A\/draco170921.jpg\" sizes=\"(max-width: 2049px) 648px, 100vw\" srcset=\"https:\/\/s2.glbimg.com\/abIHKj5LJt1P2X2z1R9sNdlbWzo=\/0x0:1600x1066\/1000x0\/smart\/filters:strip_icc()\/i.s3.glbimg.com\/v1\/AUTH_59edd422c0c84a879bd37670ae4f538a\/internal_photos\/bs\/2021\/0\/b\/BCHOTwTsus2jBHAiAO9A\/draco170921.jpg 1000w, https:\/\/s2.glbimg.com\/0DzTAnB7a8JX2he4Co62lqeuAeA=\/0x0:1600x1066\/984x0\/smart\/filters:strip_icc()\/i.s3.glbimg.com\/v1\/AUTH_59edd422c0c84a879bd37670ae4f538a\/internal_photos\/bs\/2021\/0\/b\/BCHOTwTsus2jBHAiAO9A\/draco170921.jpg 984w, https:\/\/s2.glbimg.com\/WObmOXSW6IZDJC0Juj4zSbPONvo=\/0x0:1600x1066\/640x0\/smart\/filters:strip_icc()\/i.s3.glbimg.com\/v1\/AUTH_59edd422c0c84a879bd37670ae4f538a\/internal_photos\/bs\/2021\/0\/b\/BCHOTwTsus2jBHAiAO9A\/draco170921.jpg 640w, https:\/\/s2.glbimg.com\/K7V1alazdIowRfC-KKrKYaM1TTI=\/0x0:1600x1066\/600x0\/smart\/filters:strip_icc()\/i.s3.glbimg.com\/v1\/AUTH_59edd422c0c84a879bd37670ae4f538a\/internal_photos\/bs\/2021\/0\/b\/BCHOTwTsus2jBHAiAO9A\/draco170921.jpg 600w\" alt=\"Suspeito de roubos a banco e de participar da morte de PM em Pernambuco morre ap\u00f3s confronto na Bahia \u2014 Foto: Ascom-PC \/ Haeckel Dias\" \/><\/figure>\n<\/div>\n<p class=\"content-media__description \">Suspeito de roubos a banco e de participar da morte de PM em Pernambuco morre ap\u00f3s confronto na Bahia \u2014 Foto: Ascom-PC \/ Haeckel Dias<\/p>\n<\/div>\n<\/div>\n<div class=\"content-ads content-ads--reveal\" data-block-type=\"ads\" data-block-id=\"8\">\n<div id=\"banner_materia2\" class=\"tag-manager-publicidade-container mc-has-reveal mc-has-ad-lazyload tag-manager-publicidade-banner_materia2 tag-manager-publicidade-container--carregado tag-manager-publicidade-container--visivel\" data-id=\"banner_materia2\" data-req=\"true\" data-google-query-id=\"CMOu1pmUifMCFTUPuQYd10EEEg\" data-cid=\"138363250115\" data-lid=\"5786236260\">\n<div id=\"google_ads_iframe_\/95377733\/tvg_G1\/Sua_Regiao&gt;Nordeste&gt;Bahia_3__container__\" style=\"box-sizing: inherit; margin: auto; padding: 0px; border: 0pt none; font: inherit; vertical-align: initial; max-width: 100%; text-align: center;\"><iframe id=\"google_ads_iframe_\/95377733\/tvg_G1\/Sua_Regiao&gt;Nordeste&gt;Bahia_3\" style=\"box-sizing: inherit; margin: 0px; padding: 0px; border: 0px; font: inherit; vertical-align: bottom;\" title=\"3rd party ad content\" name=\"google_ads_iframe_\/95377733\/tvg_G1\/Sua_Regiao&gt;Nordeste&gt;Bahia_3\" width=\"970\" height=\"150\" frameborder=\"0\" marginwidth=\"0\" marginheight=\"0\" scrolling=\"no\" data-google-container-id=\"6\" data-load-complete=\"true\"><\/iframe><\/div>\n<\/div>\n<\/div>\n<div class=\"mc-column content-text active-extra-styles \" data-block-type=\"unstyled\" data-block-weight=\"22\" data-block-id=\"9\">\n<p class=\"content-text__container \" data-track-category=\"Link no Texto\" data-track-links=\"\">A Pol\u00edcia Civil de Pernambuco oferecia uma recompensa de R$ 2 mil por informa\u00e7\u00f5es que pudessem levar ao paradeiro do homem.<\/p>\n<\/div>\n<div class=\"mc-column content-text active-extra-styles \" data-block-type=\"unstyled\" data-block-weight=\"34\" data-block-id=\"10\">\n<p class=\"content-text__container \" data-track-category=\"Link no Texto\" data-track-links=\"\">O suspeito estava com tr\u00eas documentos de identifica\u00e7\u00e3o e um de CPF falsificados. Com ele, foram apreendidos um rev\u00f3lver calibre 38 municiado, por\u00e7\u00f5es de maconha, drogas sint\u00e9ticas e uma balan\u00e7a de precis\u00e3o.<\/p>\n<\/div>\n<div class=\"mc-column content-text active-extra-styles \" data-block-type=\"unstyled\" data-block-weight=\"43\" data-block-id=\"11\">\n<p class=\"content-text__container \" data-track-category=\"Link no Texto\" data-track-links=\"\">Equipes do Draco e da Coordena\u00e7\u00e3o de Opera\u00e7\u00f5es Especiais (COE), realizaram a a\u00e7\u00e3o, com o aux\u00edlio da Pol\u00edcia Civil de Sergipe, por meio do Centro de Opera\u00e7\u00f5es Policiais Especiais (COPE) e da Divis\u00e3o de Intelig\u00eancia e Planejamento Policial (DIPOL) nas investiga\u00e7\u00f5es.<\/p>\n<\/div>\n<div class=\"mc-column content-text active-extra-styles\" data-block-type=\"raw\" data-block-weight=\"3\" data-block-id=\"12\">\n<div class=\"content-intertitle\">\n<h2>Morte do PM<\/h2>\n<\/div>\n<\/div>\n<div class=\"bs-video-block mc-column  content-media content-video\" data-block-type=\"backstage-video\" data-block-id=\"13\">\n<div class=\"content-media__container\">\n<div class=\"content-video__bigger-player-description-fixer\">\n<article class=\"content-video\">\n<section class=\"content-video__video-container\">\n<div class=\"content-video__video\">\n<div class=\"content-video__placeholder\" data-video-id=\"9741748\"><img class=\"content-video__placeholder__thumb\" title=\"PM morre ap\u00f3s ser baleado em Arcoverde\" src=\"https:\/\/s01.video.glbimg.com\/x240\/9741748.jpg\" alt=\"PM morre ap\u00f3s ser baleado em Arcoverde\" \/><\/div>\n<div id=\"wp3-player-2\" class=\"clappr-player\" tabindex=\"9999\" data-player=\"\">\n<div class=\"dfp-ad-overlay dfp-ad-overlay--poster-mode\">\n<div><iframe loading=\"lazy\" src=\"https:\/\/imasdk.googleapis.com\/js\/core\/bridge3.480.1_pt_br.html#goog_907268336\" width=\"300\" height=\"150\" allowfullscreen=\"allowfullscreen\"><\/iframe><\/div>\n<\/div>\n<div class=\"container-overlay\"><\/div>\n<div class=\"drawer-header drawer-header--hidden\"><\/div>\n<div class=\"container master-container pointer-enabled\" data-container=\"\" data-pip=\"\">\n<div class=\"poster\"><\/div>\n<div class=\"id-playback\" data-id-playback=\"\"><video id=\"c75\" poster=\"https:\/\/s01.video.glbimg.com\/x240\/9741748.jpg\" preload=\"none\" width=\"300\" height=\"150\" data-html5-video=\"\"><\/video><\/div>\n<\/div>\n<div class=\"media-control media-control-hide\">\n<div class=\"media-control-panel\">\n<div class=\"media-control-panel__back-layer\"><\/div>\n<div class=\"media-control-panel__upper\"><\/div>\n<div class=\"media-control-panel__middle\"><\/div>\n<div class=\"media-control-panel__between\"><\/div>\n<div class=\"media-control-panel__lower\" data-controls=\"\">\n<div class=\"media-control-position__center\"><\/div>\n<div class=\"opposites-container\">\n<div class=\"media-control-position__left\"><button class=\"media-control-button play media-control-element\" data-playpause=\"\"><\/button><\/p>\n<div class=\"time-indicator media-control-element\"><span data-position=\"\">&#8211;:&#8211;<\/span><span class=\"separator\">\/<\/span><span data-duration=\"\">&#8211;:&#8211;<\/span><\/div>\n<\/div>\n<div class=\"media-control-position__between\"><\/div>\n<div class=\"media-control-position__right\"><\/div>\n<\/div>\n<\/div>\n<div class=\"media-control-panel__front-layer\"><\/div>\n<div class=\"media-control-panel__modal\"><\/div>\n<\/div>\n<\/div>\n<\/div>\n<\/div>\n<\/section>\n<\/article>\n<\/div>\n<p class=\"content-media__description\">PM morre ap\u00f3s ser baleado em Arcoverde<\/p>\n<\/div>\n<\/div>\n<div class=\"mc-column content-text active-extra-styles \" data-block-type=\"unstyled\" data-block-weight=\"30\" data-block-id=\"14\">\n<p class=\"content-text__container \" data-track-category=\"Link no Texto\" data-track-links=\"\">O\u00a0<a href=\"https:\/\/g1.globo.com\/pe\/caruaru-regiao\/noticia\/2021\/08\/04\/policial-militar-e-baleado-na-br-232-em-arcoverde.ghtml\">p<\/a><a href=\"https:\/\/g1.globo.com\/pe\/caruaru-regiao\/noticia\/2021\/08\/04\/policial-militar-e-baleado-na-br-232-em-arcoverde.ghtml\">olicial militar, identificado como Wandemberg Lu\u00eds, morreu ap\u00f3s ter sido baleado<\/a>\u00a0por um grupo criminoso no dia 4 de agosto, na BR-232, em Arcoverde, no Sert\u00e3o de Pernambuco.<\/p>\n<\/div>\n<div class=\"mc-column content-text active-extra-styles \" data-block-type=\"unstyled\" data-block-weight=\"47\" data-block-id=\"15\">\n<p class=\"content-text__container \" data-track-category=\"Link no Texto\" data-track-links=\"\">Segundo informa\u00e7\u00f5es da Pol\u00edcia Civil de Pernambuco, um homem foi ferido no local e chegou a ser socorrido, mas n\u00e3o resistiu aos ferimentos. Outros dois foram mortos em uma troca de tiros com a pol\u00edcia na zona rural de Pedra, no Agreste. Um quarto criminoso conseguiu fugir.<\/p>\n<\/div>\n<div class=\"mc-column content-text active-extra-styles \" data-block-type=\"unstyled\" data-block-weight=\"37\" data-block-id=\"16\">\n<p class=\"content-text__container \" data-track-category=\"Link no Texto\" data-track-links=\"\">O grupo estava em um carro na rodovia e come\u00e7ou a atirar quando percebeu a presen\u00e7a da pol\u00edcia no local. Lu\u00eds foi atingido na cabe\u00e7a e, em seguida, foi levado para o Hospital Regional de Arcoverde.<\/p>\n<\/div>\n<div class=\"content-ads content-ads--reveal\" data-block-type=\"ads\" data-block-id=\"17\">\n<div id=\"banner_materia__bf984568-949d-496d-af21-0b2aa45df6c0\" class=\"tag-manager-publicidade-container mc-has-reveal mc-has-ad-lazyload tag-manager-publicidade-banner_materia__bf984568-949d-496d-af21-0b2aa45df6c0 tag-manager-publicidade-container--carregado tag-manager-publicidade-container--visivel\" data-id=\"banner_materia__bf984568-949d-496d-af21-0b2aa45df6c0\" data-req=\"true\" data-google-query-id=\"CPSx45mUifMCFfEDuQYdPpUBow\" data-cid=\"138363096326\" data-lid=\"5782883955\">\n<div id=\"google_ads_iframe_\/95377733\/tvg_G1\/Sua_Regiao&gt;Nordeste&gt;Bahia_4__container__\" style=\"box-sizing: inherit; margin: auto; padding: 0px; border: 0pt none; font: inherit; vertical-align: initial; max-width: 100%; text-align: center; width: 970px; height: 250px;\"><iframe loading=\"lazy\" id=\"google_ads_iframe_\/95377733\/tvg_G1\/Sua_Regiao&gt;Nordeste&gt;Bahia_4\" style=\"box-sizing: inherit; margin: 0px; padding: 0px; border: 0px; font: inherit; vertical-align: bottom;\" title=\"3rd party ad content\" src=\"https:\/\/tpc.googlesyndication.com\/safeframe\/1-0-38\/html\/container.html\" name=\"\" width=\"970\" height=\"250\" frameborder=\"0\" marginwidth=\"0\" marginheight=\"0\" scrolling=\"no\" sandbox=\"allow-forms allow-popups allow-popups-to-escape-sandbox allow-same-origin allow-scripts allow-top-navigation-by-user-activation\" data-is-safeframe=\"true\" data-google-container-id=\"7\" data-load-complete=\"true\"><\/iframe><\/div>\n<\/div>\n<\/div>\n<div class=\"mc-column content-text active-extra-styles \" data-block-type=\"unstyled\" data-block-weight=\"28\" data-block-id=\"18\">\n<p class=\"content-text__container \" data-track-category=\"Link no Texto\" data-track-links=\"\">Em seguida, uma ambul\u00e2ncia fez a transfer\u00eancia do policial para o Hospital Regional do Agreste (HRA), em Caruaru, mas ele j\u00e1 estava morto quando deu entrada na unidade.<\/p>\n<\/div>\n<div class=\"mc-column content-text active-extra-styles \" data-block-type=\"unstyled\" data-block-weight=\"42\" data-block-id=\"19\">\n<p class=\"content-text__container \" data-track-category=\"Link no Texto\" data-track-links=\"\">No dia 20 de agosto, a Pol\u00edcia Civil de Pernambuco afirmou que<a href=\"https:\/\/g1.globo.com\/pe\/caruaru-regiao\/noticia\/2021\/08\/20\/outro-suspeito-envolvido-na-morte-do-policial-militar-morre-em-arcoverde.ghtml\">\u00a0outro suspeito envolvido na morte do policial militar morreu<\/a>. C\u00edcero Bezerra de 35 anos estava internado no hospital da regi\u00e3o ap\u00f3s ter sido atingido por tiros durante a a\u00e7\u00e3o policial.<\/p>\n<\/div>\n<\/div>\n<\/article>\n<\/div>\n","protected":false},"excerpt":{"rendered":"<p>Policial militar Lu\u00eds Wandemberg morreu ap\u00f3s ter sido baleado em Arcoverde \u2014 Foto: Facebook\/Reprodu\u00e7\u00e3o Um homem suspeito de roubos a banco e de participar da\u00a0morte do policial militar Wandemberg Lu\u00eds, em agosto deste ano, na BR-232, em Arcoverde, no Sert\u00e3o de Pernambuco, morreu nesta sexta-feira (17) ap\u00f3s um confronto com policiais, no bairro de Monte [&hellip;]<\/p>\n","protected":false},"author":2,"featured_media":0,"comment_status":"open","ping_status":"open","sticky":false,"template":"","format":"standard","meta":{"_links_to":"","_links_to_target":""},"categories":[7,9,8,1,5],"tags":[],"_links":{"self":[{"href":"https:\/\/www.ilheusnoticias.net.br\/v1\/wp-json\/wp\/v2\/posts\/28001"}],"collection":[{"href":"https:\/\/www.ilheusnoticias.net.br\/v1\/wp-json\/wp\/v2\/posts"}],"about":[{"href":"https:\/\/www.ilheusnoticias.net.br\/v1\/wp-json\/wp\/v2\/types\/post"}],"author":[{"embeddable":true,"href":"https:\/\/www.ilheusnoticias.net.br\/v1\/wp-json\/wp\/v2\/users\/2"}],"replies":[{"embeddable":true,"href":"https:\/\/www.ilheusnoticias.net.br\/v1\/wp-json\/wp\/v2\/comments?post=28001"}],"version-history":[{"count":1,"href":"https:\/\/www.ilheusnoticias.net.br\/v1\/wp-json\/wp\/v2\/posts\/28001\/revisions"}],"predecessor-version":[{"id":28002,"href":"https:\/\/www.ilheusnoticias.net.br\/v1\/wp-json\/wp\/v2\/posts\/28001\/revisions\/28002"}],"wp:attachment":[{"href":"https:\/\/www.ilheusnoticias.net.br\/v1\/wp-json\/wp\/v2\/media?parent=28001"}],"wp:term":[{"taxonomy":"category","embeddable":true,"href":"https:\/\/www.ilheusnoticias.net.br\/v1\/wp-json\/wp\/v2\/categories?post=28001"},{"taxonomy":"post_tag","embeddable":true,"href":"https:\/\/www.ilheusnoticias.net.br\/v1\/wp-json\/wp\/v2\/tags?post=28001"}],"curies":[{"name":"wp","href":"https:\/\/api.w.org\/{rel}","templated":true}]}}