{"id":27988,"date":"2021-09-17T11:37:47","date_gmt":"2021-09-17T14:37:47","guid":{"rendered":"http:\/\/www.ilheusnoticias.net.br\/v1\/?p=27988"},"modified":"2021-09-17T11:37:47","modified_gmt":"2021-09-17T14:37:47","slug":"trt-fixa-multa-de-r-300-mil-caso-investigada-por-agredir-baba-que-pulou-de-predio-em-salvador-nao-cumpra-serie-de-ordens","status":"publish","type":"post","link":"https:\/\/www.ilheusnoticias.net.br\/v1\/2021\/09\/17\/trt-fixa-multa-de-r-300-mil-caso-investigada-por-agredir-baba-que-pulou-de-predio-em-salvador-nao-cumpra-serie-de-ordens\/","title":{"rendered":"TRT fixa multa de R$ 300 mil caso investigada por agredir bab\u00e1 que pulou de pr\u00e9dio em Salvador n\u00e3o cumpra s\u00e9rie de ordens"},"content":{"rendered":"<div class=\"row content-head non-featured \"><\/div>\n<div class=\"content__signa-share\">\n<div class=\"content__signature\"><\/div>\n<div class=\"content__share-bar\">\u00a0A Justi\u00e7a do Trabalho determinou em decis\u00e3o liminar que Melina Esteves Fran\u00e7a, investigada por agredir a\u00a0<a href=\"https:\/\/g1.globo.com\/ba\/bahia\/noticia\/2021\/09\/02\/video-mostra-momento-em-que-baba-e-agredida-por-ex-patroa-em-salvador-vitima-pulou-do-3-andar-para-fugir-de-apartamento.ghtml\">bab\u00e1 que pulou do terceiro andar de um pr\u00e9dio de Salvador<\/a>\u00a0e por submeter ao menos duas trabalhadoras a condi\u00e7\u00f5es an\u00e1logas \u00e0 de escravos, cumpra uma s\u00e9rie de obriga\u00e7\u00f5es trabalhistas, sob pena de multa de mais de R$ 300 mil. A mulher \u00e9 investigada por viol\u00eancia dom\u00e9stica contra outras 11 ex-funcion\u00e1rias.<\/div>\n<\/div>\n<div class=\"mc-article-body\">\n<article>\n<div class=\"wall protected-content\">\n<div class=\"mc-column content-text active-extra-styles \" data-block-type=\"unstyled\" data-block-weight=\"67\" data-block-id=\"2\">\n<p class=\"content-text__container \" data-track-category=\"Link no Texto\" data-track-links=\"\">A decis\u00e3o foi tomada na quinta-feira (16), pela ju\u00edza Marilia Sacramento, da 6\u00aa Vara do Trabalho da Justi\u00e7a de Salvador, um dia ap\u00f3s o\u00a0<a href=\"https:\/\/g1.globo.com\/ba\/bahia\/noticia\/2021\/09\/16\/investigada-por-agredir-baba-que-pulou-de-predio-em-salvador-e-processada-pelo-mpt-por-trabalho-escravo.ghtml\">Minist\u00e9rio P\u00fablico do Trabalho (MPT) entrar com a\u00e7\u00e3o contra Melina<\/a>. O processo, apesar de ter liga\u00e7\u00e3o com o caso da bab\u00e1, se refere \u00e0 acusa\u00e7\u00e3o, por parte do MPT, de que Melina submeteu duas empregadas dom\u00e9sticas \u00e0 condi\u00e7\u00e3o de trabalho an\u00e1logo \u00e0 escravid\u00e3o.<\/p>\n<\/div>\n<div class=\"mc-column content-text active-extra-styles \" data-block-type=\"unstyled\" data-block-weight=\"49\" data-block-id=\"3\">\n<p class=\"content-text__container \" data-track-category=\"Link no Texto\" data-track-links=\"\">Segundo a\u00e7\u00e3o do MPT, as pr\u00e1ticas da mulher contra Domingas Oliveira dos Santos e Raiana Ribeiro da Silva re\u00fanem todos os elementos de que havia trabalho escravo. Os auditores da Superintend\u00eancia Regional do Trabalho indicam a mesma acusa\u00e7\u00e3o e pedem aplica\u00e7\u00e3o de uma s\u00e9rie de multas administrativas pelas irregularidades.<\/p>\n<\/div>\n<div class=\"mc-column content-text active-extra-styles \" data-block-type=\"unstyled\" data-block-weight=\"33\" data-block-id=\"4\">\n<p class=\"content-text__container \" data-track-category=\"Link no Texto\" data-track-links=\"\">Entre as ordens que Melina Esteves Fran\u00e7a ter\u00e1 que cumprir est\u00e1 ter que informar ao MPT, por 10 anos, a lista com os nomes de cada novo trabalhador dom\u00e9stico que ela contratar.<\/p>\n<\/div>\n<div class=\"mc-column content-text active-extra-styles \" data-block-type=\"unstyled\" data-block-weight=\"79\" data-block-id=\"5\">\n<p class=\"content-text__container \" data-track-category=\"Link no Texto\" data-track-links=\"\">Na decis\u00e3o, a ju\u00edza determina que seja aplicada multade R$ 300 mil por cada trabalhador submetido a condi\u00e7\u00e3o an\u00e1loga \u00e0 de escravo, na hip\u00f3tese dela infringir uma das obriga\u00e7\u00f5es impiostas, que \u00e9 a de: &#8220;Abster-se de manter empregado dom\u00e9stico trabalhando sob condi\u00e7\u00f5es contr\u00e1rias \u00e0s disposi\u00e7\u00f5es de prote\u00e7\u00e3o do trabalho, submetendo-o a regime de trabalho for\u00e7ado, \u00e0 jornada exaustiva, \u00e0 restri\u00e7\u00e3o de locomo\u00e7\u00e3o, a trabalho degradante ou o reduzindo, em qualquer das suas formas, \u00e0 condi\u00e7\u00e3o an\u00e1loga \u00e0 de escravo&#8221;.<\/p>\n<\/div>\n<div class=\"mc-column content-text active-extra-styles \" data-block-type=\"unstyled\" data-block-weight=\"48\" data-block-id=\"6\">\n<p class=\"content-text__container \" data-track-category=\"Link no Texto\" data-track-links=\"\">Estabeleceu ainda multa de R$ 50 mil, caso ela descumpra a ordem de informar por 10 anos a lista de empregados dom\u00e9sticos que ela contratar; e al\u00e9m de multa de R$ 1 mil para cada uma das outras 21 determina\u00e7\u00f5es que a ju\u00edza estabeleceu.\u00a0<strong><em>[veja lista completa abaixo]<\/em><\/strong><\/p>\n<\/div>\n<div class=\"content-ads content-ads--reveal\" data-block-type=\"ads\" data-block-id=\"7\">\n<div id=\"banner_materia2\" class=\"tag-manager-publicidade-container mc-has-reveal mc-has-ad-lazyload tag-manager-publicidade-banner_materia2 tag-manager-publicidade-container--carregado tag-manager-publicidade-container--visivel\" data-id=\"banner_materia2\" data-req=\"true\" data-google-query-id=\"CP2WqsadhvMCFXMtuQYdheYDnQ\" data-cid=\"138362574166\" data-lid=\"5780358657\">\n<div id=\"google_ads_iframe_\/95377733\/tvg_G1\/Sua_Regiao&gt;Nordeste&gt;Bahia_3__container__\" style=\"box-sizing: inherit; margin: auto; padding: 0px; border: 0pt none; font: inherit; vertical-align: initial; max-width: 100%; text-align: center; width: 970px; height: 150px;\"><iframe loading=\"lazy\" id=\"google_ads_iframe_\/95377733\/tvg_G1\/Sua_Regiao&gt;Nordeste&gt;Bahia_3\" style=\"box-sizing: inherit; margin: 0px; padding: 0px; border: 0px; font: inherit; vertical-align: bottom;\" title=\"3rd party ad content\" src=\"https:\/\/tpc.googlesyndication.com\/safeframe\/1-0-38\/html\/container.html\" name=\"\" width=\"970\" height=\"150\" frameborder=\"0\" marginwidth=\"0\" marginheight=\"0\" scrolling=\"no\" sandbox=\"allow-forms allow-popups allow-popups-to-escape-sandbox allow-same-origin allow-scripts allow-top-navigation-by-user-activation\" data-is-safeframe=\"true\" data-google-container-id=\"7\" data-load-complete=\"true\"><\/iframe><\/div>\n<\/div>\n<\/div>\n<div class=\"mc-column content-text active-extra-styles \" data-block-type=\"unstyled\" data-block-weight=\"67\" data-block-id=\"8\">\n<p class=\"content-text__container \" data-track-category=\"Link no Texto\" data-track-links=\"\">Na decis\u00e3o, a ju\u00edza destaca que &#8220;as situa\u00e7\u00f5es demonstradas exp\u00f5em a faceta mais nefasta da maldade humana, em suas express\u00f5es mais perversas, de desprezo \u00e0 vida, \u00e0 empatia e \u00e0s condi\u00e7\u00f5es humanas. Cumpre ao Poder Judici\u00e1rio, no exerc\u00edcio do seu papel de pacificador social e garantidor da lei, o dever de responder \u00e0 altura as pr\u00e1ticas delinquentes, fazendo-as cessar t\u00e3o logo tome conhecimento da sua ocorr\u00eancia\u201d.<\/p>\n<\/div>\n<div class=\"mc-column content-text active-extra-styles \" data-block-type=\"unstyled\" data-block-weight=\"25\" data-block-id=\"9\">\n<p class=\"content-text__container \" data-track-category=\"Link no Texto\" data-track-links=\"\">Ela diz ainda que os fatos apresentados pelo MPT \u201cn\u00e3o violam apenas a esfera privada das v\u00edtimas diretas, mas representam verdadeiro atentado contra a humanidade.\u201d<\/p>\n<\/div>\n<div class=\"mc-column content-text active-extra-styles\" data-block-type=\"raw\" data-block-weight=\"8\" data-block-id=\"10\">\n<div class=\"content-intertitle\">\n<h2>Lista de obriga\u00e7\u00f5es que investigada ter\u00e1 que cumprir<\/h2>\n<\/div>\n<\/div>\n<div class=\"mc-column content-text active-extra-styles\" data-block-type=\"raw\" data-block-weight=\"45\" data-block-id=\"11\">\n<ul class=\"content-unordered-list\">\n<li>Abster-se de manter empregado dom\u00e9stico trabalhando sob condi\u00e7\u00f5es contr\u00e1rias \u00e0s disposi\u00e7\u00f5es de prote\u00e7\u00e3o do trabalho, submetendo-o a regime de trabalho for\u00e7ado, \u00e0 jornada exaustiva, \u00e0 restri\u00e7\u00e3o de locomo\u00e7\u00e3o, a trabalho degradante ou o reduzindo, em qualquer das suas formas, \u00e0 condi\u00e7\u00e3o an\u00e1loga \u00e0 de escravo<\/li>\n<\/ul>\n<\/div>\n<div class=\"mc-column content-text active-extra-styles\" data-block-type=\"raw\" data-block-weight=\"23\" data-block-id=\"12\">\n<ul class=\"content-unordered-list\">\n<li>Abster-se de admitir ou manter empregado dom\u00e9stico sem o respectivo registro eletr\u00f4nico no Sistema de Escritura\u00e7\u00e3o Digital das Obriga\u00e7\u00f5es Fiscais, Previdenci\u00e1rias e Trabalhistas<\/li>\n<\/ul>\n<\/div>\n<div class=\"mc-column content-text active-extra-styles\" data-block-type=\"raw\" data-block-weight=\"20\" data-block-id=\"13\">\n<ul class=\"content-unordered-list\">\n<li>Anotar a CTPS do empregado dom\u00e9stico, no prazo de 48 (quarenta e oito) horas, contado do in\u00edcio da presta\u00e7\u00e3o laboral<\/li>\n<\/ul>\n<\/div>\n<div class=\"mc-column content-text active-extra-styles\" data-block-type=\"raw\" data-block-weight=\"22\" data-block-id=\"14\">\n<ul class=\"content-unordered-list\">\n<li>Consignar em registro mec\u00e2nico, manual ou sistema eletr\u00f4nico, os hor\u00e1rios de entrada, sa\u00edda e per\u00edodo de repouso efetivamente praticados pelo empregado dom\u00e9stico<\/li>\n<\/ul>\n<\/div>\n<div class=\"mc-column content-text active-extra-styles\" data-block-type=\"raw\" data-block-weight=\"29\" data-block-id=\"15\">\n<ul class=\"content-unordered-list\">\n<li>Respeitar os limites constitucionais e legais de dura\u00e7\u00e3o normal da jornada de trabalho do empregado dom\u00e9stico, quais sejam, 8 (oito) horas di\u00e1rias e 44 (quarenta e quatro) horas semanais<\/li>\n<\/ul>\n<\/div>\n<div class=\"mc-column content-text active-extra-styles\" data-block-type=\"raw\" data-block-weight=\"24\" data-block-id=\"16\">\n<ul class=\"content-unordered-list\">\n<li>Abster-se de prorrogar a jornada normal de trabalho do empregado dom\u00e9stico, al\u00e9m do limite legal de 2 (duas) horas di\u00e1rias, sem qualquer justificativa legal<\/li>\n<\/ul>\n<\/div>\n<div class=\"mc-column content-text active-extra-styles\" data-block-type=\"raw\" data-block-weight=\"17\" data-block-id=\"17\">\n<ul class=\"content-unordered-list\">\n<li>Conceder ao empregado dom\u00e9stico um descanso semanal de 24 (vinte e quatro) horas consecutivas ou em feriados.<\/li>\n<\/ul>\n<\/div>\n<div class=\"mc-column content-text active-extra-styles\" data-block-type=\"raw\" data-block-weight=\"18\" data-block-id=\"18\">\n<ul class=\"content-unordered-list\">\n<li>Conceder per\u00edodo m\u00ednimo de 11 (onze) horas consecutivas para descanso entre duas jornadas de trabalho de empregado dom\u00e9stico.<\/li>\n<\/ul>\n<\/div>\n<div class=\"mc-column content-text active-extra-styles\" data-block-type=\"raw\" data-block-weight=\"32\" data-block-id=\"19\">\n<ul class=\"content-unordered-list\">\n<li>Conceder a empregado dom\u00e9stico intervalo para repouso ou alimenta\u00e7\u00e3o de, no m\u00ednimo, 1 (uma) hora e, no m\u00e1ximo, 2 (duas) horas, em qualquer trabalho cont\u00ednuo cuja dura\u00e7\u00e3o exceda de 6 (seis) horas<\/li>\n<\/ul>\n<\/div>\n<div class=\"content-ads content-ads--reveal\" data-block-type=\"ads\" data-block-id=\"20\">\n<div id=\"banner_materia__bf0284fe-3407-4a3d-b658-b6bf7d93cd89\" class=\"tag-manager-publicidade-container mc-has-reveal mc-has-ad-lazyload tag-manager-publicidade-banner_materia__bf0284fe-3407-4a3d-b658-b6bf7d93cd89 tag-manager-publicidade-container--carregado tag-manager-publicidade-container--visivel\" data-id=\"banner_materia__bf0284fe-3407-4a3d-b658-b6bf7d93cd89\" data-req=\"true\" data-google-query-id=\"CKmtpcadhvMCFcktuQYd-UQK6A\" data-cid=\"138362574166\" data-lid=\"5780358657\">\n<div id=\"google_ads_iframe_\/95377733\/tvg_G1\/Sua_Regiao&gt;Nordeste&gt;Bahia_4__container__\" style=\"box-sizing: inherit; margin: auto; padding: 0px; border: 0pt none; font: inherit; vertical-align: initial; max-width: 100%; text-align: center; width: 970px; height: 150px;\"><iframe loading=\"lazy\" id=\"google_ads_iframe_\/95377733\/tvg_G1\/Sua_Regiao&gt;Nordeste&gt;Bahia_4\" style=\"box-sizing: inherit; margin: 0px; padding: 0px; border: 0px; font: inherit; vertical-align: bottom;\" title=\"3rd party ad content\" src=\"https:\/\/tpc.googlesyndication.com\/safeframe\/1-0-38\/html\/container.html\" name=\"\" width=\"970\" height=\"150\" frameborder=\"0\" marginwidth=\"0\" marginheight=\"0\" scrolling=\"no\" sandbox=\"allow-forms allow-popups allow-popups-to-escape-sandbox allow-same-origin allow-scripts allow-top-navigation-by-user-activation\" data-is-safeframe=\"true\" data-google-container-id=\"5\" data-load-complete=\"true\"><\/iframe><\/div>\n<\/div>\n<\/div>\n<div class=\"mc-column content-text active-extra-styles\" data-block-type=\"raw\" data-block-weight=\"33\" data-block-id=\"21\">\n<ul class=\"content-unordered-list\">\n<li>Abster-se de reduzir intervalo para repouso ou alimenta\u00e7\u00e3o de empregado dom\u00e9stico para menos de 1 (uma) hora, respeitado o limite m\u00ednimo de 30 minutos, sem previs\u00e3o em acordo escrito entre empregado e empregador<\/li>\n<\/ul>\n<\/div>\n<div class=\"mc-column content-text active-extra-styles\" data-block-type=\"raw\" data-block-weight=\"49\" data-block-id=\"22\">\n<ul class=\"content-unordered-list\">\n<li>Abster-se de conceder a empregado dom\u00e9stico que reside no local de trabalho intervalo para repouso ou alimenta\u00e7\u00e3o desmembrado em mais de 2 (dois) per\u00edodos ou com dura\u00e7\u00e3o entre os 2 (dois) per\u00edodos inferiores a 1 (uma) hora ou, ainda, com mais de 4 (quatro) horas ao dia entre eles.<\/li>\n<\/ul>\n<\/div>\n<div class=\"mc-column content-text active-extra-styles\" data-block-type=\"raw\" data-block-weight=\"14\" data-block-id=\"23\">\n<ul class=\"content-unordered-list\">\n<li>Abster-se de manter empregado dom\u00e9stico trabalhando durante o per\u00edodo destinado ao repouso ou alimenta\u00e7\u00e3o<\/li>\n<\/ul>\n<\/div>\n<div class=\"mc-column content-text active-extra-styles\" data-block-type=\"raw\" data-block-weight=\"10\" data-block-id=\"24\">\n<ul class=\"content-unordered-list\">\n<li>Conceder ao empregado dom\u00e9stico f\u00e9rias anuais a que fez jus.<\/li>\n<\/ul>\n<\/div>\n<div class=\"mc-column content-text active-extra-styles\" data-block-type=\"raw\" data-block-weight=\"13\" data-block-id=\"25\">\n<ul class=\"content-unordered-list\">\n<li>Conceder f\u00e9rias ao empregado dom\u00e9stico nos 12 (doze) meses seguintes ao per\u00edodo aquisitivo<\/li>\n<\/ul>\n<\/div>\n<div class=\"mc-column content-text active-extra-styles\" data-block-type=\"raw\" data-block-weight=\"21\" data-block-id=\"26\">\n<ul class=\"content-unordered-list\">\n<li>Assegurar ao empregado dom\u00e9stico, durante as f\u00e9rias, a remunera\u00e7\u00e3o devida na data da sua concess\u00e3o, acrescida de 1\/3 &#8211; um ter\u00e7o<\/li>\n<\/ul>\n<\/div>\n<div class=\"mc-column content-text active-extra-styles\" data-block-type=\"raw\" data-block-weight=\"31\" data-block-id=\"27\">\n<ul class=\"content-unordered-list\">\n<li>Pagar em dobro a remunera\u00e7\u00e3o, quando as f\u00e9rias do empregado dom\u00e9stico forem concedidas ap\u00f3s o prazo de 12 (doze) meses subsequentes \u00e0 data em que o empregado tiver adquirido o direito<\/li>\n<\/ul>\n<\/div>\n<div class=\"mc-column content-text active-extra-styles\" data-block-type=\"raw\" data-block-weight=\"21\" data-block-id=\"28\">\n<ul class=\"content-unordered-list\">\n<li>Efetuar, at\u00e9 o dia 7 (sete) do m\u00eas subsequente ao vencido, o pagamento integral do sal\u00e1rio mensal devido ao empregado dom\u00e9stico<\/li>\n<\/ul>\n<\/div>\n<div class=\"mc-column content-text active-extra-styles\" data-block-type=\"raw\" data-block-weight=\"16\" data-block-id=\"29\">\n<ul class=\"content-unordered-list\">\n<li>Abster-se de efetuar o pagamento do sal\u00e1rio do empregado dom\u00e9stico, sem a devida formaliza\u00e7\u00e3o do recibo<\/li>\n<\/ul>\n<\/div>\n<div class=\"mc-column content-text active-extra-styles\" data-block-type=\"raw\" data-block-weight=\"11\" data-block-id=\"30\">\n<ul class=\"content-unordered-list\">\n<li>Depositar mensalmente o percentual referente ao FGTS, relativo a empregado dom\u00e9stico<\/li>\n<\/ul>\n<\/div>\n<div class=\"mc-column content-text active-extra-styles\" data-block-type=\"raw\" data-block-weight=\"24\" data-block-id=\"31\">\n<ul class=\"content-unordered-list\">\n<li>Efetuar o pagamento do 13\u00ba (d\u00e9cimo terceiro) sal\u00e1rio de empregado dom\u00e9stico at\u00e9 o dia 20 (vinte) de dezembro de cada ano, no valor legal<\/li>\n<\/ul>\n<\/div>\n<div class=\"mc-column content-text active-extra-styles\" data-block-type=\"raw\" data-block-weight=\"33\" data-block-id=\"32\">\n<ul class=\"content-unordered-list\">\n<li>Efetuar o pagamento, a t\u00edtulo de adiantamento do 13\u00ba (d\u00e9cimo terceiro) sal\u00e1rio, entre os meses de fevereiro e novembro de cada ano, da metade do sal\u00e1rio recebido pelo empregado dom\u00e9stico no m\u00eas anterior.<\/li>\n<\/ul>\n<\/div>\n<div class=\"mc-column content-text active-extra-styles\" data-block-type=\"raw\" data-block-weight=\"139\" data-block-id=\"33\">\n<ul class=\"content-unordered-list\">\n<li>Informar ao Minist\u00e9rio P\u00fablico do Trabalho, nos autos do IC n.1614.2021.05.000, por meio de peticionamento eletr\u00f4nico, a contrata\u00e7\u00e3o de cada novo trabalhador dom\u00e9stico, no prazo de 5 dias do in\u00edcio efetivo da presta\u00e7\u00e3o do servi\u00e7o, informa\u00e7\u00e3o que deve ser atualizada a cada contrata\u00e7\u00e3o e em intervalos peri\u00f3dicos nas datas de 10 de mar\u00e7o e 10 setembro, durante o per\u00edodo de 10(dez) anos, devendo apresentar a rela\u00e7\u00e3o de trabalhadoras (es) contratadas (os) para a presta\u00e7\u00e3o do trabalho dom\u00e9stico, a qualquer t\u00edtulo, rela\u00e7\u00e3o que deve ser acompanhada da qualifica\u00e7\u00e3o: nome completo, CPF, endere\u00e7o, e-mail e telefone celular e\/ou fixo para contato. Requer-se a extens\u00e3o da obriga\u00e7\u00e3o para fins de que se apresente informa\u00e7\u00f5es em rela\u00e7\u00e3o \u00e0s (aos) trabalhadoras (es) que prestem servi\u00e7o em eventual resid\u00eancia habitada pela parte r\u00e9, ainda que o v\u00ednculo empregat\u00edcio n\u00e3o seja estabelecido diretamente com a R\u00e9.<\/li>\n<\/ul>\n<\/div>\n<div class=\"content-ads content-ads--reveal\" data-block-type=\"ads\" data-block-id=\"34\">\n<div id=\"banner_materia__913f7753-f262-4028-a2b4-c4cbc84375da\" class=\"tag-manager-publicidade-container mc-has-reveal mc-has-ad-lazyload tag-manager-publicidade-banner_materia__913f7753-f262-4028-a2b4-c4cbc84375da tag-manager-publicidade-container--carregado tag-manager-publicidade-container--visivel\" data-id=\"banner_materia__913f7753-f262-4028-a2b4-c4cbc84375da\" data-req=\"true\" data-google-query-id=\"CMTVqMadhvMCFboFuQYdTGcEaA\" data-cid=\"138362574166\" data-lid=\"5780358657\">\n<div id=\"google_ads_iframe_\/95377733\/tvg_G1\/Sua_Regiao&gt;Nordeste&gt;Bahia_5__container__\" style=\"box-sizing: inherit; margin: auto; padding: 0px; border: 0pt none; font: inherit; vertical-align: initial; max-width: 100%; text-align: center; width: 970px; height: 150px;\"><iframe loading=\"lazy\" id=\"google_ads_iframe_\/95377733\/tvg_G1\/Sua_Regiao&gt;Nordeste&gt;Bahia_5\" style=\"box-sizing: inherit; margin: 0px; padding: 0px; border: 0px; font: inherit; vertical-align: bottom;\" title=\"3rd party ad content\" src=\"https:\/\/tpc.googlesyndication.com\/safeframe\/1-0-38\/html\/container.html\" name=\"\" width=\"970\" height=\"150\" frameborder=\"0\" marginwidth=\"0\" marginheight=\"0\" scrolling=\"no\" sandbox=\"allow-forms allow-popups allow-popups-to-escape-sandbox allow-same-origin allow-scripts allow-top-navigation-by-user-activation\" data-is-safeframe=\"true\" data-google-container-id=\"6\" data-load-complete=\"true\"><\/iframe><\/div>\n<\/div>\n<\/div>\n<div class=\"mc-column content-text active-extra-styles\" data-block-type=\"raw\" data-block-weight=\"3\" data-block-id=\"35\">\n<div class=\"content-intertitle\">\n<h2>Relembre o caso<\/h2>\n<\/div>\n<\/div>\n<div class=\"bs-video-block mc-column  content-media content-video\" data-block-type=\"backstage-video\" data-block-id=\"36\">\n<div class=\"content-media__container\">\n<div class=\"content-video__bigger-player-description-fixer\">\n<article class=\"content-video\">\n<section class=\"content-video__video-container\">\n<div class=\"content-video__video\">\n<div class=\"content-video__placeholder\" data-video-id=\"9803315\"><img class=\"content-video__placeholder__thumb\" title=\"Bab\u00e1 pula de pr\u00e9dio na Bahia: veja o que se sabe sobre o caso\" src=\"https:\/\/s04.video.glbimg.com\/x240\/9803315.jpg\" alt=\"Bab\u00e1 pula de pr\u00e9dio na Bahia: veja o que se sabe sobre o caso\" \/><\/div>\n<div id=\"wp3-player-2\" class=\"clappr-player\" tabindex=\"9999\" data-player=\"\">\n<div class=\"dfp-ad-overlay dfp-ad-overlay--poster-mode\">\n<div><iframe loading=\"lazy\" src=\"https:\/\/imasdk.googleapis.com\/js\/core\/bridge3.480.1_pt_br.html#goog_1526139884\" width=\"300\" height=\"150\" allowfullscreen=\"allowfullscreen\"><\/iframe><\/div>\n<\/div>\n<div class=\"container-overlay\"><\/div>\n<div class=\"drawer-header drawer-header--hidden\"><\/div>\n<div class=\"container master-container pointer-enabled\" data-container=\"\" data-pip=\"\">\n<div class=\"poster\"><\/div>\n<div class=\"id-playback\" data-id-playback=\"\"><video id=\"c75\" poster=\"https:\/\/s04.video.glbimg.com\/x720\/9803315.jpg\" preload=\"none\" width=\"300\" height=\"150\" data-html5-video=\"\"><\/video><\/div>\n<\/div>\n<div class=\"media-control media-control-hide\">\n<div class=\"media-control-panel\">\n<div class=\"media-control-panel__back-layer\"><\/div>\n<div class=\"media-control-panel__upper\"><\/div>\n<div class=\"media-control-panel__middle\"><\/div>\n<div class=\"media-control-panel__between\"><\/div>\n<div class=\"media-control-panel__lower\" data-controls=\"\">\n<div class=\"media-control-position__center\"><\/div>\n<div class=\"opposites-container\">\n<div class=\"media-control-position__left\"><button class=\"media-control-button play media-control-element\" data-playpause=\"\"><\/button><\/p>\n<div class=\"time-indicator media-control-element\"><span data-position=\"\">00:00<\/span><span class=\"separator\">\/<\/span><span data-duration=\"\">03:09<\/span><\/div>\n<\/div>\n<div class=\"media-control-position__between\"><\/div>\n<div class=\"media-control-position__right\"><\/div>\n<\/div>\n<\/div>\n<div class=\"media-control-panel__front-layer\"><\/div>\n<div class=\"media-control-panel__modal\"><\/div>\n<\/div>\n<\/div>\n<\/div>\n<\/div>\n<\/section>\n<\/article>\n<\/div>\n<p class=\"content-media__description\">Bab\u00e1 pula de pr\u00e9dio na Bahia: veja o que se sabe sobre o caso<\/p>\n<\/div>\n<\/div>\n<div class=\"mc-column content-text active-extra-styles \" data-block-type=\"unstyled\" data-block-weight=\"45\" data-block-id=\"37\">\n<p class=\"content-text__container \" data-track-category=\"Link no Texto\" data-track-links=\"\">A bab\u00e1 Raiana Ribeiro, de 25 anos,\u00a0<a href=\"https:\/\/g1.globo.com\/ba\/bahia\/noticia\/2021\/08\/25\/baba-se-joga-de-3-andar-de-predio-em-salvador-policia-investiga-carcere-privado-cometido-pela-patroa.ghtml\">pulou do terceiro andar de um pr\u00e9dio<\/a>, no bairro do Imbu\u00ed, em Salvador, para fugir de agress\u00f5es e de um c\u00e1rcere privado. A agressora, identificada como Melina Esteves Fran\u00e7a, \u00e9\u00a0<a href=\"https:\/\/g1.globo.com\/ba\/bahia\/noticia\/2021\/08\/31\/ao-menos-12-pessoas-ja-registraram-queixa-contra-patroa-de-baba-que-pulou-do-3-andar-para-fugir-de-agressoes-em-salvador.ghtml\">investigada por viol\u00eancia dom\u00e9stica contra outras 11 ex-funcion\u00e1rias<\/a>.<\/p>\n<\/div>\n<div class=\"mc-column content-text active-extra-styles\" data-block-type=\"raw\" data-block-weight=\"43\" data-block-id=\"38\">\n<ul class=\"content-unordered-list\">\n<li><a href=\"https:\/\/g1.globo.com\/ba\/bahia\/noticia\/2021\/08\/27\/trabalho-analogo-a-escravidao-juiza-da-bahia-explica-termo-como-denunciar-indenizacoes-e-prisao.ghtml\"><strong>Trabalho an\u00e1logo \u00e0 escravid\u00e3o: saiba como denunciar crime<\/strong><\/a><\/li>\n<li><a href=\"https:\/\/g1.globo.com\/ba\/bahia\/noticia\/2021\/09\/02\/video-mostra-momento-em-que-baba-e-agredida-por-ex-patroa-em-salvador-vitima-pulou-do-3-andar-para-fugir-de-apartamento.ghtml\"><strong>V\u00eddeo mostra momento em que bab\u00e1 \u00e9 agredida por ex-patroa em Salvador<\/strong><\/a><\/li>\n<li><a href=\"https:\/\/g1.globo.com\/ba\/bahia\/noticia\/2021\/08\/26\/video-mostra-baba-entre-apartamentos-apos-pular-para-fugir-da-patroa-ex-funcionarias-relatam-falta-de-pagamentos.ghtml\"><strong>V\u00eddeo: Vizinhos registraram bab\u00e1 ap\u00f3s pular de apartamento<\/strong><\/a><\/li>\n<li><a href=\"https:\/\/g1.globo.com\/ba\/bahia\/noticia\/2021\/09\/02\/baba-que-foi-agredida-por-patroa-em-salvador-chegou-a-desmaiar-e-cair-em-cima-de-crianca-veja-video.ghtml\"><strong>Bab\u00e1 que foi agredida por patroa chegou a desmaiar e cair em cima de crian\u00e7a<\/strong><\/a><\/li>\n<\/ul>\n<\/div>\n<div class=\"mc-column content-text active-extra-styles \" data-block-type=\"unstyled\" data-block-weight=\"18\" data-block-id=\"39\">\n<p class=\"content-text__container \" data-track-category=\"Link no Texto\" data-track-links=\"\">A bab\u00e1 foi registrada andando entre os edif\u00edcios ap\u00f3s sair do apartamento pela janela do banheiro.\u00a0<a href=\"https:\/\/g1.globo.com\/ba\/bahia\/noticia\/2021\/08\/26\/video-mostra-baba-entre-apartamentos-apos-pular-para-fugir-da-patroa-ex-funcionarias-relatam-falta-de-pagamentos.ghtml\"><strong>(Assista aqui)<\/strong><\/a><\/p>\n<\/div>\n<div class=\"mc-column content-text active-extra-styles \" data-block-type=\"unstyled\" data-block-weight=\"60\" data-block-id=\"40\">\n<p class=\"content-text__container \" data-track-category=\"Link no Texto\" data-track-links=\"\">Imagens<a href=\"https:\/\/g1.globo.com\/ba\/bahia\/noticia\/2021\/09\/02\/baba-que-foi-agredida-por-patroa-em-salvador-chegou-a-desmaiar-e-cair-em-cima-de-crianca-veja-video.ghtml\">\u00a0mostraram a funcion\u00e1ria desmaiando<\/a>\u00a0ap\u00f3s uma s\u00e9rie de pancadas. Depois de uma sequ\u00eancia de tapas, socos, chutes e pux\u00f5es de cabelos, Raiana levanta e se aproxima de uma porta de vidro para respirar. Ela se desequilibra e cai desacordada. Durante a queda, a bab\u00e1 chega a se chocar contra uma das filhas de Melina, que tamb\u00e9m cai no ch\u00e3o.<\/p>\n<\/div>\n<div class=\"mc-column content-text active-extra-styles \" data-block-type=\"unstyled\" data-block-weight=\"20\" data-block-id=\"41\">\n<p class=\"content-text__container \" data-track-category=\"Link no Texto\" data-track-links=\"\">Em 3 de setembro, Raiana disse que desmaiou ap\u00f3s ser atacada porque, al\u00e9m da viol\u00eancia, ficava sem comer no trabalho.<\/p>\n<\/div>\n<div class=\"mc-column content-text active-extra-styles \" data-block-type=\"unstyled\" data-block-weight=\"34\" data-block-id=\"42\">\n<p class=\"content-text__container \" data-track-category=\"Link no Texto\" data-track-links=\"\">No mesmo dia, Melina Esteves Fran\u00e7a deixou o apartamento onde ela mora, no bairro do Imbu\u00ed, em Salvador,\u00a0<a href=\"https:\/\/g1.globo.com\/ba\/bahia\/noticia\/2021\/09\/03\/patroa-suspeita-de-agredir-e-manter-baba-em-carcere-privado-em-salvador-deixa-apartamento-sob-vaias-e-escoltada-pela-policia.ghtml\">sob vaias de moradores e escoltada por policiais civis<\/a>, para prestar depoimento e depois foi liberada.<\/p>\n<\/div>\n<div class=\"content-ads content-ads--reveal\" data-block-type=\"ads\" data-block-id=\"43\">\n<div id=\"banner_materia__d497b1e4-95a0-4da4-9e04-71e3d72f9935\" class=\"tag-manager-publicidade-container mc-has-reveal mc-has-ad-lazyload tag-manager-publicidade-banner_materia__d497b1e4-95a0-4da4-9e04-71e3d72f9935 tag-manager-publicidade-container--carregado tag-manager-publicidade-container--visivel\" data-id=\"banner_materia__d497b1e4-95a0-4da4-9e04-71e3d72f9935\" data-req=\"true\" data-google-query-id=\"CLiJrcadhvMCFUMGuQYdJlcKVg\" data-cid=\"138363095849\" data-lid=\"5784200137\">\n<div id=\"google_ads_iframe_\/95377733\/tvg_G1\/Sua_Regiao&gt;Nordeste&gt;Bahia_6__container__\" style=\"box-sizing: inherit; margin: auto; padding: 0px; border: 0pt none; font: inherit; vertical-align: initial; max-width: 100%; text-align: center; width: 970px; height: 250px;\"><iframe loading=\"lazy\" id=\"google_ads_iframe_\/95377733\/tvg_G1\/Sua_Regiao&gt;Nordeste&gt;Bahia_6\" style=\"box-sizing: inherit; margin: 0px; padding: 0px; border: 0px; font: inherit; vertical-align: bottom;\" title=\"3rd party ad content\" src=\"https:\/\/tpc.googlesyndication.com\/safeframe\/1-0-38\/html\/container.html\" name=\"\" width=\"970\" height=\"250\" frameborder=\"0\" marginwidth=\"0\" marginheight=\"0\" scrolling=\"no\" sandbox=\"allow-forms allow-popups allow-popups-to-escape-sandbox allow-same-origin allow-scripts allow-top-navigation-by-user-activation\" data-is-safeframe=\"true\" data-google-container-id=\"8\" data-load-complete=\"true\"><\/iframe><\/div>\n<\/div>\n<\/div>\n<div class=\"mc-column content-text active-extra-styles \" data-block-type=\"unstyled\" data-block-weight=\"26\" data-block-id=\"44\">\n<p class=\"content-text__container \" data-track-category=\"Link no Texto\" data-track-links=\"\"><em>Em entrevista ao Fant\u00e1stico, Raiana falou sobre a rotina de agress\u00f5es vividas dentro do apartamento de Melina Fran\u00e7a. &#8216;Era muita maldade&#8217;, desabafou a bab\u00e1.\u00a0<\/em><strong><em>(Assista abaixo)<\/em><\/strong><\/p>\n<\/div>\n<div class=\"bs-video-block mc-column  content-media content-video\" data-block-type=\"backstage-video\" data-block-id=\"45\">\n<div class=\"content-media__container\">\n<div class=\"content-video__bigger-player-description-fixer\">\n<article class=\"content-video\">\n<section class=\"content-video__video-container\">\n<div class=\"content-video__video\">\n<div class=\"content-video__placeholder\" data-video-id=\"9811397\"><img class=\"content-video__placeholder__thumb\" title=\"'Era muita maldade', diz bab\u00e1 que pulou do 3\u00ba andar de um pr\u00e9dio para fugir de patroa\" src=\"https:\/\/s02.video.glbimg.com\/x240\/9811397.jpg\" alt=\"'Era muita maldade', diz bab\u00e1 que pulou do 3\u00ba andar de um pr\u00e9dio para fugir de patroa\" \/><\/div>\n<div id=\"wp3-player-3\" class=\"clappr-player\" tabindex=\"9999\" data-player=\"\">\n<div class=\"dfp-ad-overlay dfp-ad-overlay--poster-mode\">\n<div><iframe loading=\"lazy\" src=\"https:\/\/imasdk.googleapis.com\/js\/core\/bridge3.480.1_pt_br.html#goog_1526139887\" width=\"300\" height=\"150\" allowfullscreen=\"allowfullscreen\"><\/iframe><\/div>\n<\/div>\n<div class=\"container-overlay\"><\/div>\n<div class=\"drawer-header drawer-header--hidden\"><\/div>\n<div class=\"container master-container pointer-enabled\" data-container=\"\" data-pip=\"\">\n<div class=\"poster\"><\/div>\n<div class=\"id-playback\" data-id-playback=\"\"><video id=\"c116\" poster=\"https:\/\/s02.video.glbimg.com\/x240\/9811397.jpg\" preload=\"none\" width=\"300\" height=\"150\" data-html5-video=\"\"><\/video><\/div>\n<\/div>\n<div class=\"media-control media-control-hide\">\n<div class=\"media-control-panel\">\n<div class=\"media-control-panel__back-layer\"><\/div>\n<div class=\"media-control-panel__upper\"><\/div>\n<div class=\"media-control-panel__middle\"><\/div>\n<div class=\"media-control-panel__between\"><\/div>\n<div class=\"media-control-panel__lower\" data-controls=\"\">\n<div class=\"media-control-position__center\"><\/div>\n<div class=\"opposites-container\">\n<div class=\"media-control-position__left\"><button class=\"media-control-button play media-control-element\" data-playpause=\"\"><\/button><\/p>\n<div class=\"time-indicator media-control-element\"><span data-position=\"\">&#8211;:&#8211;<\/span><span class=\"separator\">\/<\/span><span data-duration=\"\">&#8211;:&#8211;<\/span><\/div>\n<\/div>\n<div class=\"media-control-position__between\"><\/div>\n<div class=\"media-control-position__right\"><\/div>\n<\/div>\n<\/div>\n<div class=\"media-control-panel__front-layer\"><\/div>\n<div class=\"media-control-panel__modal\"><\/div>\n<\/div>\n<\/div>\n<\/div>\n<\/div>\n<\/section>\n<\/article>\n<\/div>\n<p class=\"content-media__description\">&#8216;Era muita maldade&#8217;, diz bab\u00e1 que pulou do 3\u00ba andar de um pr\u00e9dio para fugir de patroa<\/p>\n<\/div>\n<\/div>\n<div class=\"mc-column content-text active-extra-styles\" data-block-type=\"raw\" data-block-weight=\"7\" data-block-id=\"46\">\n<div class=\"content-intertitle\">\n<h2>Entenda o que ocorreu ponto a ponto<\/h2>\n<\/div>\n<\/div>\n<div class=\"mc-column content-text active-extra-styles\" data-block-type=\"raw\" data-block-weight=\"323\" data-block-id=\"47\">\n<ul class=\"content-unordered-list\">\n<li>O caso ocorreu na manh\u00e3 de 25 de agosto. Raiane Ribeiro pulou do terceiro andar para fugir de agress\u00f5es. Ela disse tamb\u00e9m que era mantida em c\u00e1rcere privado pela patroa Melina Esteves Fran\u00e7a.<\/li>\n<li>Antes de pular, Raiana chegou a enviar uma\u00a0<a href=\"https:\/\/g1.globo.com\/ba\/bahia\/noticia\/2021\/08\/25\/baba-que-pulou-do-3-andar-de-predio-em-salvador-recebe-alta-audio-revela-aflicao-por-carcere-privado-estou-sendo-agredida.ghtml\">mensagem de \u00e1udio pedindo ajuda aos familiares<\/a>\u00a0em um aplicativo de mensagens. No mesmo dia, ela\u00a0<a href=\"https:\/\/g1.globo.com\/ba\/bahia\/noticia\/2021\/08\/25\/baba-que-pulou-do-3-andar-de-predio-em-salvador-recebe-alta-audio-revela-aflicao-por-carcere-privado-estou-sendo-agredida.ghtml\">recebeu alta m\u00e9dica<\/a>, ap\u00f3s ficar internada no Hospital Geral do Estado (HGE). A jovem sofreu fraturas no p\u00e9.<\/li>\n<li>Raiana Ribeiro trabalhava como bab\u00e1 na casa de Melina h\u00e1 uma semana, cuidando das filhas trig\u00eameas dela. As crian\u00e7as t\u00eam 1 ano e 9 meses.<\/li>\n<li>No dia 26 de agosto,\u00a0<a href=\"https:\/\/g1.globo.com\/ba\/bahia\/noticia\/2021\/08\/26\/patroa-de-baba-que-pulou-do-3-andar-de-predio-para-fugir-de-apartamento-em-salvador-presta-depoimento.ghtml\">Melina prestou depoimento por cerca de seis horas<\/a>. Ao chegar no pr\u00e9dio onde mora, depois de ter sa\u00eddo da delegacia,\u00a0<a href=\"https:\/\/g1.globo.com\/ba\/bahia\/noticia\/2021\/08\/26\/mulher-investigada-por-manter-baba-em-carcere-privado-na-bahia-recebe-vaias-ao-chegar-em-casa-apos-depoimento.ghtml\">ela foi vaiada pelos vizinhos<\/a>.<\/li>\n<li>Um dia depois, ao menos quatro\u00a0<a href=\"https:\/\/g1.globo.com\/ba\/bahia\/noticia\/2021\/08\/27\/ex-funcionarias-de-mulher-investigada-por-agressao-e-carcere-privado-contra-baba-que-pulou-de-predio-prestam-depoimento.ghtml\">ex-funcion\u00e1rias de Melina prestaram depoimento \u00e0 pol\u00edcia<\/a>\u00a0e relataram ser v\u00edtimas de crimes semelhantes.<\/li>\n<li>Na manh\u00e3 do dia 29 de agosto,, um\u00a0<a href=\"https:\/\/g1.globo.com\/ba\/bahia\/noticia\/2021\/08\/29\/grupo-faz-protesto-na-porta-de-predio-onde-baba-pulou-do-terceiro-andar-para-fugir-de-agressoes-em-salvador.ghtml\">grupo de pessoas se reuniu em frente ao pr\u00e9dio<\/a>\u00a0onde a bab\u00e1 pulou do terceiro andar. Eles fizeram uma manifesta\u00e7\u00e3o de apoio \u00e0 v\u00edtima e pediram justi\u00e7a pelo caso.<\/li>\n<li>Em 1\u00b0 de setembro, o\u00a0<a href=\"https:\/\/g1.globo.com\/ba\/bahia\/noticia\/2021\/09\/01\/advogado-de-patroa-denunciada-por-maus-tratos-e-carcere-privado-a-baba-na-bahia-deixa-caso.ghtml\">advogado da empres\u00e1ria anunciou que deixou o caso<\/a>, mas n\u00e3o detalhou o motivo. O novo advogado de Melina Esteves,\u00a0<a href=\"https:\/\/g1.globo.com\/ba\/bahia\/noticia\/2021\/09\/05\/advogado-de-patroa-que-agrediu-baba-em-salvador-diz-que-cliente-tem-transtorno-psicologico-pavio-curtissimo.ghtml\">disse em entrevista \u00e0 TV Bahia no domingo (5) que ela tem transtorno psicol\u00f3gico diagnosticado como Borderline<\/a>\u00a0[caracterizado pelas mudan\u00e7as r\u00e1pidas de humor] e n\u00e3o estava em tratamento.<\/li>\n<li>No dia seguinte, o\u00a0<strong>G1<\/strong>\u00a0divulgou com exclusividade\u00a0<a href=\"https:\/\/g1.globo.com\/ba\/bahia\/noticia\/2021\/09\/02\/video-mostra-momento-em-que-baba-e-agredida-por-ex-patroa-em-salvador-vitima-pulou-do-3-andar-para-fugir-de-apartamento.ghtml\">imagens de uma c\u00e2mera de seguran\u00e7a que flagraram o momento em que a bab\u00e1 foi agredida<\/a>\u00a0pela ex-patroa, horas antes dela pular do pr\u00e9dio.<\/li>\n<li>Em 3 de setembro, Melina Esteves Fran\u00e7a\u00a0<a href=\"https:\/\/g1.globo.com\/ba\/bahia\/noticia\/2021\/09\/03\/patroa-suspeita-de-agredir-e-manter-baba-em-carcere-privado-em-salvador-deixa-apartamento-sob-vaias-e-escoltada-pela-policia.ghtml\">deixou o apartamento onde ela mora sob vaias de moradores e escoltada por policiais civis<\/a>, para prestar depoimento. Depois foi liberada.<\/li>\n<li>No dia 15 de setembro, O\u00a0<a href=\"https:\/\/g1.globo.com\/ba\/bahia\/noticia\/2021\/09\/16\/investigada-por-agredir-baba-que-pulou-de-predio-em-salvador-e-processada-pelo-mpt-por-trabalho-escravo.ghtml\">MPT entrou com a\u00e7\u00e3o contra Melina<\/a>, por submeter duas empregadas dom\u00e9sticas \u00e0 condi\u00e7\u00e3o de trabalho an\u00e1logo \u00e0 escravid\u00e3o.<\/li>\n<\/ul>\n<\/div>\n<\/div>\n<\/article>\n<\/div>\n","protected":false},"excerpt":{"rendered":"<p>\u00a0A Justi\u00e7a do Trabalho determinou em decis\u00e3o liminar que Melina Esteves Fran\u00e7a, investigada por agredir a\u00a0bab\u00e1 que pulou do terceiro andar de um pr\u00e9dio de Salvador\u00a0e por submeter ao menos duas trabalhadoras a condi\u00e7\u00f5es an\u00e1logas \u00e0 de escravos, cumpra uma s\u00e9rie de obriga\u00e7\u00f5es trabalhistas, sob pena de multa de mais de R$ 300 mil. A [&hellip;]<\/p>\n","protected":false},"author":2,"featured_media":0,"comment_status":"open","ping_status":"open","sticky":false,"template":"","format":"standard","meta":{"_links_to":"","_links_to_target":""},"categories":[7,9,8,1,5],"tags":[],"_links":{"self":[{"href":"https:\/\/www.ilheusnoticias.net.br\/v1\/wp-json\/wp\/v2\/posts\/27988"}],"collection":[{"href":"https:\/\/www.ilheusnoticias.net.br\/v1\/wp-json\/wp\/v2\/posts"}],"about":[{"href":"https:\/\/www.ilheusnoticias.net.br\/v1\/wp-json\/wp\/v2\/types\/post"}],"author":[{"embeddable":true,"href":"https:\/\/www.ilheusnoticias.net.br\/v1\/wp-json\/wp\/v2\/users\/2"}],"replies":[{"embeddable":true,"href":"https:\/\/www.ilheusnoticias.net.br\/v1\/wp-json\/wp\/v2\/comments?post=27988"}],"version-history":[{"count":1,"href":"https:\/\/www.ilheusnoticias.net.br\/v1\/wp-json\/wp\/v2\/posts\/27988\/revisions"}],"predecessor-version":[{"id":27989,"href":"https:\/\/www.ilheusnoticias.net.br\/v1\/wp-json\/wp\/v2\/posts\/27988\/revisions\/27989"}],"wp:attachment":[{"href":"https:\/\/www.ilheusnoticias.net.br\/v1\/wp-json\/wp\/v2\/media?parent=27988"}],"wp:term":[{"taxonomy":"category","embeddable":true,"href":"https:\/\/www.ilheusnoticias.net.br\/v1\/wp-json\/wp\/v2\/categories?post=27988"},{"taxonomy":"post_tag","embeddable":true,"href":"https:\/\/www.ilheusnoticias.net.br\/v1\/wp-json\/wp\/v2\/tags?post=27988"}],"curies":[{"name":"wp","href":"https:\/\/api.w.org\/{rel}","templated":true}]}}