{"id":27986,"date":"2021-09-17T11:34:37","date_gmt":"2021-09-17T14:34:37","guid":{"rendered":"http:\/\/www.ilheusnoticias.net.br\/v1\/?p=27986"},"modified":"2021-09-17T11:34:37","modified_gmt":"2021-09-17T14:34:37","slug":"terceira-via-hall-sedia-evento-teste-em-itabuna-no-sabado","status":"publish","type":"post","link":"https:\/\/www.ilheusnoticias.net.br\/v1\/2021\/09\/17\/terceira-via-hall-sedia-evento-teste-em-itabuna-no-sabado\/","title":{"rendered":"Terceira Via Hall sedia evento teste em Itabuna, no s\u00e1bado"},"content":{"rendered":"<p>&nbsp;<\/p>\n<p><img src=\"blob:https:\/\/web.whatsapp.com\/644c99af-a953-4331-90fa-1fcde13dfa4d\" alt=\"\" \/><\/p>\n<p>A Terceira Via Hall vai sediar a realiza\u00e7\u00e3o de um evento teste, com capacidade para 500 pessoas, no pr\u00f3ximo s\u00e1bado, dia 18 de setembro, a partir das 16 horas. A experi\u00eancia servir\u00e1 como base para a defini\u00e7\u00e3o de crit\u00e9rios por parte das autoridades municipais no sentido de viabilizar a retomada de diversos eventos em Itabuna.<\/p>\n<p>O evento teste reunir\u00e1 esfor\u00e7os de institui\u00e7\u00f5es e empresas ligadas ao setor de com\u00e9rcio e eventos, com o objetivo de estabelecer crit\u00e9rios para a promo\u00e7\u00e3o de atividades executivas e de entretenimento no munic\u00edpio. Todas as etapas de reabertura do setor est\u00e3o sendo discutidas com prepostos da Prefeitura e da C\u00e2mara Municipal.<\/p>\n<p>A renda obtida com o evento ser\u00e1 revertida para o pagamento dos custos de produ\u00e7\u00e3o, e o restante para doa\u00e7\u00e3o de cestas b\u00e1sicas.<\/p>\n<p>Desde o final do ano passado, os segmentos ligados ao setor de eventos iniciaram tratativas para a flexibiliza\u00e7\u00e3o das atividades do setor, a partir do processo de vacina\u00e7\u00e3o da popula\u00e7\u00e3o contra a Covid-19. Alguns passos foram dados, sob crit\u00e9rios estabelecidos pelas autoridades sanit\u00e1rias, mas a situa\u00e7\u00e3o ainda \u00e9 de enormes dificuldades para os profissionais envolvidos na cadeia produtiva de eventos, a exemplo de produtores, cerimonialistas, m\u00fasicos, gar\u00e7ons, fot\u00f3grafos e cinegrafistas, guias de turismo, decoradores, entre outros.<\/p>\n<p>Na semana passada, antes do an\u00fancio do evento teste, o presidente da Associa\u00e7\u00e3o Comercial e Empresarial de Itabuna, Mauro Ribeiro, e o vice, Franklin Bastos, reuniram-se com secret\u00e1rios municipais e vereadores locais, no sentido de sensibiliz\u00e1-los a adotarem novas medidas visando a retomada de alguns tipos de eventos, mesmo com um p\u00fablico ainda reduzido e com aten\u00e7\u00e3o aos protocolos sanit\u00e1rios.<\/p>\n<p>O empres\u00e1rio Franklin Bastos, um dos diretores da Terceira Via Formaturas e do Centro de Conven\u00e7\u00f5es Terceira Via Hall, colocou o espa\u00e7o \u00e0 disposi\u00e7\u00e3o para o evento teste, ao considerar que o mesmo \u00e9 um dos maiores de Itabuna voltado a eventos m\u00faltiplos, e pelo fato de j\u00e1 estar adequando provid\u00eancias, como forma\u00e7\u00e3o de plateia com distanciamento e treinamento de colaboradores e terceirizados, durante solenidades de formaturas, e outras, recentemente realizadas no local.<\/p>\n<p><img src=\"blob:https:\/\/web.whatsapp.com\/644c99af-a953-4331-90fa-1fcde13dfa4d\" alt=\"\" \/><\/p>\n","protected":false},"excerpt":{"rendered":"<p>&nbsp; A Terceira Via Hall vai sediar a realiza\u00e7\u00e3o de um evento teste, com capacidade para 500 pessoas, no pr\u00f3ximo s\u00e1bado, dia 18 de setembro, a partir das 16 horas. A experi\u00eancia servir\u00e1 como base para a defini\u00e7\u00e3o de crit\u00e9rios por parte das autoridades municipais no sentido de viabilizar a retomada de diversos eventos em [&hellip;]<\/p>\n","protected":false},"author":2,"featured_media":0,"comment_status":"open","ping_status":"open","sticky":false,"template":"","format":"standard","meta":{"_links_to":"","_links_to_target":""},"categories":[7,9,8,1],"tags":[],"_links":{"self":[{"href":"https:\/\/www.ilheusnoticias.net.br\/v1\/wp-json\/wp\/v2\/posts\/27986"}],"collection":[{"href":"https:\/\/www.ilheusnoticias.net.br\/v1\/wp-json\/wp\/v2\/posts"}],"about":[{"href":"https:\/\/www.ilheusnoticias.net.br\/v1\/wp-json\/wp\/v2\/types\/post"}],"author":[{"embeddable":true,"href":"https:\/\/www.ilheusnoticias.net.br\/v1\/wp-json\/wp\/v2\/users\/2"}],"replies":[{"embeddable":true,"href":"https:\/\/www.ilheusnoticias.net.br\/v1\/wp-json\/wp\/v2\/comments?post=27986"}],"version-history":[{"count":1,"href":"https:\/\/www.ilheusnoticias.net.br\/v1\/wp-json\/wp\/v2\/posts\/27986\/revisions"}],"predecessor-version":[{"id":27987,"href":"https:\/\/www.ilheusnoticias.net.br\/v1\/wp-json\/wp\/v2\/posts\/27986\/revisions\/27987"}],"wp:attachment":[{"href":"https:\/\/www.ilheusnoticias.net.br\/v1\/wp-json\/wp\/v2\/media?parent=27986"}],"wp:term":[{"taxonomy":"category","embeddable":true,"href":"https:\/\/www.ilheusnoticias.net.br\/v1\/wp-json\/wp\/v2\/categories?post=27986"},{"taxonomy":"post_tag","embeddable":true,"href":"https:\/\/www.ilheusnoticias.net.br\/v1\/wp-json\/wp\/v2\/tags?post=27986"}],"curies":[{"name":"wp","href":"https:\/\/api.w.org\/{rel}","templated":true}]}}