{"id":27976,"date":"2021-09-16T12:37:52","date_gmt":"2021-09-16T15:37:52","guid":{"rendered":"http:\/\/www.ilheusnoticias.net.br\/v1\/?p=27976"},"modified":"2021-09-16T12:38:12","modified_gmt":"2021-09-16T15:38:12","slug":"cvr-costa-do-cacau-homenageiadia-do-cliente-com-entrega-de-mudas","status":"publish","type":"post","link":"https:\/\/www.ilheusnoticias.net.br\/v1\/2021\/09\/16\/cvr-costa-do-cacau-homenageiadia-do-cliente-com-entrega-de-mudas\/","title":{"rendered":"CVR Costa do Cacau homenageia<br>Dia do Cliente com entrega de mudas"},"content":{"rendered":"\n<figure class=\"wp-block-image size-large\"><img loading=\"lazy\" width=\"712\" height=\"949\" src=\"http:\/\/www.ilheusnoticias.net.br\/v1\/wp-content\/uploads\/2021\/09\/image_editor_output_image138693258-1631806654028.jpg\" alt=\"\" class=\"wp-image-27979\" srcset=\"https:\/\/www.ilheusnoticias.net.br\/v1\/wp-content\/uploads\/2021\/09\/image_editor_output_image138693258-1631806654028.jpg 712w, https:\/\/www.ilheusnoticias.net.br\/v1\/wp-content\/uploads\/2021\/09\/image_editor_output_image138693258-1631806654028-225x300.jpg 225w\" sizes=\"(max-width: 712px) 100vw, 712px\" \/><\/figure>\n\n\n\n<p><br><br><br><br>\u00danica empresa do Sul da Bahia credenciada para a coleta de res\u00edduos s\u00f3lidos, com todas as licen\u00e7as ambientais concedidas pelo Ibama e Inema, a CVR Costa do Cacau promoveu uma a\u00e7\u00e3o institucional nesta quarta-feira, 15, quando se comemorou o Dia do Cliente.<br><br><br><br>Para marcar a data e refor\u00e7ar as parcerias, a CVR entregou a seus parceiros-clientes mudas de plantas como cacau, jenipapo, graviola, dend\u00ea, jambo, ip\u00ea amarelo, louro e jequitib\u00e1, cultivadas no viveiro da empresa, localizada \u00e0s margens da Rodovia Jorge Amado (Ilh\u00e9us-Itabuna).<br><br><br><br>De acordo com o gerente comercial da CVR, Maur\u00edcio Ramos Sena, \u201ca a\u00e7\u00e3o tamb\u00e9m demonstra o nosso compromisso n\u00e3o apenas com a destina\u00e7\u00e3o correta dos res\u00edduos, mas tamb\u00e9m com a conserva\u00e7\u00e3o do meio ambiente, incentivando o plantio de \u00e1rvores e o respeito \u00e0 natureza\u201d. \u201cMais do que clientes, temos parceiros num projeto que traz benef\u00edcios sociais, econ\u00f4micos e ambientais para o Sul da Bahia\u201d, disse.<br><br><br><br>A CVR Costa do Cacau j\u00e1 atende cerca de 35 institui\u00e7\u00f5es e empresas como Prefeitura de Itabuna, Prefeitura de Ibicara\u00ed, Shopping Jequitib\u00e1, Atacad\u00e3o, Big Bompre\u00e7o, Bamin\/Porto Sul, Mars Cacau e Joanes.<\/p>\n","protected":false},"excerpt":{"rendered":"<p>\u00danica empresa do Sul da Bahia credenciada para a coleta de res\u00edduos s\u00f3lidos, com todas as licen\u00e7as ambientais concedidas pelo Ibama e Inema, a CVR Costa do Cacau promoveu uma a\u00e7\u00e3o institucional nesta quarta-feira, 15, quando se comemorou o Dia do Cliente. Para marcar a data e refor\u00e7ar as parcerias, a CVR entregou a seus [&hellip;]<\/p>\n","protected":false},"author":2,"featured_media":0,"comment_status":"open","ping_status":"open","sticky":false,"template":"","format":"standard","meta":{"_links_to":"","_links_to_target":""},"categories":[1],"tags":[],"_links":{"self":[{"href":"https:\/\/www.ilheusnoticias.net.br\/v1\/wp-json\/wp\/v2\/posts\/27976"}],"collection":[{"href":"https:\/\/www.ilheusnoticias.net.br\/v1\/wp-json\/wp\/v2\/posts"}],"about":[{"href":"https:\/\/www.ilheusnoticias.net.br\/v1\/wp-json\/wp\/v2\/types\/post"}],"author":[{"embeddable":true,"href":"https:\/\/www.ilheusnoticias.net.br\/v1\/wp-json\/wp\/v2\/users\/2"}],"replies":[{"embeddable":true,"href":"https:\/\/www.ilheusnoticias.net.br\/v1\/wp-json\/wp\/v2\/comments?post=27976"}],"version-history":[{"count":2,"href":"https:\/\/www.ilheusnoticias.net.br\/v1\/wp-json\/wp\/v2\/posts\/27976\/revisions"}],"predecessor-version":[{"id":27980,"href":"https:\/\/www.ilheusnoticias.net.br\/v1\/wp-json\/wp\/v2\/posts\/27976\/revisions\/27980"}],"wp:attachment":[{"href":"https:\/\/www.ilheusnoticias.net.br\/v1\/wp-json\/wp\/v2\/media?parent=27976"}],"wp:term":[{"taxonomy":"category","embeddable":true,"href":"https:\/\/www.ilheusnoticias.net.br\/v1\/wp-json\/wp\/v2\/categories?post=27976"},{"taxonomy":"post_tag","embeddable":true,"href":"https:\/\/www.ilheusnoticias.net.br\/v1\/wp-json\/wp\/v2\/tags?post=27976"}],"curies":[{"name":"wp","href":"https:\/\/api.w.org\/{rel}","templated":true}]}}