{"id":27968,"date":"2021-09-16T09:33:17","date_gmt":"2021-09-16T12:33:17","guid":{"rendered":"http:\/\/www.ilheusnoticias.net.br\/v1\/?p=27968"},"modified":"2021-09-16T09:51:30","modified_gmt":"2021-09-16T12:51:30","slug":"a-verdade-sempre-prevalecera-afirma-vereador-e-atual-secretario-municipal-kaique-souza","status":"publish","type":"post","link":"https:\/\/www.ilheusnoticias.net.br\/v1\/2021\/09\/16\/a-verdade-sempre-prevalecera-afirma-vereador-e-atual-secretario-municipal-kaique-souza\/","title":{"rendered":"A verdade sempre prevalecer\u00e1. Afirma Vereador licenciado e atual Secret\u00e1rio Municipal Kaique Souza"},"content":{"rendered":"<p><a href=\"http:\/\/www.ilheusnoticias.net.br\/v1\/wp-content\/uploads\/2021\/07\/IMG-20210730-WA0020.jpg\" rel=\"attachment wp-att-27557\"><img loading=\"lazy\" class=\"aligncenter  wp-image-27557\" src=\"http:\/\/www.ilheusnoticias.net.br\/v1\/wp-content\/uploads\/2021\/07\/IMG-20210730-WA0020.jpg\" alt=\"IMG-20210730-WA0020.jpg\" width=\"376\" height=\"211\" srcset=\"https:\/\/www.ilheusnoticias.net.br\/v1\/wp-content\/uploads\/2021\/07\/IMG-20210730-WA0020.jpg 1280w, https:\/\/www.ilheusnoticias.net.br\/v1\/wp-content\/uploads\/2021\/07\/IMG-20210730-WA0020-300x169.jpg 300w, https:\/\/www.ilheusnoticias.net.br\/v1\/wp-content\/uploads\/2021\/07\/IMG-20210730-WA0020-1024x575.jpg 1024w\" sizes=\"(max-width: 376px) 100vw, 376px\" \/><\/a><\/p>\n<p>Durante o dia de ontem(15), alguns blogs, veicularam noticias mentirosas, caluniosas e que tentaram macular a imagem do Vereador e atual Secrretario da Juventude, Esporte e Lazer, Kaique Souza (Podemos), quando falaram de um possivel desentendimento entre ele e seu suplente S\u00e9rgio do Amparo, com rela\u00e7\u00e3o ao gabinete e as pessoas que al\u00ed trabalham, uma mentira deslavada, e\u00a0 o que \u00e9 respaldado por Lei ( veja no final da mat\u00e9ria). Kaique Souza, afirmou que sentiu-se surpreso, agredido moralmente e com a sua honra maculada, em fun\u00e7\u00e3o da alusiva veicula\u00e7\u00e3o, em dois blogs, por estarem disvirtuando o assunto, agredindo-o, causando-lhe at\u00e9 danos morais, em fun\u00e7\u00e3o de n\u00e3o poder trabalhar e ter que em todo instante , esclarecer \u00e0queles que o conhecem por sua idoneiadade, coer\u00eancia, honestidade e transpar\u00eancia, e estarem indignados\u00a0 pedindo-lhe provid\u00eancias.<\/p>\n<p style=\"text-align: left;\">Alguns analistas politicos v\u00eam esses ataques como rea\u00e7\u00e3o de Partidos, que usaram os diletos Vereadores para mostrar o seu descontentamento , em fun\u00e7\u00e3o de que em apenas dois anos, o Partido Podemos, ter tomado um tamanho gigante , com a elei\u00e7\u00e3o de dois Vereadores e por pouco,\u00a0 tr\u00eas, e ter sucumbido os ditos Partidos &#8220;vend\u00e1veis e &#8220;negoci\u00e1veis&#8221; que usavam a sigla para obterem cargos , negociar vota\u00e7\u00e3o na C\u00e2mara, e, hoje se sentem amea\u00e7ado do pseudo poder e partiram para o ataque, em fun\u00e7\u00e3o da sua falta de express\u00e3o e eminente probabilidade do desaparecimento no cen\u00e1rio politico ilheense, pela baixa representatividade.<\/p>\n<p>Diante do fato, e se sentido tamb\u00e9m caluniado, pois seu nome foi o principal vetor para atacar Kaique Souza , o nobre, s\u00e9rio e companheiro, Sergio do Amparo emitiu a seguinte nota:<\/p>\n<p>Nota de Esclarecimento<br \/>\nNo dia de hoje, 15 de setembro, tomei conhecimento da publica\u00e7\u00e3o: Ilh\u00e9us, Vereador sendo extorquido por Secret\u00e1rio? Para minha total surpresa, a mat\u00e9ria estampava a minha foto junto com a do atual secret\u00e1rio especial municipal da Juventude, Esporte e Lazer, Kaique Souza. Antes de mais nada, eu e Kaique somos companheiros do partido Podemos (PODE) e n\u00e3o h\u00e1 qualquer rela\u00e7\u00e3o de rivalidade ou mal estar entre a gente. Gra\u00e7as a atua\u00e7\u00e3o admir\u00e1vel, merecidamente, Kaique Souza se tornou secret\u00e1rio do governo M\u00e1rio Alexandre. Como natural consequ\u00eancia disso, fui efetivado como vereador do Munic\u00edpio de Ilh\u00e9us.<\/p>\n<p>Antes de rebater as inverdades postadas no blog Mcdavidreis.com gostaria de chamar aten\u00e7\u00e3o ao final do conte\u00fado em que o seu autor afirma: &#8220;A reda\u00e7\u00e3o do Novas Not\u00edcias, est\u00e1 disposto a escutar os envolvidos, caso queiram se pronunciar&#8221;. Ora, qualquer cidad\u00e3o sabe que a imprensa s\u00e9ria, que tem a verdadeira miss\u00e3o de informar, procura ouvir as partes antes de publicar qualquer den\u00fancia. Procurar ouvir os protagonistas n\u00e3o \u00e9 facultativo ou opcional, mas obrigat\u00f3rio. Pronunciar-se &#8211; ap\u00f3s ser realmente contatado pelo blogueiro &#8211; a\u00ed sim \u00e9 de livre escolha ou manifesta\u00e7\u00e3o. Esse n\u00e3o s\u00f3 \u00e9 princ\u00edpio do jornalismo, como tamb\u00e9m assegura, numa sociedade democr\u00e1tica, o amplo direito de defesa, mesmo que n\u00e3o esteja em quest\u00e3o nenhum problema ou muito menos crime de extors\u00e3o. Antes de tentar tipificar um delito, \u00e9 preciso esgotar as fontes e ter ind\u00edcios que se transformem em provas contundentes. Caso contr\u00e1rio, cabe a busca por direitos e a necess\u00e1ria repara\u00e7\u00e3o judicial. Vivemos na era da instantaneidade da not\u00edcia, mas n\u00e3o pode haver atropelo nas conhecidas etapas da apura\u00e7\u00e3o jornal\u00edstica. Isso tira a credibilidade de um ve\u00edculo de comunica\u00e7\u00e3o ao disseminar fake news.<\/p>\n<p>Antes de leis ou conven\u00e7\u00f5es, existe algo importante chamado bom senso. Minha vida sempre foi pautada pelo respeito \u00e0s pessoas e institui\u00e7\u00f5es. Logo, n\u00e3o seria agora que fugiria dos meus valores. N\u00e3o assumiria o cargo de vereador, se sofresse qualquer press\u00e3o interna ou externa. Afinal de contas, meu compromisso n\u00e3o \u00e9 apenas com meus 864 eleitores, mas com todos os cidad\u00e3os ilheenses que hoje represento. Quero e estou fazendo diferente, por isso sou a favor da comunidade. Pensando nisso, como foi bom chegar \u00e0 C\u00e2mara de Vereadores e contar com uma estrutura f\u00edsica e de pessoal num gabinete que j\u00e1 vinha funcionando e atendendo, de forma satisfat\u00f3ria, aos compromissos e agendas de um parlamentar. Como se diz popularmente: &#8220;time que est\u00e1 ganhando n\u00e3o se mexe&#8221;. Assim, em comum acordo com o secret\u00e1rio Kaique Souza, mantive toda a equipe que j\u00e1 vinha trabalhando desde o in\u00edcio do ano, bem como me instalei e tive f\u00e1cil acesso \u00e0s depend\u00eancias destinadas a um edil. Ora, quem gosta de servir ao povo sabe que o maior tempo gasto por um vereador \u00e9 justamente fora daquela Casa Parlamentar, ouvindo as demandas e sendo propositivo nas solicita\u00e7\u00f5es, dentre outras atribui\u00e7\u00f5es do cargo.<\/p>\n<p>Na oportunidade, afirmo que n\u00e3o entendo o motivo da tentativa de criar intriga entre dois homens p\u00fablicos, imbu\u00eddos dos melhores prop\u00f3sitos, de modo a servir e propor maiores e melhores oportunidades de vida para as pessoas, principalmente jovens, mulheres e negras, nascidas em comunidades. Meu prop\u00f3sito nessa caminhada est\u00e1 muito al\u00e9m de poss\u00edveis cargos, remunera\u00e7\u00f5es ou instala\u00e7\u00f5es. Basta acompanhar o in\u00edcio do meu mandato e o discurso que prego a partir da pr\u00e1tica do bem. Aproveito tamb\u00e9m para pedir que lancem o mesmo olhar sobre o colega Kaique Souza que est\u00e1 transformando a pasta especial que ocupa na atual gest\u00e3o. Diria que \u00e9 um privil\u00e9gio, inclusive, o Podemos ter agora um representante em cada esfera do poder legislativo e executivo no Munic\u00edpio de Ilh\u00e9us.<\/p>\n<p>Ademais, o desfile de ila\u00e7\u00f5es e refer\u00eancias in\u00f3cuas a artigos, leis ou c\u00f3digos emudecem, esbarram e se dissipam na incapacidade de ouvir as partes, impondo um desservi\u00e7o ao p\u00fablico e perdendo o trem da hist\u00f3ria, j\u00e1 que o referido blog n\u00e3o consegue prestar o papel de cobrar, fiscalizar e acompanhar o que realmente importa para a sociedade ilheense. Aproveito ainda para lembrar que os mesmos assessores parlamentares que &#8211; supostamente &#8211; negam atendimento a mim &#8211; poderiam fornecer os contatos telef\u00f4nicos meu e de Kaique Souza. Deste modo, acredito que a pauta seria mais rica e ver\u00eddica e suas fontes muito mais cuidadosas.<\/p>\n<p>S\u00e9rgio do Amparo &#8211; Vereador em exerc\u00edcio.<\/p>\n<p>J\u00e1 a Diretoria do Partido Podemos , tamb\u00e9m se manifestou e emitiu a nota a seguir:<\/p>\n<p>O Partido PODEMOS repudia os atos de inj\u00faria, cal\u00fania e difama\u00e7\u00e3o divulgados pelo Blog Mcdavidreis.com, que produziu not\u00edcias falsas e ofensas contra o vereador e Secret\u00e1rio de Juventude, Esporte e Lazer Kaique Souza.<\/p>\n<p>As mensagens de ataques divulgadas pelo Blog , al\u00e9m de mentirosas n\u00e3o condiz com a legisla\u00e7\u00e3o em vigor, pois a Lei 2877\/1998 que \u00e9 clara ao prev\u00ea no artigo 3\u00b0 que \u201cSomente ter\u00e1 direito a Assessoria Parlamentar o Vereador titular, devendo o suplente, em caso de substitui\u00e7\u00e3o tempor\u00e1ria, utilizar os servi\u00e7os da Assessoria Parlamentar j\u00e1 existente, sendo que tanto o gabinete, como os Assessores Parlamentares est\u00e3o \u00e0 disposi\u00e7\u00e3o do Vereador em exerc\u00edcio S\u00e9rgio do Amparo.<\/p>\n<p>Kaique Souza \u00e9 uma jovem revela\u00e7\u00e3o da pol\u00edtica ilheense, exerceu com afinco e trabalho o mandando de vereador e por seu desempenho foi convidado pelo Prefeito M\u00e1rio Alexandre para representar o Partido Podemos em sua gest\u00e3o.<\/p>\n<p>O jovem Secret\u00e1rio vem desenvolvendo uma s\u00e9rie de projetos, atua junto com o Deputado Federal Bacelar e o Secret\u00e1rio de Turismo do Estado Maur\u00edcio Bacelar para fomentar o Esporte e o Laser na cidade.<\/p>\n<p>Diante da dissemina\u00e7\u00e3o das Fake News, e em solidariedade e confian\u00e7a no vereador licenciado e Secret\u00e1rio Kaique Souza, o Comiss\u00e3o do Partido Podemos expressa o mais veemente rep\u00fadio e informa que medidas judiciais j\u00e1 est\u00e3o sendo tomadas para que os respons\u00e1veis por estes crimes sejam penalizados.<\/p>\n<p style=\"text-align: left;\">Podemos-Ilh\u00e9us.<\/p>\n<p style=\"text-align: left;\">Esta \u00e9 a Lei vigente que deixa claro o porque dos Assessores de Kaique Souza permanecerem \u00e0 disposi\u00e7\u00e3o do suplente S\u00e9rgio do Amparo.<\/p>\n<p style=\"text-align: left;\"><a href=\"http:\/\/www.ilheusnoticias.net.br\/v1\/wp-content\/uploads\/2021\/09\/WhatsApp-Image-2021-09-15-at-12.20.39.jpeg\" rel=\"attachment wp-att-27969\"><img loading=\"lazy\" class=\"aligncenter  wp-image-27969\" src=\"http:\/\/www.ilheusnoticias.net.br\/v1\/wp-content\/uploads\/2021\/09\/WhatsApp-Image-2021-09-15-at-12.20.39.jpeg\" alt=\"WhatsApp Image 2021-09-15 at 12.20.39\" width=\"525\" height=\"840\" srcset=\"https:\/\/www.ilheusnoticias.net.br\/v1\/wp-content\/uploads\/2021\/09\/WhatsApp-Image-2021-09-15-at-12.20.39.jpeg 800w, https:\/\/www.ilheusnoticias.net.br\/v1\/wp-content\/uploads\/2021\/09\/WhatsApp-Image-2021-09-15-at-12.20.39-188x300.jpeg 188w, https:\/\/www.ilheusnoticias.net.br\/v1\/wp-content\/uploads\/2021\/09\/WhatsApp-Image-2021-09-15-at-12.20.39-640x1024.jpeg 640w\" sizes=\"(max-width: 525px) 100vw, 525px\" \/><\/a><\/p>\n<p style=\"text-align: left;\">O Vereador e atual Secret\u00e1rio Kaique Souza, lamenta profundamente que seu nome tenha sido envolvido nesta situa\u00e7\u00e3o, e solicita a todos que trabalham na imprensa com seriedade , coer\u00eancia e tranpar\u00eancia , como \u00e9 o caso da maioria que ao saber qualquer coisa, que ventile o seu nome procure-o ou sua assessoria, atrav\u00e9s do zap 73-98177-9833. Medidas judicias cab\u00edveis j\u00e1 est\u00e3os sendo tomadas, pois , &#8221; n\u00e3o seremos os primeiros e, provavelmente os \u00faltimos a termos nossos nomes envolvimdos em mentiras, fal\u00e1cias e engodos por pessoas inescrupulosas e que nos usam, muitas vezes para alcan\u00e7arem objetivos, por nos desconhecidos. Mas, como acad\u00eanico em Direito, n\u00e3o poderei permitir que casos como estes que me causou prejuizos terriveis, n\u00e3o s\u00f3 a mim, como a minha familia e amigos que confiam em nossa pessoa e em nosso trabalho, fiquem sem resposta&#8221;, afirmou o Kaique Souza.\u00a0 Deus no comando de tudo. Vida que segue. O trabalho n\u00e3o pode parar.<\/p>\n<p><img src=\"blob:https:\/\/web.whatsapp.com\/965823af-8296-4410-b560-acb9740cdc62\" alt=\"\" \/><\/p>\n<p><img src=\"blob:https:\/\/web.whatsapp.com\/965823af-8296-4410-b560-acb9740cdc62\" alt=\"\" \/><\/p>\n","protected":false},"excerpt":{"rendered":"<p>Durante o dia de ontem(15), alguns blogs, veicularam noticias mentirosas, caluniosas e que tentaram macular a imagem do Vereador e atual Secrretario da Juventude, Esporte e Lazer, Kaique Souza (Podemos), quando falaram de um possivel desentendimento entre ele e seu suplente S\u00e9rgio do Amparo, com rela\u00e7\u00e3o ao gabinete e as pessoas que al\u00ed trabalham, uma [&hellip;]<\/p>\n","protected":false},"author":2,"featured_media":0,"comment_status":"open","ping_status":"open","sticky":false,"template":"","format":"standard","meta":{"_links_to":"","_links_to_target":""},"categories":[7,9,8,1,4],"tags":[],"_links":{"self":[{"href":"https:\/\/www.ilheusnoticias.net.br\/v1\/wp-json\/wp\/v2\/posts\/27968"}],"collection":[{"href":"https:\/\/www.ilheusnoticias.net.br\/v1\/wp-json\/wp\/v2\/posts"}],"about":[{"href":"https:\/\/www.ilheusnoticias.net.br\/v1\/wp-json\/wp\/v2\/types\/post"}],"author":[{"embeddable":true,"href":"https:\/\/www.ilheusnoticias.net.br\/v1\/wp-json\/wp\/v2\/users\/2"}],"replies":[{"embeddable":true,"href":"https:\/\/www.ilheusnoticias.net.br\/v1\/wp-json\/wp\/v2\/comments?post=27968"}],"version-history":[{"count":2,"href":"https:\/\/www.ilheusnoticias.net.br\/v1\/wp-json\/wp\/v2\/posts\/27968\/revisions"}],"predecessor-version":[{"id":27971,"href":"https:\/\/www.ilheusnoticias.net.br\/v1\/wp-json\/wp\/v2\/posts\/27968\/revisions\/27971"}],"wp:attachment":[{"href":"https:\/\/www.ilheusnoticias.net.br\/v1\/wp-json\/wp\/v2\/media?parent=27968"}],"wp:term":[{"taxonomy":"category","embeddable":true,"href":"https:\/\/www.ilheusnoticias.net.br\/v1\/wp-json\/wp\/v2\/categories?post=27968"},{"taxonomy":"post_tag","embeddable":true,"href":"https:\/\/www.ilheusnoticias.net.br\/v1\/wp-json\/wp\/v2\/tags?post=27968"}],"curies":[{"name":"wp","href":"https:\/\/api.w.org\/{rel}","templated":true}]}}