{"id":27964,"date":"2021-09-16T08:29:45","date_gmt":"2021-09-16T11:29:45","guid":{"rendered":"http:\/\/www.ilheusnoticias.net.br\/v1\/?p=27964"},"modified":"2021-09-16T08:29:45","modified_gmt":"2021-09-16T11:29:45","slug":"governador-assina-ordem-de-servico-para-ampliacao-do-colegio-polivalente-e-autoriza-reforma-de-ginasio-de-esportes-em-camacan","status":"publish","type":"post","link":"https:\/\/www.ilheusnoticias.net.br\/v1\/2021\/09\/16\/governador-assina-ordem-de-servico-para-ampliacao-do-colegio-polivalente-e-autoriza-reforma-de-ginasio-de-esportes-em-camacan\/","title":{"rendered":"Governador assina ordem de servi\u00e7o para amplia\u00e7\u00e3o do Col\u00e9gio Polivalente e autoriza reforma de Gin\u00e1sio de Esportes em Camacan"},"content":{"rendered":"<h2 class=\"PostHeaderIcon-wrapper\"><\/h2>\n<div class=\"PostMetadataHeader\"><\/div>\n<div class=\"PostMetadataHeader\"><a href=\"http:\/\/www.ilheusnoticias.net.br\/v1\/wp-content\/uploads\/2020\/08\/ruicosta.jpg\" rel=\"attachment wp-att-24952\"><img loading=\"lazy\" class=\"aligncenter  wp-image-24952\" src=\"http:\/\/www.ilheusnoticias.net.br\/v1\/wp-content\/uploads\/2020\/08\/ruicosta.jpg\" alt=\"ruicosta.jpg\" width=\"406\" height=\"284\" srcset=\"https:\/\/www.ilheusnoticias.net.br\/v1\/wp-content\/uploads\/2020\/08\/ruicosta.jpg 600w, https:\/\/www.ilheusnoticias.net.br\/v1\/wp-content\/uploads\/2020\/08\/ruicosta-300x210.jpg 300w\" sizes=\"(max-width: 406px) 100vw, 406px\" \/><\/a><\/div>\n<div class=\"PostContent\">\n<p>Nesta quinta-feira (16), o governador Rui Costa viaja para Camac\u00e3, no sul do estado, para entrega de obras e autoriza\u00e7\u00e3o de novos projetos. \u00c0s 9h, Rui vai inaugurar a uma nova quadra poliesportiva na Avenida Pioneiros. A obra foi coordenada pela Superintend\u00eancia dos Desportos do Estado da Bahia (Sudesb), vinculada \u00e0 Secretaria de Trabalho, Emprego, Renda e Esporte (Setre). A Sudesb ser\u00e1 ainda autorizada a lan\u00e7ar licita\u00e7\u00e3o para Reforma do Gin\u00e1sio de Esportes de Camac\u00e3, situado na sede do munic\u00edpio.<\/p>\n<p>Durante a viagem, o governador vai ainda assinar ordem de servi\u00e7o para a Secretaria de Educa\u00e7\u00e3o (SEC) modernizar e ampliar o Col\u00e9gio Estadual Polivalente de Camac\u00e3.<\/p>\n<\/div>\n","protected":false},"excerpt":{"rendered":"<p>Nesta quinta-feira (16), o governador Rui Costa viaja para Camac\u00e3, no sul do estado, para entrega de obras e autoriza\u00e7\u00e3o de novos projetos. \u00c0s 9h, Rui vai inaugurar a uma nova quadra poliesportiva na Avenida Pioneiros. A obra foi coordenada pela Superintend\u00eancia dos Desportos do Estado da Bahia (Sudesb), vinculada \u00e0 Secretaria de Trabalho, Emprego, [&hellip;]<\/p>\n","protected":false},"author":2,"featured_media":0,"comment_status":"open","ping_status":"open","sticky":false,"template":"","format":"standard","meta":{"_links_to":"","_links_to_target":""},"categories":[7,9,8,1],"tags":[],"_links":{"self":[{"href":"https:\/\/www.ilheusnoticias.net.br\/v1\/wp-json\/wp\/v2\/posts\/27964"}],"collection":[{"href":"https:\/\/www.ilheusnoticias.net.br\/v1\/wp-json\/wp\/v2\/posts"}],"about":[{"href":"https:\/\/www.ilheusnoticias.net.br\/v1\/wp-json\/wp\/v2\/types\/post"}],"author":[{"embeddable":true,"href":"https:\/\/www.ilheusnoticias.net.br\/v1\/wp-json\/wp\/v2\/users\/2"}],"replies":[{"embeddable":true,"href":"https:\/\/www.ilheusnoticias.net.br\/v1\/wp-json\/wp\/v2\/comments?post=27964"}],"version-history":[{"count":1,"href":"https:\/\/www.ilheusnoticias.net.br\/v1\/wp-json\/wp\/v2\/posts\/27964\/revisions"}],"predecessor-version":[{"id":27965,"href":"https:\/\/www.ilheusnoticias.net.br\/v1\/wp-json\/wp\/v2\/posts\/27964\/revisions\/27965"}],"wp:attachment":[{"href":"https:\/\/www.ilheusnoticias.net.br\/v1\/wp-json\/wp\/v2\/media?parent=27964"}],"wp:term":[{"taxonomy":"category","embeddable":true,"href":"https:\/\/www.ilheusnoticias.net.br\/v1\/wp-json\/wp\/v2\/categories?post=27964"},{"taxonomy":"post_tag","embeddable":true,"href":"https:\/\/www.ilheusnoticias.net.br\/v1\/wp-json\/wp\/v2\/tags?post=27964"}],"curies":[{"name":"wp","href":"https:\/\/api.w.org\/{rel}","templated":true}]}}