{"id":27962,"date":"2021-09-16T08:26:15","date_gmt":"2021-09-16T11:26:15","guid":{"rendered":"http:\/\/www.ilheusnoticias.net.br\/v1\/?p=27962"},"modified":"2021-09-16T08:26:15","modified_gmt":"2021-09-16T11:26:15","slug":"carta-aberta-dos-indios-tupinamba-de-olivenca","status":"publish","type":"post","link":"https:\/\/www.ilheusnoticias.net.br\/v1\/2021\/09\/16\/carta-aberta-dos-indios-tupinamba-de-olivenca\/","title":{"rendered":"Carta aberta dos \u00edndios Tupinamb\u00e1 de Oliven\u00e7a"},"content":{"rendered":"<header class=\"entry-header\">\n<h2 class=\"entry-title\"><\/h2>\n<\/header>\n<div class=\"entry-content\">\n<p><img loading=\"lazy\" class=\"size-medium wp-image-111792 aligncenter\" src=\"https:\/\/vermelhinhoba.com.br\/wp-content\/uploads\/2021\/09\/carta_povo_tupinamba_de_olivenca-3000x2250-1-454x340.jpg\" sizes=\"(max-width: 454px) 100vw, 454px\" srcset=\"https:\/\/vermelhinhoba.com.br\/wp-content\/uploads\/2021\/09\/carta_povo_tupinamba_de_olivenca-3000x2250-1-454x340.jpg 454w, https:\/\/vermelhinhoba.com.br\/wp-content\/uploads\/2021\/09\/carta_povo_tupinamba_de_olivenca-3000x2250-1.jpg 555w\" alt=\"\" width=\"454\" height=\"340\" \/>N\u00f3s, ind\u00edgenas do Brasil inteiro e do Povo Tupinamb\u00e1 de Oliven\u00e7a, solicitamos sua compreens\u00e3o e apoio por estamos mobilizados para\u00a0que o Superior Tribunal Federal (STF)\u00a0reprove o desumano Marco Temporal\u00a0como norma para demarca\u00e7\u00e3o das Terras Tradicionais.<\/p>\n<p>O Marco Temporal contraria a Constitui\u00e7\u00e3o Brasileira que nos garantiu o direito \u00e0 demarca\u00e7\u00e3o de nossas terras. Segundo o Marco Temporal, s\u00f3 ter\u00e1 direito \u00e0s terras os ind\u00edgenas que estavam nelas ou se assumiam como tais at\u00e9 o ano da proclama\u00e7\u00e3o da constitui\u00e7\u00e3o em 1988. Uma tese absurda porque n\u00e3o considera as expuls\u00f5es, viol\u00eancias f\u00edsicas, espirituais, incluindo mortes, e nega\u00e7\u00e3o de nossa identidade como ind\u00edgena que ainda sofremos.<\/p>\n<p>Mesmo assim: muitos de n\u00f3s nunca sa\u00edmos de nossas terras daqui de Oliven\u00e7a, mas tivemos nossas identidades negadas. Os que foram obrigados a sa\u00edrem por causa das persegui\u00e7\u00f5es e expuls\u00f5es, retornaram ao territ\u00f3rio. Por isto reafirmamos:\u00a0<strong><em>Oliven\u00e7a sempre foi Terra Ind\u00edgena Tupinamb\u00e1<\/em><\/strong>. Nosso Relat\u00f3rio de Demarca\u00e7\u00e3o foi publicado no Di\u00e1rio Oficial da Uni\u00e3o em 2009, superando todas as barreiras jur\u00eddicas e administrativas, precisando apenas da homologa\u00e7\u00e3o final do ministro da justi\u00e7a e presid\u00eancia da rep\u00fablica.<\/p>\n<p>Caso o Marco Temporal seja aprovado receamos que a viol\u00eancia aumente contra n\u00f3s ind\u00edgenas e a Natureza. A an\u00e1lise do STF j\u00e1 deveria ter ocorrido, mas foi adiada v\u00e1rias vezes, incluindo na semana passada. O julgamento ser\u00e1 retomado hoje e por isto estamos nos mobilizando junto com os Povos Ind\u00edgenas do Brasil inteiro para solicitar que\u00a0a vota\u00e7\u00e3o no STF seja conclu\u00edda, derrubando o Marco Temporal.<\/p>\n<p class=\"has-text-align-center\"><em>Nossa luta \u00e9 tamb\u00e9m sua porque onde tem Terra Ind\u00edgena Demarcada existe Natureza Preservada, como \u00e9 o caso daqui de Oliven\u00e7a. Solicitamos sua compreens\u00e3o e apoio, ajudando a preservar nossos direitos e a Natureza<\/em><strong>.<\/strong><\/p>\n<p class=\"has-text-align-center\">N\u00c3O AO MARCO TEMPORAL!<br \/>\nDEMARCA\u00c7\u00c3O J\u00c1!<br \/>\nPOVO TUPINAMB\u00c1 DE OLIVEN\u00c7A<br \/>\nAW\u00caR\u00ca!!<\/p>\n<\/div>\n","protected":false},"excerpt":{"rendered":"<p>N\u00f3s, ind\u00edgenas do Brasil inteiro e do Povo Tupinamb\u00e1 de Oliven\u00e7a, solicitamos sua compreens\u00e3o e apoio por estamos mobilizados para\u00a0que o Superior Tribunal Federal (STF)\u00a0reprove o desumano Marco Temporal\u00a0como norma para demarca\u00e7\u00e3o das Terras Tradicionais. O Marco Temporal contraria a Constitui\u00e7\u00e3o Brasileira que nos garantiu o direito \u00e0 demarca\u00e7\u00e3o de nossas terras. Segundo o Marco [&hellip;]<\/p>\n","protected":false},"author":2,"featured_media":0,"comment_status":"open","ping_status":"open","sticky":false,"template":"","format":"standard","meta":{"_links_to":"","_links_to_target":""},"categories":[7,9,8,1],"tags":[],"_links":{"self":[{"href":"https:\/\/www.ilheusnoticias.net.br\/v1\/wp-json\/wp\/v2\/posts\/27962"}],"collection":[{"href":"https:\/\/www.ilheusnoticias.net.br\/v1\/wp-json\/wp\/v2\/posts"}],"about":[{"href":"https:\/\/www.ilheusnoticias.net.br\/v1\/wp-json\/wp\/v2\/types\/post"}],"author":[{"embeddable":true,"href":"https:\/\/www.ilheusnoticias.net.br\/v1\/wp-json\/wp\/v2\/users\/2"}],"replies":[{"embeddable":true,"href":"https:\/\/www.ilheusnoticias.net.br\/v1\/wp-json\/wp\/v2\/comments?post=27962"}],"version-history":[{"count":1,"href":"https:\/\/www.ilheusnoticias.net.br\/v1\/wp-json\/wp\/v2\/posts\/27962\/revisions"}],"predecessor-version":[{"id":27963,"href":"https:\/\/www.ilheusnoticias.net.br\/v1\/wp-json\/wp\/v2\/posts\/27962\/revisions\/27963"}],"wp:attachment":[{"href":"https:\/\/www.ilheusnoticias.net.br\/v1\/wp-json\/wp\/v2\/media?parent=27962"}],"wp:term":[{"taxonomy":"category","embeddable":true,"href":"https:\/\/www.ilheusnoticias.net.br\/v1\/wp-json\/wp\/v2\/categories?post=27962"},{"taxonomy":"post_tag","embeddable":true,"href":"https:\/\/www.ilheusnoticias.net.br\/v1\/wp-json\/wp\/v2\/tags?post=27962"}],"curies":[{"name":"wp","href":"https:\/\/api.w.org\/{rel}","templated":true}]}}