{"id":27958,"date":"2021-09-16T08:22:44","date_gmt":"2021-09-16T11:22:44","guid":{"rendered":"http:\/\/www.ilheusnoticias.net.br\/v1\/?p=27958"},"modified":"2021-09-16T08:22:44","modified_gmt":"2021-09-16T11:22:44","slug":"idoso-e-morto-com-tiro-na-cabeca-durante-assalto","status":"publish","type":"post","link":"https:\/\/www.ilheusnoticias.net.br\/v1\/2021\/09\/16\/idoso-e-morto-com-tiro-na-cabeca-durante-assalto\/","title":{"rendered":"Idoso \u00e9 morto com tiro na cabe\u00e7a durante assalto"},"content":{"rendered":"<h3 class=\"post-title entry-title\"><\/h3>\n<div id=\"post-body-6587981319578800248\" class=\"post-body entry-content\">\n<div class=\"separator\"><a href=\"https:\/\/1.bp.blogspot.com\/-sOxh12OujCg\/YUMlr8BjtUI\/AAAAAAAAo7M\/BXreYm9_ihkGCb3NBvJxBDc16YtIdhoNACLcBGAsYHQ\/s768\/aarggh.jpg\"><img loading=\"lazy\" src=\"https:\/\/1.bp.blogspot.com\/-sOxh12OujCg\/YUMlr8BjtUI\/AAAAAAAAo7M\/BXreYm9_ihkGCb3NBvJxBDc16YtIdhoNACLcBGAsYHQ\/w578-h387\/aarggh.jpg\" alt=\"\" width=\"578\" height=\"387\" border=\"0\" data-original-height=\"514\" data-original-width=\"768\" \/><\/a><\/div>\n<p>Um idoso foi morto a tiros durante um assalto no Caminho de Areia, na Cidade Baixa. O crime aconteceu por volta das 20h, quando Ant\u00f4nio Carlos Barbosa da Silva, de 66 anos, estava na porta de casa, na Rua Visconde de Abaet\u00e9.<\/p>\n<p>Ant\u00f4nio Carlos observava a filha que chegava estacionando o ve\u00edculo quando um homem de bicicleta se aproximou e anunciou o assalto. Segundo a Pol\u00edcia Civil, as informa\u00e7\u00f5es s\u00e3o de que o idoso reagiu e foi baleado na cabe\u00e7a.<\/p>\n<p>Uma equipe da 17\u00aa Companhia Independente de Pol\u00edcia Militar (CIPM) esteve no local e j\u00e1 encontrou o idoso baleado. Socorrido para o Hospital do Sub\u00farbio, ele morreu na unidade. O bandido fugiu, deixando a bicicleta para tr\u00e1s.<\/p>\n<\/div>\n","protected":false},"excerpt":{"rendered":"<p>Um idoso foi morto a tiros durante um assalto no Caminho de Areia, na Cidade Baixa. O crime aconteceu por volta das 20h, quando Ant\u00f4nio Carlos Barbosa da Silva, de 66 anos, estava na porta de casa, na Rua Visconde de Abaet\u00e9. Ant\u00f4nio Carlos observava a filha que chegava estacionando o ve\u00edculo quando um homem [&hellip;]<\/p>\n","protected":false},"author":2,"featured_media":0,"comment_status":"open","ping_status":"open","sticky":false,"template":"","format":"standard","meta":{"_links_to":"","_links_to_target":""},"categories":[7,9,8,1,5],"tags":[],"_links":{"self":[{"href":"https:\/\/www.ilheusnoticias.net.br\/v1\/wp-json\/wp\/v2\/posts\/27958"}],"collection":[{"href":"https:\/\/www.ilheusnoticias.net.br\/v1\/wp-json\/wp\/v2\/posts"}],"about":[{"href":"https:\/\/www.ilheusnoticias.net.br\/v1\/wp-json\/wp\/v2\/types\/post"}],"author":[{"embeddable":true,"href":"https:\/\/www.ilheusnoticias.net.br\/v1\/wp-json\/wp\/v2\/users\/2"}],"replies":[{"embeddable":true,"href":"https:\/\/www.ilheusnoticias.net.br\/v1\/wp-json\/wp\/v2\/comments?post=27958"}],"version-history":[{"count":1,"href":"https:\/\/www.ilheusnoticias.net.br\/v1\/wp-json\/wp\/v2\/posts\/27958\/revisions"}],"predecessor-version":[{"id":27959,"href":"https:\/\/www.ilheusnoticias.net.br\/v1\/wp-json\/wp\/v2\/posts\/27958\/revisions\/27959"}],"wp:attachment":[{"href":"https:\/\/www.ilheusnoticias.net.br\/v1\/wp-json\/wp\/v2\/media?parent=27958"}],"wp:term":[{"taxonomy":"category","embeddable":true,"href":"https:\/\/www.ilheusnoticias.net.br\/v1\/wp-json\/wp\/v2\/categories?post=27958"},{"taxonomy":"post_tag","embeddable":true,"href":"https:\/\/www.ilheusnoticias.net.br\/v1\/wp-json\/wp\/v2\/tags?post=27958"}],"curies":[{"name":"wp","href":"https:\/\/api.w.org\/{rel}","templated":true}]}}