{"id":27940,"date":"2021-09-11T13:58:57","date_gmt":"2021-09-11T16:58:57","guid":{"rendered":"http:\/\/www.ilheusnoticias.net.br\/v1\/?p=27940"},"modified":"2021-09-11T13:58:57","modified_gmt":"2021-09-11T16:58:57","slug":"ilheus-aplica-dose-de-reforco-em-idosos-de-85-anos-ou-mais-que-receberam-2a-dose-ate-13-de-marco","status":"publish","type":"post","link":"https:\/\/www.ilheusnoticias.net.br\/v1\/2021\/09\/11\/ilheus-aplica-dose-de-reforco-em-idosos-de-85-anos-ou-mais-que-receberam-2a-dose-ate-13-de-marco\/","title":{"rendered":"Ilh\u00e9us aplica dose de refor\u00e7o em idosos de 85 anos ou mais que receberam 2\u00aa dose at\u00e9 13 de mar\u00e7o"},"content":{"rendered":"<h3><\/h3>\n<div class=\"imagem thumbnail col-xs-12 col-sm-8 col-md-6 col-lg-6 imagem-materia\"><a class=\"fresco\" title=\"\" href=\"https:\/\/portalfacilarquivos.blob.core.windows.net\/uploads\/ILHEUS\/imgOrig\/%7BB76A35AA-B6B1-CD43-7EDE-BCBD18C1CBCB%7D.jpeg\" data-fresco-caption=\"\"><img loading=\"lazy\" title=\"\" src=\"https:\/\/portalfacilarquivos.blob.core.windows.net\/uploads\/ILHEUS\/img\/%7BB76A35AA-B6B1-CD43-7EDE-BCBD18C1CBCB%7D\/%7BB76A35AA-B6B1-CD43-7EDE-BCBD18C1CBCB%7D_650X450.jpeg\" alt=\"Vacina\u00e7\u00e3o\" width=\"650\" height=\"450\" \/><\/a><\/div>\n<p>A Prefeitura de Ilh\u00e9us dar\u00e1 in\u00edcio nesta segunda-feira (13) \u00e0 aplica\u00e7\u00e3o da dose de refor\u00e7o (3\u00aa dose) em idosos com 85 anos ou mais que receberam a segunda dose h\u00e1 pelo menos seis meses. A estrat\u00e9gia acontece na Cruzada do Bem pelo Bem, das 8h \u00e0s 14h.<\/p>\n<p>De acordo com a Secretaria de Sa\u00fade (Sesau), o refor\u00e7o vale para quem tomou qualquer imunizante usado na campanha de vacina\u00e7\u00e3o contra a Covid-19 e completou o esquema vacinal com as duas doses at\u00e9 13 de mar\u00e7o.\u00a0 \u00c9 necess\u00e1rio levar CPF, cart\u00e3o do SUS, comprovante de resid\u00eancia e cart\u00e3o de vacina\u00e7\u00e3o constando as duas doses.<\/p>\n<p>A Sesau informa que a aplica\u00e7\u00e3o da dose de refor\u00e7o nos demais grupos preconizados ocorrer\u00e1 de forma gradativa, conforme calend\u00e1rio estabelecido pelo Minist\u00e9rio da Sa\u00fade, bem como quantitativo de vacinas enviado ao munic\u00edpio.<\/p>\n<p><strong>Servi\u00e7o<\/strong><\/p>\n<p>Vacina\u00e7\u00e3o com 3\u00aa dose (dose de refor\u00e7o)<\/p>\n<p>P\u00fablico-alvo: Idosos com 85 anos ou mais que receberam a segunda dose at\u00e9 13 de mar\u00e7o<\/p>\n<p>Data: 13\/09\/2021<\/p>\n<p>Hor\u00e1rio: Das 8h \u00e0s 14h<\/p>\n<p><strong>Local:<\/strong><\/p>\n<p>&#8211; Cruzada do Bem pelo Bem<\/p>\n<p>Endere\u00e7o: Rua Teodoro Sampaio &#8211; Boa Vista (pr\u00f3ximo ao Gin\u00e1sio de Esportes Herval Soledade)<\/p>\n","protected":false},"excerpt":{"rendered":"<p>A Prefeitura de Ilh\u00e9us dar\u00e1 in\u00edcio nesta segunda-feira (13) \u00e0 aplica\u00e7\u00e3o da dose de refor\u00e7o (3\u00aa dose) em idosos com 85 anos ou mais que receberam a segunda dose h\u00e1 pelo menos seis meses. A estrat\u00e9gia acontece na Cruzada do Bem pelo Bem, das 8h \u00e0s 14h. De acordo com a Secretaria de Sa\u00fade (Sesau), [&hellip;]<\/p>\n","protected":false},"author":2,"featured_media":0,"comment_status":"open","ping_status":"open","sticky":false,"template":"","format":"standard","meta":{"_links_to":"","_links_to_target":""},"categories":[7,9,8,1],"tags":[],"_links":{"self":[{"href":"https:\/\/www.ilheusnoticias.net.br\/v1\/wp-json\/wp\/v2\/posts\/27940"}],"collection":[{"href":"https:\/\/www.ilheusnoticias.net.br\/v1\/wp-json\/wp\/v2\/posts"}],"about":[{"href":"https:\/\/www.ilheusnoticias.net.br\/v1\/wp-json\/wp\/v2\/types\/post"}],"author":[{"embeddable":true,"href":"https:\/\/www.ilheusnoticias.net.br\/v1\/wp-json\/wp\/v2\/users\/2"}],"replies":[{"embeddable":true,"href":"https:\/\/www.ilheusnoticias.net.br\/v1\/wp-json\/wp\/v2\/comments?post=27940"}],"version-history":[{"count":1,"href":"https:\/\/www.ilheusnoticias.net.br\/v1\/wp-json\/wp\/v2\/posts\/27940\/revisions"}],"predecessor-version":[{"id":27941,"href":"https:\/\/www.ilheusnoticias.net.br\/v1\/wp-json\/wp\/v2\/posts\/27940\/revisions\/27941"}],"wp:attachment":[{"href":"https:\/\/www.ilheusnoticias.net.br\/v1\/wp-json\/wp\/v2\/media?parent=27940"}],"wp:term":[{"taxonomy":"category","embeddable":true,"href":"https:\/\/www.ilheusnoticias.net.br\/v1\/wp-json\/wp\/v2\/categories?post=27940"},{"taxonomy":"post_tag","embeddable":true,"href":"https:\/\/www.ilheusnoticias.net.br\/v1\/wp-json\/wp\/v2\/tags?post=27940"}],"curies":[{"name":"wp","href":"https:\/\/api.w.org\/{rel}","templated":true}]}}