{"id":2793,"date":"2016-12-02T07:30:44","date_gmt":"2016-12-02T10:30:44","guid":{"rendered":"http:\/\/www.ilheusnoticias.net.br\/v1\/?p=2793"},"modified":"2016-12-02T07:30:44","modified_gmt":"2016-12-02T10:30:44","slug":"ilheus-tera-mutirao-gratuito-para-diagnostico-de-glaucoma","status":"publish","type":"post","link":"https:\/\/www.ilheusnoticias.net.br\/v1\/2016\/12\/02\/ilheus-tera-mutirao-gratuito-para-diagnostico-de-glaucoma\/","title":{"rendered":"Ilh\u00e9us ter\u00e1 mutir\u00e3o gratuito para diagn\u00f3stico de glaucoma"},"content":{"rendered":"<p class=\"x_MsoNormal\" align=\"center\">\n<p class=\"x_MsoNormal\">\u00a0<a href=\"http:\/\/www.ilheusnoticias.net.br\/v1\/wp-content\/uploads\/2016\/12\/glaucoma.jpg\" rel=\"attachment wp-att-2794\"><img loading=\"lazy\" class=\"aligncenter size-full wp-image-2794\" src=\"http:\/\/www.ilheusnoticias.net.br\/v1\/wp-content\/uploads\/2016\/12\/glaucoma.jpg\" alt=\"glaucoma\" width=\"153\" height=\"115\" \/><\/a><\/p>\n<p class=\"x_MsoNormal\">No pr\u00f3ximo dia 10 de dezembro, a popula\u00e7\u00e3o de Ilh\u00e9us poder\u00e1 participar de mutir\u00e3o com caminhada de conscientiza\u00e7\u00e3o sobre o glaucoma. O grupo partir\u00e1 \u00e0s 7h da frente do Cenoe Hospital de Olhos, na Avenida Soares Lopes. O oftalmologista Ant\u00f4nio Nogueira, diretor t\u00e9cnico do Cenoe e coordenador da a\u00e7\u00e3o, revela que o mutir\u00e3o de atendimento para preven\u00e7\u00e3o do glaucoma se prepara para atender 1.500 pessoas gratuitamente.<\/p>\n<p class=\"x_MsoNormal\"><!--more--><\/p>\n<p class=\"x_MsoNormal\">Uma caminhada de incentivo a h\u00e1bitos saud\u00e1veis antecede a realiza\u00e7\u00e3o das a\u00e7\u00f5es preventivas como aferi\u00e7\u00e3o da press\u00e3o intraocular e an\u00e1lise do fundo do olho. Novidade deste ano \u00e9 a participa\u00e7\u00e3o da comunidade estudantil da regi\u00e3o. Alunos de ensino superior de medicina, enfermagem, nutri\u00e7\u00e3o e fisioterapia dar\u00e3o suporte durante o mutir\u00e3o. \u201cEnquanto aguardam o atendimento dos m\u00e9dicos, os pacientes poder\u00e3o fazer atividades de alongamento, testes de aferi\u00e7\u00e3o da press\u00e3o arterial e glicemia, massagens relaxantes, avalia\u00e7\u00e3o nutricional completa com orienta\u00e7\u00e3o individualizada e servi\u00e7os de orienta\u00e7\u00e3o jur\u00eddica sobre sa\u00fade\u201d, informa Ant\u00f4nio Nogueira. Para participar, \u00e9 preciso ter idade acima de 40 anos e comparecer ao local \u00e0s 7h no dia do evento.<\/p>\n<p class=\"x_MsoNormal\">O m\u00e9dico alerta que o Glaucoma costuma atingir pessoas com idade superior a 40 anos e \u00e9 uma das maiores causas de cegueira no Brasil, sendo a segunda maior causa de cegueira irrevers\u00edvel do mundo. Parte da popula\u00e7\u00e3o brasileira possui glaucoma sem saber. Os sintomas costumam aparecer em fase avan\u00e7ada, ocorrendo muitas vezes do paciente n\u00e3o perceber a doen\u00e7a at\u00e9 sofrer uma grande perda do campo visual. Por isso, o exame preventivo \u00e9 t\u00e3o importante: \u201cUm diagn\u00f3stico precoce \u00e9 fundamental para detec\u00e7\u00e3o do glaucoma e para um tratamento com resultados positivos, evitando a cegueira irrevers\u00edvel\u201d, adverte Ant\u00f4nio Nogueira.<\/p>\n<p class=\"x_MsoNormal\"><b>Centro de Refer\u00eancia<\/b> &#8211; Promovido pelo Cenoe Hospital de Olhos, que \u00e9 um centro de refer\u00eancia em glaucoma no Estado, o Mutir\u00e3o do Glaucoma \u00e9 uma a\u00e7\u00e3o gratuita realizada atrav\u00e9s do Cenoe Social, programa que realiza periodicamente mutir\u00f5es de atendimento oftalmol\u00f3gico na cidade. A iniciativa busca atingir pessoas de idade superior a 40 anos ou com fatores de risco como diabetes, hist\u00f3rico familiar da doen\u00e7a e afrodescendentes.<\/p>\n<p class=\"x_MsoNormal\">Ant\u00f4nio esclarece que, em caso de diagn\u00f3stico positivo, o paciente ser\u00e1 tratado tamb\u00e9m de maneira gratuita no Programa de Assist\u00eancia ao Portador de Glaucoma, do SUS (Sistema \u00danico de Sa\u00fade), no qual o Cenoe \u00e9 conveniado e presta assist\u00eancia. O controle do glaucoma \u00e9 feito atrav\u00e9s de col\u00edrios. Com a iniciativa do governo Federal, a popula\u00e7\u00e3o consegue ter acesso irrestrito ao tratamento.<\/p>\n<p class=\"x_MsoNormal\"><b>Caminhada<\/b> \u2013 O evento de conscientiza\u00e7\u00e3o contra o glaucoma foi idealizado com o intuito de chamar a aten\u00e7\u00e3o da popula\u00e7\u00e3o para a necessidade de preven\u00e7\u00e3o. Um carro de som acompanhar\u00e1 o percurso da caminhada, com a anima\u00e7\u00e3o de um instrutor de treinamento f\u00edsico. Ao final, os participantes ser\u00e3o recebidos com suco, \u00e1gua e frutas e o instrutor desenvolver\u00e1 algumas atividades f\u00edsicas, recreativas e ter\u00e3o acesso aos servi\u00e7os disponibilizados pelos estudantes da \u00e1rea de sa\u00fade da regi\u00e3o. \u201cA partir das 7h da manh\u00e3 do dia 10, as pessoas poder\u00e3o ir at\u00e9 o Cenoe pegar sua camisa, participar da caminhada e fazer seu exame\u201d, explica Nogueira.<\/p>\n<p class=\"x_MsoNormal\">O objetivo do evento \u00e9 ajudar as pessoas a detectarem a doen\u00e7a, para tratar de forma preventiva e acompanhar os pacientes com suspeita de glaucoma, atrav\u00e9s de orienta\u00e7\u00f5es e a solicita\u00e7\u00e3o de exames peri\u00f3dicos. Al\u00e9m disso, pretende estimular a busca por mais qualidade de vida, associando a atividade f\u00edsica com boas pr\u00e1ticas de sa\u00fade.\u00a0<a target=\"_blank\" name=\"x_m_6244654666417755908_m_-868840394840138052__GoBack\"><\/a><\/p>\n<p class=\"x_MsoNormal\">O Segundo<span class=\"x_gmail-m_6244654666417755908m_-868840394840138052gmail-apple-converted-space\">\u00a0<\/span><span class=\"x_gmail-m_6244654666417755908m_-868840394840138052gmail-il\">Mutir\u00e3o<\/span><span class=\"x_gmail-m_6244654666417755908m_-868840394840138052gmail-apple-converted-space\">\u00a0<\/span>do Glaucoma do<span class=\"x_gmail-m_6244654666417755908m_-868840394840138052gmail-apple-converted-space\">\u00a0<\/span><span class=\"x_gmail-m_6244654666417755908m_-868840394840138052gmail-il\">Cenoe<\/span><span class=\"x_gmail-m_6244654666417755908m_-868840394840138052gmail-apple-converted-space\">\u00a0<\/span>tem apoio da Prefeitura Municipal de Ilh\u00e9us, atrav\u00e9s da Secretaria de Sa\u00fade, Sociedade de Oftalmologia da Bahia (Sofba), Faculdade de Ilh\u00e9us, Faculdade Madre Tha\u00eds, Universidade de Santa Cruz (UESC), Superintend\u00eancia de Transporte e Tr\u00e2nsito (Sutran), Pol\u00edcia Militar, Corpo de Bombeiros de Ilh\u00e9us, TV Santa Cruz, R\u00e1dio Gabriela FM, O Tabuleiro,\u00a0Ipsoft \u2013 Softwares Inteligentes,\u00a0Avatim, BCR Showroom Design, Orto M\u00e9dica, Rotary Club de Ilh\u00e9us, Lions International, Associa\u00e7\u00e3o Comercial de Ilh\u00e9us, CDL, Drogarias Velanes, Toldos Intal, M21, Indai\u00e1 Eco Village, TMais, Polpa de Fruta Sabi\u00e1, Guarathon, \u00a0A Joia de Ilh\u00e9us, Instituto Mix de Profiss\u00f5es, OAB, Medincor e M21.<\/p>\n<p><b><u><span style=\"font-size: large;\">Servi\u00e7o:<\/span><\/u><\/b><\/p>\n<p class=\"x_MsoNormal\"><b>Mutir\u00e3o do Glaucoma do Cenoe \u2013 <\/b>Com Caminhada <b><\/b><\/p>\n<p class=\"x_MsoNormal\"><b>Data: <\/b>10 de dezembro (s\u00e1bado)<\/p>\n<p class=\"x_MsoNormal\"><b>Local:<\/b> Cenoe Hospital de Olhos, na Avenida Soares Lopes, em frente ao Centro de Conven\u00e7\u00f5es de Ilh\u00e9us<\/p>\n<p class=\"x_MsoNormal\"><b>Hor\u00e1rio:<\/b> 07h da manh\u00e3<\/p>\n<p class=\"x_MsoNormal\"><b>Gratuito <\/b><\/p>\n","protected":false},"excerpt":{"rendered":"<p>\u00a0 No pr\u00f3ximo dia 10 de dezembro, a popula\u00e7\u00e3o de Ilh\u00e9us poder\u00e1 participar de mutir\u00e3o com caminhada de conscientiza\u00e7\u00e3o sobre o glaucoma. O grupo partir\u00e1 \u00e0s 7h da frente do Cenoe Hospital de Olhos, na Avenida Soares Lopes. O oftalmologista Ant\u00f4nio Nogueira, diretor t\u00e9cnico do Cenoe e coordenador da a\u00e7\u00e3o, revela que o mutir\u00e3o de [&hellip;]<\/p>\n","protected":false},"author":2,"featured_media":0,"comment_status":"open","ping_status":"open","sticky":false,"template":"","format":"standard","meta":{"_links_to":"","_links_to_target":""},"categories":[9],"tags":[220],"_links":{"self":[{"href":"https:\/\/www.ilheusnoticias.net.br\/v1\/wp-json\/wp\/v2\/posts\/2793"}],"collection":[{"href":"https:\/\/www.ilheusnoticias.net.br\/v1\/wp-json\/wp\/v2\/posts"}],"about":[{"href":"https:\/\/www.ilheusnoticias.net.br\/v1\/wp-json\/wp\/v2\/types\/post"}],"author":[{"embeddable":true,"href":"https:\/\/www.ilheusnoticias.net.br\/v1\/wp-json\/wp\/v2\/users\/2"}],"replies":[{"embeddable":true,"href":"https:\/\/www.ilheusnoticias.net.br\/v1\/wp-json\/wp\/v2\/comments?post=2793"}],"version-history":[{"count":1,"href":"https:\/\/www.ilheusnoticias.net.br\/v1\/wp-json\/wp\/v2\/posts\/2793\/revisions"}],"predecessor-version":[{"id":2795,"href":"https:\/\/www.ilheusnoticias.net.br\/v1\/wp-json\/wp\/v2\/posts\/2793\/revisions\/2795"}],"wp:attachment":[{"href":"https:\/\/www.ilheusnoticias.net.br\/v1\/wp-json\/wp\/v2\/media?parent=2793"}],"wp:term":[{"taxonomy":"category","embeddable":true,"href":"https:\/\/www.ilheusnoticias.net.br\/v1\/wp-json\/wp\/v2\/categories?post=2793"},{"taxonomy":"post_tag","embeddable":true,"href":"https:\/\/www.ilheusnoticias.net.br\/v1\/wp-json\/wp\/v2\/tags?post=2793"}],"curies":[{"name":"wp","href":"https:\/\/api.w.org\/{rel}","templated":true}]}}