{"id":27919,"date":"2021-09-08T13:02:21","date_gmt":"2021-09-08T16:02:21","guid":{"rendered":"http:\/\/www.ilheusnoticias.net.br\/v1\/?p=27919"},"modified":"2021-09-08T13:02:21","modified_gmt":"2021-09-08T16:02:21","slug":"violencia-em-ilheus-policial-militar-e-atingido-por-tiro-de-raspao-durante-tiroteio-na-praia-da-barra","status":"publish","type":"post","link":"https:\/\/www.ilheusnoticias.net.br\/v1\/2021\/09\/08\/violencia-em-ilheus-policial-militar-e-atingido-por-tiro-de-raspao-durante-tiroteio-na-praia-da-barra\/","title":{"rendered":"Viol\u00eancia em Ilh\u00e9us: Policial militar \u00e9 atingido por tiro de rasp\u00e3o durante tiroteio na praia da Barra"},"content":{"rendered":"<h2 class=\"PostHeaderIcon-wrapper\"><\/h2>\n<div class=\"PostContent\">\n<div id=\"attachment_67531\" class=\"wp-caption aligncenter\"><img loading=\"lazy\" class=\"size-full wp-image-67531\" src=\"http:\/\/www.fabiorobertonoticias.com.br\/v1\/wp-content\/uploads\/2021\/09\/IMG-20210907-WA0888-e1631052933877.jpg\" alt=\"Popula\u00e7\u00e3o aglomerou na praia.\" width=\"555\" height=\"1014\" \/><\/p>\n<p class=\"wp-caption-text\">Popula\u00e7\u00e3o aglomerou na praia.<\/p>\n<\/div>\n<p>Um policial militar de Ilh\u00e9us foi atingido por um tiro de rasp\u00e3o durante intenso tiroteio entre criminosos, no in\u00edcio da tarde desta ter\u00e7a-feira (07), na praia da boca da Barra, zona norte de Ilh\u00e9us.<\/p>\n<p>O policial militar est\u00e1 consciente e passa bem. De acordo com um \u00e1udio do PM nas redes sociais, os elementos utilizaram um carro, modelo Fiesta, de cor branca, e tomaram rumo sentido Litor\u00e2nea Norte, no Malhado.<\/p>\n<p>Al\u00e9m do policial, outras duas pessoas tamb\u00e9m foram alvejadas. Robert Silva morreu no local e Rafael, do Alto do Coqueiro, foi levado com vida para o hospital.<\/p>\n<p>Mat\u00e9ria F\u00e1bio Roberto<\/p>\n<\/div>\n","protected":false},"excerpt":{"rendered":"<p>Popula\u00e7\u00e3o aglomerou na praia. Um policial militar de Ilh\u00e9us foi atingido por um tiro de rasp\u00e3o durante intenso tiroteio entre criminosos, no in\u00edcio da tarde desta ter\u00e7a-feira (07), na praia da boca da Barra, zona norte de Ilh\u00e9us. O policial militar est\u00e1 consciente e passa bem. De acordo com um \u00e1udio do PM nas redes [&hellip;]<\/p>\n","protected":false},"author":2,"featured_media":0,"comment_status":"open","ping_status":"open","sticky":false,"template":"","format":"standard","meta":{"_links_to":"","_links_to_target":""},"categories":[8,1,5],"tags":[],"_links":{"self":[{"href":"https:\/\/www.ilheusnoticias.net.br\/v1\/wp-json\/wp\/v2\/posts\/27919"}],"collection":[{"href":"https:\/\/www.ilheusnoticias.net.br\/v1\/wp-json\/wp\/v2\/posts"}],"about":[{"href":"https:\/\/www.ilheusnoticias.net.br\/v1\/wp-json\/wp\/v2\/types\/post"}],"author":[{"embeddable":true,"href":"https:\/\/www.ilheusnoticias.net.br\/v1\/wp-json\/wp\/v2\/users\/2"}],"replies":[{"embeddable":true,"href":"https:\/\/www.ilheusnoticias.net.br\/v1\/wp-json\/wp\/v2\/comments?post=27919"}],"version-history":[{"count":1,"href":"https:\/\/www.ilheusnoticias.net.br\/v1\/wp-json\/wp\/v2\/posts\/27919\/revisions"}],"predecessor-version":[{"id":27920,"href":"https:\/\/www.ilheusnoticias.net.br\/v1\/wp-json\/wp\/v2\/posts\/27919\/revisions\/27920"}],"wp:attachment":[{"href":"https:\/\/www.ilheusnoticias.net.br\/v1\/wp-json\/wp\/v2\/media?parent=27919"}],"wp:term":[{"taxonomy":"category","embeddable":true,"href":"https:\/\/www.ilheusnoticias.net.br\/v1\/wp-json\/wp\/v2\/categories?post=27919"},{"taxonomy":"post_tag","embeddable":true,"href":"https:\/\/www.ilheusnoticias.net.br\/v1\/wp-json\/wp\/v2\/tags?post=27919"}],"curies":[{"name":"wp","href":"https:\/\/api.w.org\/{rel}","templated":true}]}}