{"id":27917,"date":"2021-09-08T12:56:36","date_gmt":"2021-09-08T15:56:36","guid":{"rendered":"http:\/\/www.ilheusnoticias.net.br\/v1\/?p=27917"},"modified":"2021-09-08T12:56:36","modified_gmt":"2021-09-08T15:56:36","slug":"procurado-ha-24-anos-suspeito-de-atuar-em-chacina-e-preso-em-porto-seguro","status":"publish","type":"post","link":"https:\/\/www.ilheusnoticias.net.br\/v1\/2021\/09\/08\/procurado-ha-24-anos-suspeito-de-atuar-em-chacina-e-preso-em-porto-seguro\/","title":{"rendered":"Procurado h\u00e1 24 anos, suspeito de atuar em chacina \u00e9 preso em Porto Seguro"},"content":{"rendered":"<h3 class=\"post-title entry-title\"><\/h3>\n<div id=\"post-body-8533952146677906435\" class=\"post-body entry-content\">\n<div class=\"separator\"><a href=\"https:\/\/1.bp.blogspot.com\/-TRDnEshnpUI\/YTjNdZKqISI\/AAAAAAAAonU\/Cay462X0C9kTP_2TbRcRoy3F4sayS9XxwCLcBGAsYHQ\/s600\/aaefeghrthr.jpg\"><img loading=\"lazy\" src=\"https:\/\/1.bp.blogspot.com\/-TRDnEshnpUI\/YTjNdZKqISI\/AAAAAAAAonU\/Cay462X0C9kTP_2TbRcRoy3F4sayS9XxwCLcBGAsYHQ\/w576-h403\/aaefeghrthr.jpg\" alt=\"\" width=\"576\" height=\"403\" border=\"0\" data-original-height=\"420\" data-original-width=\"600\" \/><\/a><\/div>\n<p>Um fugitivo que era procurado pela pol\u00edcia do estado do Esp\u00edrito Santo por atuar em uma chacina, em 1997, foi preso no in\u00edcio desta semana (6), no munic\u00edpio de Porto Seguro.<\/p>\n<p>De acordo com informa\u00e7\u00f5es da Pol\u00edcia Civil, a chacina vitimou sete pessoas de uma mesma fam\u00edlia, no munic\u00edpio de Viana (ES). Al\u00e9m disso, o homem tamb\u00e9m \u00e9 suspeito de fazer parte de uma quadrilha com cerca de 20 integrantes, especializada em roubo de gado, grilagem de terras e \u2018pistolagem\u2019.<\/p>\n<p>O mandado de pris\u00e3o foi cumprido na orla da cidade. Durante a abordagem, ele tamb\u00e9m foi autuado por falsidade ideol\u00f3gica, ap\u00f3s apresentar documento com nome falso.<\/p>\n<p>O coordenador da 23\u00aa Coordenadoria Regional de Pol\u00edcia do Interior (Coorpin\/Eun\u00e1polis), delegado Mois\u00e9s Damasceno, informou que ele estava sendo monitorado.<\/p>\n<p>\u201cAp\u00f3s o contato com a pol\u00edcia capixaba, foi feito o acompanhamento por equipes da Deltur. Ele transitava em seu ve\u00edculo quando foi interceptado\u201d, afirmou. O homem segue preso, \u00e0 disposi\u00e7\u00e3o do Poder Judici\u00e1rio.<\/p>\n<\/div>\n","protected":false},"excerpt":{"rendered":"<p>Um fugitivo que era procurado pela pol\u00edcia do estado do Esp\u00edrito Santo por atuar em uma chacina, em 1997, foi preso no in\u00edcio desta semana (6), no munic\u00edpio de Porto Seguro. De acordo com informa\u00e7\u00f5es da Pol\u00edcia Civil, a chacina vitimou sete pessoas de uma mesma fam\u00edlia, no munic\u00edpio de Viana (ES). Al\u00e9m disso, o [&hellip;]<\/p>\n","protected":false},"author":2,"featured_media":0,"comment_status":"open","ping_status":"open","sticky":false,"template":"","format":"standard","meta":{"_links_to":"","_links_to_target":""},"categories":[7,9,8,1],"tags":[],"_links":{"self":[{"href":"https:\/\/www.ilheusnoticias.net.br\/v1\/wp-json\/wp\/v2\/posts\/27917"}],"collection":[{"href":"https:\/\/www.ilheusnoticias.net.br\/v1\/wp-json\/wp\/v2\/posts"}],"about":[{"href":"https:\/\/www.ilheusnoticias.net.br\/v1\/wp-json\/wp\/v2\/types\/post"}],"author":[{"embeddable":true,"href":"https:\/\/www.ilheusnoticias.net.br\/v1\/wp-json\/wp\/v2\/users\/2"}],"replies":[{"embeddable":true,"href":"https:\/\/www.ilheusnoticias.net.br\/v1\/wp-json\/wp\/v2\/comments?post=27917"}],"version-history":[{"count":1,"href":"https:\/\/www.ilheusnoticias.net.br\/v1\/wp-json\/wp\/v2\/posts\/27917\/revisions"}],"predecessor-version":[{"id":27918,"href":"https:\/\/www.ilheusnoticias.net.br\/v1\/wp-json\/wp\/v2\/posts\/27917\/revisions\/27918"}],"wp:attachment":[{"href":"https:\/\/www.ilheusnoticias.net.br\/v1\/wp-json\/wp\/v2\/media?parent=27917"}],"wp:term":[{"taxonomy":"category","embeddable":true,"href":"https:\/\/www.ilheusnoticias.net.br\/v1\/wp-json\/wp\/v2\/categories?post=27917"},{"taxonomy":"post_tag","embeddable":true,"href":"https:\/\/www.ilheusnoticias.net.br\/v1\/wp-json\/wp\/v2\/tags?post=27917"}],"curies":[{"name":"wp","href":"https:\/\/api.w.org\/{rel}","templated":true}]}}