{"id":27915,"date":"2021-09-08T12:52:41","date_gmt":"2021-09-08T15:52:41","guid":{"rendered":"http:\/\/www.ilheusnoticias.net.br\/v1\/?p=27915"},"modified":"2021-09-08T12:52:41","modified_gmt":"2021-09-08T15:52:41","slug":"bahia-tem-menor-numero-de-casos-ativos-da-covid-19-desde-maio","status":"publish","type":"post","link":"https:\/\/www.ilheusnoticias.net.br\/v1\/2021\/09\/08\/bahia-tem-menor-numero-de-casos-ativos-da-covid-19-desde-maio\/","title":{"rendered":"Bahia tem menor n\u00famero de casos ativos da covid-19 desde maio"},"content":{"rendered":"<header class=\"entry-header\">\n<h2 class=\"entry-title\"><\/h2>\n<\/header>\n<div class=\"entry-content\">\n<p><img loading=\"lazy\" class=\"wp-image-111273 aligncenter\" src=\"https:\/\/giroemipiau1.com.br\/wp-content\/uploads\/2021\/08\/teste-covid-bahia.jpg\" sizes=\"(max-width: 500px) 100vw, 500px\" srcset=\"https:\/\/giroemipiau1.com.br\/wp-content\/uploads\/2021\/08\/teste-covid-bahia.jpg 984w, https:\/\/giroemipiau1.com.br\/wp-content\/uploads\/2021\/08\/teste-covid-bahia-300x200.jpg 300w, https:\/\/giroemipiau1.com.br\/wp-content\/uploads\/2021\/08\/teste-covid-bahia-768x513.jpg 768w\" alt=\"\" width=\"500\" height=\"334\" \/>A Bahia registrou 29 mortes e 693 novos casos de covid-19 (taxa de crescimento de +0,2%) em 24h, de acordo com boletim epidemiol\u00f3gico divulgado pela Secretaria da Sa\u00fade do Estado (Sesab) no final da tarde desta ter\u00e7a-feira (13). S\u00e3o 1.342 pacientes curados (+0,4%) no mesmo per\u00edodo, o que fez o n\u00famero de casos ativos baixar para 5.876, o menor patamar desde o dia 16 de maio.<\/p>\n<p>Apesar da redu\u00e7\u00e3o em todo o estado, Salvador tem registrado crescimento dos casos ativos: nesta ter\u00e7a, s\u00e3o 1.107. Dos 327.327 casos confirmados desde o in\u00edcio da pandemia, 314.263 j\u00e1 s\u00e3o considerados curados. As informa\u00e7\u00f5es e imagem s\u00e3o do Correio 24horas.<\/p>\n<p>Para fins estat\u00edsticos, a vigil\u00e2ncia epidemiol\u00f3gica estadual considera um paciente recuperado ap\u00f3s 14 dias do in\u00edcio dos sintomas da covid-19. J\u00e1 os casos ativos s\u00e3o resultado do seguinte c\u00e1lculo: n\u00famero de casos totais, menos os \u00f3bitos, menos os recuperados. Os c\u00e1lculos s\u00e3o realizados de modo autom\u00e1tico.<\/p>\n<\/div>\n","protected":false},"excerpt":{"rendered":"<p>A Bahia registrou 29 mortes e 693 novos casos de covid-19 (taxa de crescimento de +0,2%) em 24h, de acordo com boletim epidemiol\u00f3gico divulgado pela Secretaria da Sa\u00fade do Estado (Sesab) no final da tarde desta ter\u00e7a-feira (13). S\u00e3o 1.342 pacientes curados (+0,4%) no mesmo per\u00edodo, o que fez o n\u00famero de casos ativos baixar [&hellip;]<\/p>\n","protected":false},"author":2,"featured_media":0,"comment_status":"open","ping_status":"open","sticky":false,"template":"","format":"standard","meta":{"_links_to":"","_links_to_target":""},"categories":[7,9,8,1],"tags":[],"_links":{"self":[{"href":"https:\/\/www.ilheusnoticias.net.br\/v1\/wp-json\/wp\/v2\/posts\/27915"}],"collection":[{"href":"https:\/\/www.ilheusnoticias.net.br\/v1\/wp-json\/wp\/v2\/posts"}],"about":[{"href":"https:\/\/www.ilheusnoticias.net.br\/v1\/wp-json\/wp\/v2\/types\/post"}],"author":[{"embeddable":true,"href":"https:\/\/www.ilheusnoticias.net.br\/v1\/wp-json\/wp\/v2\/users\/2"}],"replies":[{"embeddable":true,"href":"https:\/\/www.ilheusnoticias.net.br\/v1\/wp-json\/wp\/v2\/comments?post=27915"}],"version-history":[{"count":1,"href":"https:\/\/www.ilheusnoticias.net.br\/v1\/wp-json\/wp\/v2\/posts\/27915\/revisions"}],"predecessor-version":[{"id":27916,"href":"https:\/\/www.ilheusnoticias.net.br\/v1\/wp-json\/wp\/v2\/posts\/27915\/revisions\/27916"}],"wp:attachment":[{"href":"https:\/\/www.ilheusnoticias.net.br\/v1\/wp-json\/wp\/v2\/media?parent=27915"}],"wp:term":[{"taxonomy":"category","embeddable":true,"href":"https:\/\/www.ilheusnoticias.net.br\/v1\/wp-json\/wp\/v2\/categories?post=27915"},{"taxonomy":"post_tag","embeddable":true,"href":"https:\/\/www.ilheusnoticias.net.br\/v1\/wp-json\/wp\/v2\/tags?post=27915"}],"curies":[{"name":"wp","href":"https:\/\/api.w.org\/{rel}","templated":true}]}}