{"id":27872,"date":"2021-09-01T21:13:57","date_gmt":"2021-09-02T00:13:57","guid":{"rendered":"http:\/\/www.ilheusnoticias.net.br\/v1\/?p=27872"},"modified":"2021-09-01T21:13:57","modified_gmt":"2021-09-02T00:13:57","slug":"soane-galvao-agradece-ao-governador-rui-costa-por-entrega-de-ponte-e-melhorias-no-litoral-norte-de-ilheus","status":"publish","type":"post","link":"https:\/\/www.ilheusnoticias.net.br\/v1\/2021\/09\/01\/soane-galvao-agradece-ao-governador-rui-costa-por-entrega-de-ponte-e-melhorias-no-litoral-norte-de-ilheus\/","title":{"rendered":"Soane Galv\u00e3o agradece ao governador Rui Costa por entrega de ponte e melhorias no litoral norte de Ilh\u00e9us"},"content":{"rendered":"<p><a href=\"http:\/\/www.ilheusnoticias.net.br\/v1\/wp-content\/uploads\/2021\/09\/WhatsApp-Image-2021-09-01-at-17.20.57.jpeg\" rel=\"attachment wp-att-27873\"><img loading=\"lazy\" class=\"aligncenter  wp-image-27873\" src=\"http:\/\/www.ilheusnoticias.net.br\/v1\/wp-content\/uploads\/2021\/09\/WhatsApp-Image-2021-09-01-at-17.20.57.jpeg\" alt=\"WhatsApp Image 2021-09-01 at 17.20.57\" width=\"569\" height=\"390\" srcset=\"https:\/\/www.ilheusnoticias.net.br\/v1\/wp-content\/uploads\/2021\/09\/WhatsApp-Image-2021-09-01-at-17.20.57.jpeg 1599w, https:\/\/www.ilheusnoticias.net.br\/v1\/wp-content\/uploads\/2021\/09\/WhatsApp-Image-2021-09-01-at-17.20.57-300x206.jpeg 300w, https:\/\/www.ilheusnoticias.net.br\/v1\/wp-content\/uploads\/2021\/09\/WhatsApp-Image-2021-09-01-at-17.20.57-1024x703.jpeg 1024w\" sizes=\"(max-width: 569px) 100vw, 569px\" \/><\/a><\/p>\n<p>Acompanhando o governador Rui Costa no ato de entrega da ponte sobre o Rio Almada, Soane Galv\u00e3o agradeceu ao dirigente estadual o compromisso firmado com os munic\u00edpios do Sul da Bahia, selado por meio da amplia\u00e7\u00e3o dos investimentos direcionados \u00e0 regi\u00e3o. Figura fundamental no processo de articula\u00e7\u00e3o pol\u00edtica em benef\u00edcio da regi\u00e3o, Soane destacou a import\u00e2ncia da constru\u00e7\u00e3o do Porto Sul para a retomada do projeto de desenvolvimento econ\u00f4mico de Ilh\u00e9us.<\/p>\n<p>\u201cSomos gratos ao governador e \u00e0 sua equipe por todo trabalho realizado em prol da nossa cidade. S\u00e3o investimentos pontuais nas \u00e1reas da sa\u00fade, educa\u00e7\u00e3o e infraestrutura, que atendem as principais demandas da popula\u00e7\u00e3o, n\u00e3o apenas de Ilh\u00e9us, mas de toda a regi\u00e3o Sul da Bahia. A entrega dessa obra reflete um importante passo dentre tantos outros que temos dado\u201d, destacou Soane Galv\u00e3o.<\/p>\n<p><a href=\"http:\/\/www.ilheusnoticias.net.br\/v1\/wp-content\/uploads\/2021\/09\/WhatsApp-Image-2021-09-01-at-17.21.00.jpeg\" rel=\"attachment wp-att-27874\"><img loading=\"lazy\" class=\"aligncenter  wp-image-27874\" src=\"http:\/\/www.ilheusnoticias.net.br\/v1\/wp-content\/uploads\/2021\/09\/WhatsApp-Image-2021-09-01-at-17.21.00.jpeg\" alt=\"WhatsApp Image 2021-09-01 at 17.21.00\" width=\"569\" height=\"354\" srcset=\"https:\/\/www.ilheusnoticias.net.br\/v1\/wp-content\/uploads\/2021\/09\/WhatsApp-Image-2021-09-01-at-17.21.00.jpeg 1599w, https:\/\/www.ilheusnoticias.net.br\/v1\/wp-content\/uploads\/2021\/09\/WhatsApp-Image-2021-09-01-at-17.21.00-300x186.jpeg 300w, https:\/\/www.ilheusnoticias.net.br\/v1\/wp-content\/uploads\/2021\/09\/WhatsApp-Image-2021-09-01-at-17.21.00-1024x637.jpeg 1024w\" sizes=\"(max-width: 569px) 100vw, 569px\" \/><\/a><\/p>\n<p>O governador anunciou novas realiza\u00e7\u00f5es, que consistem na entrega do Hospital Materno-Infantil de alta complexidade e da UPA 24h da Avenida Esperan\u00e7a, prevista para os meses de setembro e dezembro, respectivamente, al\u00e9m da requalifica\u00e7\u00e3o do trecho que d\u00e1 acesso ao litoral norte de Ilh\u00e9us. Visando fortalecer e integrar a regi\u00e3o, Rui tamb\u00e9m anunciou a licita\u00e7\u00e3o para execu\u00e7\u00e3o da implanta\u00e7\u00e3o da BA-649, que liga Ilh\u00e9us a Itabuna.<\/p>\n<p>\u201cTodo trabalho \u00e9 resultado do empenho do governador e do prefeito M\u00e1rio Alexandre, que s\u00e3o os principais respons\u00e1veis por elevar o desenvolvimento econ\u00f4mico e social do nosso munic\u00edpio\u201d, finalizou Soane Galv\u00e3o.<\/p>\n","protected":false},"excerpt":{"rendered":"<p>Acompanhando o governador Rui Costa no ato de entrega da ponte sobre o Rio Almada, Soane Galv\u00e3o agradeceu ao dirigente estadual o compromisso firmado com os munic\u00edpios do Sul da Bahia, selado por meio da amplia\u00e7\u00e3o dos investimentos direcionados \u00e0 regi\u00e3o. Figura fundamental no processo de articula\u00e7\u00e3o pol\u00edtica em benef\u00edcio da regi\u00e3o, Soane destacou a [&hellip;]<\/p>\n","protected":false},"author":2,"featured_media":0,"comment_status":"open","ping_status":"open","sticky":false,"template":"","format":"standard","meta":{"_links_to":"","_links_to_target":""},"categories":[7,9,1,4],"tags":[],"_links":{"self":[{"href":"https:\/\/www.ilheusnoticias.net.br\/v1\/wp-json\/wp\/v2\/posts\/27872"}],"collection":[{"href":"https:\/\/www.ilheusnoticias.net.br\/v1\/wp-json\/wp\/v2\/posts"}],"about":[{"href":"https:\/\/www.ilheusnoticias.net.br\/v1\/wp-json\/wp\/v2\/types\/post"}],"author":[{"embeddable":true,"href":"https:\/\/www.ilheusnoticias.net.br\/v1\/wp-json\/wp\/v2\/users\/2"}],"replies":[{"embeddable":true,"href":"https:\/\/www.ilheusnoticias.net.br\/v1\/wp-json\/wp\/v2\/comments?post=27872"}],"version-history":[{"count":1,"href":"https:\/\/www.ilheusnoticias.net.br\/v1\/wp-json\/wp\/v2\/posts\/27872\/revisions"}],"predecessor-version":[{"id":27875,"href":"https:\/\/www.ilheusnoticias.net.br\/v1\/wp-json\/wp\/v2\/posts\/27872\/revisions\/27875"}],"wp:attachment":[{"href":"https:\/\/www.ilheusnoticias.net.br\/v1\/wp-json\/wp\/v2\/media?parent=27872"}],"wp:term":[{"taxonomy":"category","embeddable":true,"href":"https:\/\/www.ilheusnoticias.net.br\/v1\/wp-json\/wp\/v2\/categories?post=27872"},{"taxonomy":"post_tag","embeddable":true,"href":"https:\/\/www.ilheusnoticias.net.br\/v1\/wp-json\/wp\/v2\/tags?post=27872"}],"curies":[{"name":"wp","href":"https:\/\/api.w.org\/{rel}","templated":true}]}}