{"id":27866,"date":"2021-09-01T15:54:43","date_gmt":"2021-09-01T18:54:43","guid":{"rendered":"http:\/\/www.ilheusnoticias.net.br\/v1\/?p=27866"},"modified":"2021-09-01T15:54:43","modified_gmt":"2021-09-01T18:54:43","slug":"mulher-morre-apos-ser-esfaqueada-no-pescoco-em-discussao-autor-do-crime-foi-preso","status":"publish","type":"post","link":"https:\/\/www.ilheusnoticias.net.br\/v1\/2021\/09\/01\/mulher-morre-apos-ser-esfaqueada-no-pescoco-em-discussao-autor-do-crime-foi-preso\/","title":{"rendered":"Mulher morre ap\u00f3s ser esfaqueada no pesco\u00e7o em discuss\u00e3o ; autor do crime foi preso"},"content":{"rendered":"<div class=\"row content-head non-featured \"><\/div>\n<div class=\"content__signa-share\">\n<div class=\"content__signature\"><\/div>\n<div class=\"content__share-bar\"><\/div>\n<\/div>\n<div class=\"mc-article-body\">\n<article>\n<div class=\"bs-video-block mc-column  content-media content-video\" data-block-type=\"backstage-video\" data-block-id=\"0\">\n<div class=\"content-media__container\">\n<div class=\"content-video__bigger-player-description-fixer\">\n<article class=\"content-video\">\n<section class=\"content-video__video-container\">\n<div class=\"content-video__video\">\n<div class=\"content-video__placeholder\" data-video-id=\"9820792\"><img class=\"content-video__placeholder__thumb\" title=\"Mulher \u00e9 morta a facadas no munic\u00edpio de Itabela; confira\" src=\"https:\/\/s01.video.glbimg.com\/x240\/9820792.jpg\" alt=\"Mulher \u00e9 morta a facadas no munic\u00edpio de Itabela; confira\" \/><\/div>\n<div id=\"wp3-player-1\" class=\"clappr-player\" tabindex=\"9999\" data-player=\"\">\n<div class=\"dfp-ad-overlay dfp-ad-overlay--poster-mode\"><\/div>\n<div class=\"container-overlay\">Mulher \u00e9 morta a facadas no munic\u00edpio de Itabela; confira<\/div>\n<\/div>\n<\/div>\n<\/section>\n<\/article>\n<\/div>\n<\/div>\n<\/div>\n<div class=\"mc-column mc-side-item__container\" data-block-type=\"ads\" data-block-id=\"1\">\n<div class=\"mc-side-item mc-side-item--right content-ads content-ads--side-ad\">\n<div id=\"banner_materia1\" class=\"tag-manager-publicidade-container tag-manager-publicidade-banner_materia1 tag-manager-publicidade-container--carregado tag-manager-publicidade-container--visivel\" data-req=\"true\" data-google-query-id=\"CKzmvIW53vICFZE3uQYdWVYMog\" data-cid=\"138359985890\" data-lid=\"5766913104\">\n<div id=\"google_ads_iframe_\/95377733\/tvg_G1\/Sua_Regiao&gt;Nordeste&gt;Bahia_1__container__\" style=\"box-sizing: inherit; margin: auto; padding: 0px; border: 0pt none; font: inherit; vertical-align: initial; text-align: center;\"><\/div>\n<\/div>\n<\/div>\n<\/div>\n<div class=\"mc-column content-text active-extra-styles \" data-block-type=\"unstyled\" data-block-weight=\"45\" data-block-id=\"2\">\n<p class=\"content-text__container \" data-track-category=\"Link no Texto\" data-track-links=\"\">Uma mulher de 32 anos morreu ap\u00f3s ser esfaqueada no pesco\u00e7o durante uma discuss\u00e3o com um homem, na cidade de Itabela, no sul da Bahia. Conforme a Pol\u00edcia Civil, o autor do crime, Jos\u00e9 Nilton Ramos dos Santos, de 50 anos, foi preso em flagrante.<\/p>\n<\/div>\n<div class=\"wall protected-content\">\n<div class=\"mc-column content-text active-extra-styles \" data-block-type=\"unstyled\" data-block-weight=\"23\" data-block-id=\"3\">\n<p class=\"content-text__container \" data-track-category=\"Link no Texto\" data-track-links=\"\">O caso aconteceu na ter\u00e7a-feira (31) no bairro Bandeirantes. Segundo informa\u00e7\u00f5es da pol\u00edcia, a v\u00edtima foi identificada como Michele Freitas da Silva.<\/p>\n<\/div>\n<div class=\"mc-column content-text active-extra-styles \" data-block-type=\"unstyled\" data-block-weight=\"39\" data-block-id=\"4\">\n<p class=\"content-text__container \" data-track-category=\"Link no Texto\" data-track-links=\"\">De acordo com a pol\u00edcia, o crime aconteceu durante uma discuss\u00e3o entre o autor e Michele Silva, na casa onde ela fazia faxina. Jos\u00e9 Nilton disse em depoimento que a mulher tentou dar uma garrafada nele e ele reagiu.<\/p>\n<\/div>\n<div class=\"mc-column content-text active-extra-styles \" data-block-type=\"unstyled\" data-block-weight=\"17\" data-block-id=\"5\">\n<p class=\"content-text__container \" data-track-category=\"Link no Texto\" data-track-links=\"\">O homem est\u00e1 preso na delegacia de Itabela e ser\u00e1 transferido para o Conjunto Penal de Eun\u00e1polis.<\/p>\n<\/div>\n<\/div>\n<\/article>\n<\/div>\n","protected":false},"excerpt":{"rendered":"<p>Mulher \u00e9 morta a facadas no munic\u00edpio de Itabela; confira Uma mulher de 32 anos morreu ap\u00f3s ser esfaqueada no pesco\u00e7o durante uma discuss\u00e3o com um homem, na cidade de Itabela, no sul da Bahia. Conforme a Pol\u00edcia Civil, o autor do crime, Jos\u00e9 Nilton Ramos dos Santos, de 50 anos, foi preso em flagrante. [&hellip;]<\/p>\n","protected":false},"author":2,"featured_media":0,"comment_status":"open","ping_status":"open","sticky":false,"template":"","format":"standard","meta":{"_links_to":"","_links_to_target":""},"categories":[7,9,8,1],"tags":[],"_links":{"self":[{"href":"https:\/\/www.ilheusnoticias.net.br\/v1\/wp-json\/wp\/v2\/posts\/27866"}],"collection":[{"href":"https:\/\/www.ilheusnoticias.net.br\/v1\/wp-json\/wp\/v2\/posts"}],"about":[{"href":"https:\/\/www.ilheusnoticias.net.br\/v1\/wp-json\/wp\/v2\/types\/post"}],"author":[{"embeddable":true,"href":"https:\/\/www.ilheusnoticias.net.br\/v1\/wp-json\/wp\/v2\/users\/2"}],"replies":[{"embeddable":true,"href":"https:\/\/www.ilheusnoticias.net.br\/v1\/wp-json\/wp\/v2\/comments?post=27866"}],"version-history":[{"count":1,"href":"https:\/\/www.ilheusnoticias.net.br\/v1\/wp-json\/wp\/v2\/posts\/27866\/revisions"}],"predecessor-version":[{"id":27867,"href":"https:\/\/www.ilheusnoticias.net.br\/v1\/wp-json\/wp\/v2\/posts\/27866\/revisions\/27867"}],"wp:attachment":[{"href":"https:\/\/www.ilheusnoticias.net.br\/v1\/wp-json\/wp\/v2\/media?parent=27866"}],"wp:term":[{"taxonomy":"category","embeddable":true,"href":"https:\/\/www.ilheusnoticias.net.br\/v1\/wp-json\/wp\/v2\/categories?post=27866"},{"taxonomy":"post_tag","embeddable":true,"href":"https:\/\/www.ilheusnoticias.net.br\/v1\/wp-json\/wp\/v2\/tags?post=27866"}],"curies":[{"name":"wp","href":"https:\/\/api.w.org\/{rel}","templated":true}]}}