{"id":27864,"date":"2021-09-01T15:51:25","date_gmt":"2021-09-01T18:51:25","guid":{"rendered":"http:\/\/www.ilheusnoticias.net.br\/v1\/?p=27864"},"modified":"2021-09-01T15:51:25","modified_gmt":"2021-09-01T18:51:25","slug":"rui-costa-participa-da-inauguracao-de-ponte-do-complexo-porto-sul","status":"publish","type":"post","link":"https:\/\/www.ilheusnoticias.net.br\/v1\/2021\/09\/01\/rui-costa-participa-da-inauguracao-de-ponte-do-complexo-porto-sul\/","title":{"rendered":"Rui Costa participa da inaugura\u00e7\u00e3o de ponte do complexo Porto Sul"},"content":{"rendered":"<h3 class=\"post-title entry-title\">\u00a0<a href=\"https:\/\/1.bp.blogspot.com\/-mJkCwSZg2qo\/YS-6rZpAsTI\/AAAAAAAAoaY\/9x1cbEDyYGAMyx_KEar6IrDOOf-o6ldcQCLcBGAsYHQ\/s600\/aadfff.jpg\"><img loading=\"lazy\" src=\"https:\/\/1.bp.blogspot.com\/-mJkCwSZg2qo\/YS-6rZpAsTI\/AAAAAAAAoaY\/9x1cbEDyYGAMyx_KEar6IrDOOf-o6ldcQCLcBGAsYHQ\/w529-h370\/aadfff.jpg\" alt=\"\" width=\"529\" height=\"370\" border=\"0\" data-original-height=\"420\" data-original-width=\"600\" \/><\/a><\/h3>\n<div id=\"post-body-5474619323595185251\" class=\"post-body entry-content\">\n<p>Primeira obra conclu\u00edda entre as que antecedem a constru\u00e7\u00e3o do Porto Sul, a ponte sobre o Rio Almada, em Ilh\u00e9us, foi inaugurada nesta quarta-feira (1\u00b0), com a presen\u00e7a do governador Rui Costa. O conjunto das interven\u00e7\u00f5es iniciais est\u00e1 40% conclu\u00eddo. A ponte se junta a outras obras em andamento \u2013 13 quil\u00f4metros de vias, rotat\u00f3rias, desvios e trabalhos de sinaliza\u00e7\u00e3o, al\u00e9m de a\u00e7\u00f5es socioambientais.<\/p>\n<p>As obras est\u00e3o sendo realizadas pela Bamin, empresa que est\u00e1 \u00e0 frente do complexo de desenvolvimento que envolve a Mina Pedra de Ferro, o Porto Sul e o trecho 01 da Ferrovia de Integra\u00e7\u00e3o Oeste-Leste (Fiol), entre os munic\u00edpios de Ilh\u00e9us e Caetit\u00e9. A ponte sobre o Rio Almada conecta a BA-001 \u00e0 futura \u00e1rea industrial do Porto Sul.<\/p>\n<p>\u201cEsse \u00e9 um marco importante desse grande projeto de infraestrutura log\u00edstica e produtiva do estado da Bahia. \u00c9 um projeto que se iniciou no final da d\u00e9cada de 50, com um professor da Universidade Federal da Bahia chamado Vasco Neto, que fez o tra\u00e7ado dessa ferrovia, e outras pessoas, como o ex-governador Jaques Wagner, agregaram o conceito de fazer um porto aqui na regi\u00e3o sul, hoje viabilizado pela Bamin. Teremos a conclus\u00e3o em breve do trecho de ferrovia, mas o Estado da Bahia tem o compromisso e far\u00e1 a extens\u00e3o de Caetit\u00e9 at\u00e9 o oeste\u201d, disse Rui.<\/p>\n<\/div>\n","protected":false},"excerpt":{"rendered":"<p>\u00a0 Primeira obra conclu\u00edda entre as que antecedem a constru\u00e7\u00e3o do Porto Sul, a ponte sobre o Rio Almada, em Ilh\u00e9us, foi inaugurada nesta quarta-feira (1\u00b0), com a presen\u00e7a do governador Rui Costa. O conjunto das interven\u00e7\u00f5es iniciais est\u00e1 40% conclu\u00eddo. A ponte se junta a outras obras em andamento \u2013 13 quil\u00f4metros de vias, [&hellip;]<\/p>\n","protected":false},"author":2,"featured_media":0,"comment_status":"open","ping_status":"open","sticky":false,"template":"","format":"standard","meta":{"_links_to":"","_links_to_target":""},"categories":[7,9,8,1],"tags":[],"_links":{"self":[{"href":"https:\/\/www.ilheusnoticias.net.br\/v1\/wp-json\/wp\/v2\/posts\/27864"}],"collection":[{"href":"https:\/\/www.ilheusnoticias.net.br\/v1\/wp-json\/wp\/v2\/posts"}],"about":[{"href":"https:\/\/www.ilheusnoticias.net.br\/v1\/wp-json\/wp\/v2\/types\/post"}],"author":[{"embeddable":true,"href":"https:\/\/www.ilheusnoticias.net.br\/v1\/wp-json\/wp\/v2\/users\/2"}],"replies":[{"embeddable":true,"href":"https:\/\/www.ilheusnoticias.net.br\/v1\/wp-json\/wp\/v2\/comments?post=27864"}],"version-history":[{"count":1,"href":"https:\/\/www.ilheusnoticias.net.br\/v1\/wp-json\/wp\/v2\/posts\/27864\/revisions"}],"predecessor-version":[{"id":27865,"href":"https:\/\/www.ilheusnoticias.net.br\/v1\/wp-json\/wp\/v2\/posts\/27864\/revisions\/27865"}],"wp:attachment":[{"href":"https:\/\/www.ilheusnoticias.net.br\/v1\/wp-json\/wp\/v2\/media?parent=27864"}],"wp:term":[{"taxonomy":"category","embeddable":true,"href":"https:\/\/www.ilheusnoticias.net.br\/v1\/wp-json\/wp\/v2\/categories?post=27864"},{"taxonomy":"post_tag","embeddable":true,"href":"https:\/\/www.ilheusnoticias.net.br\/v1\/wp-json\/wp\/v2\/tags?post=27864"}],"curies":[{"name":"wp","href":"https:\/\/api.w.org\/{rel}","templated":true}]}}