{"id":27856,"date":"2021-09-01T10:52:11","date_gmt":"2021-09-01T13:52:11","guid":{"rendered":"http:\/\/www.ilheusnoticias.net.br\/v1\/?p=27856"},"modified":"2021-09-01T10:52:54","modified_gmt":"2021-09-01T13:52:54","slug":"quatro-pessoas-sao-baleadas-durante-atentado-a-tiros-em-bar-de-ibirapitanga","status":"publish","type":"post","link":"https:\/\/www.ilheusnoticias.net.br\/v1\/2021\/09\/01\/quatro-pessoas-sao-baleadas-durante-atentado-a-tiros-em-bar-de-ibirapitanga\/","title":{"rendered":"Quatro pessoas s\u00e3o baleadas durante atentado a tiros em bar de Ibirapitanga"},"content":{"rendered":"<h3 class=\"post-title entry-title\">\u00a0<a href=\"https:\/\/1.bp.blogspot.com\/-gs1BD7scjs8\/YS99HTDEUFI\/AAAAAAAAoaA\/_NMqc2HviasyStGpGc5wOHOHAhbe0OiQwCLcBGAsYHQ\/s640\/WhatsApp%2BImage%2B2021-02-08%2Bat%2B08.02.02.jpeg\"><img loading=\"lazy\" src=\"https:\/\/1.bp.blogspot.com\/-gs1BD7scjs8\/YS99HTDEUFI\/AAAAAAAAoaA\/_NMqc2HviasyStGpGc5wOHOHAhbe0OiQwCLcBGAsYHQ\/w535-h288\/WhatsApp%2BImage%2B2021-02-08%2Bat%2B08.02.02.jpeg\" alt=\"\" width=\"535\" height=\"288\" border=\"0\" data-original-height=\"344\" data-original-width=\"640\" \/><\/a><\/h3>\n<div id=\"post-body-782365158275490494\" class=\"post-body entry-content\">\n<p>Um atentado a tiros aconteceu na cidade sul baiana de Ibirapitanga, na noite de ontem (31), durante a realiza\u00e7\u00e3o de uma festa em um bar na regi\u00e3o central do munic\u00edpio.<\/p>\n<p>De acordo com informa\u00e7\u00f5es de testemunhas, criminosos armados, \u00e0 bordo de um ve\u00edculo, aproximaram-se e abriram fogo, \u00e0 esmo. Houve tumulto e correria, e quatro pessoas foram baleadas.<\/p>\n<p>Ap\u00f3s os disparos, os atiradores empreenderam fuga. A Pol\u00edcia Militar foi acionada, bem como uma equipe do Servi\u00e7o de Atendimento M\u00f3vel de Urg\u00eancia (Samu 192), que socorreu os quatro baleados para o Hospital de Base Lu\u00eds Eduardo Magalh\u00e3es, em Itabuna.<\/p>\n<p>Tr\u00eas das quatro v\u00edtimas foram identificadas pelos prenomes: Lu\u00eds, baleado com tr\u00eas tiros; Ian atingido com um tiro no abd\u00f4men e Neildes ferida com dois disparos. O jovem n\u00e3o identificado foi baleado nas costas.<\/p>\n<p>O estado de sa\u00fade das v\u00edtimas n\u00e3o foi divulgado. A Pol\u00edcia Civil investiga o ataque e a suspeita inicial \u00e9 de que tenha sido praticado por integrantes de organiza\u00e7\u00e3o criminosa de Itabuna ou Ilh\u00e9us.<\/p>\n<\/div>\n","protected":false},"excerpt":{"rendered":"<p>\u00a0 Um atentado a tiros aconteceu na cidade sul baiana de Ibirapitanga, na noite de ontem (31), durante a realiza\u00e7\u00e3o de uma festa em um bar na regi\u00e3o central do munic\u00edpio. De acordo com informa\u00e7\u00f5es de testemunhas, criminosos armados, \u00e0 bordo de um ve\u00edculo, aproximaram-se e abriram fogo, \u00e0 esmo. Houve tumulto e correria, e [&hellip;]<\/p>\n","protected":false},"author":2,"featured_media":0,"comment_status":"open","ping_status":"open","sticky":false,"template":"","format":"standard","meta":{"_links_to":"","_links_to_target":""},"categories":[7,9,8,1,5],"tags":[],"_links":{"self":[{"href":"https:\/\/www.ilheusnoticias.net.br\/v1\/wp-json\/wp\/v2\/posts\/27856"}],"collection":[{"href":"https:\/\/www.ilheusnoticias.net.br\/v1\/wp-json\/wp\/v2\/posts"}],"about":[{"href":"https:\/\/www.ilheusnoticias.net.br\/v1\/wp-json\/wp\/v2\/types\/post"}],"author":[{"embeddable":true,"href":"https:\/\/www.ilheusnoticias.net.br\/v1\/wp-json\/wp\/v2\/users\/2"}],"replies":[{"embeddable":true,"href":"https:\/\/www.ilheusnoticias.net.br\/v1\/wp-json\/wp\/v2\/comments?post=27856"}],"version-history":[{"count":2,"href":"https:\/\/www.ilheusnoticias.net.br\/v1\/wp-json\/wp\/v2\/posts\/27856\/revisions"}],"predecessor-version":[{"id":27858,"href":"https:\/\/www.ilheusnoticias.net.br\/v1\/wp-json\/wp\/v2\/posts\/27856\/revisions\/27858"}],"wp:attachment":[{"href":"https:\/\/www.ilheusnoticias.net.br\/v1\/wp-json\/wp\/v2\/media?parent=27856"}],"wp:term":[{"taxonomy":"category","embeddable":true,"href":"https:\/\/www.ilheusnoticias.net.br\/v1\/wp-json\/wp\/v2\/categories?post=27856"},{"taxonomy":"post_tag","embeddable":true,"href":"https:\/\/www.ilheusnoticias.net.br\/v1\/wp-json\/wp\/v2\/tags?post=27856"}],"curies":[{"name":"wp","href":"https:\/\/api.w.org\/{rel}","templated":true}]}}