{"id":27852,"date":"2021-09-01T10:44:43","date_gmt":"2021-09-01T13:44:43","guid":{"rendered":"http:\/\/www.ilheusnoticias.net.br\/v1\/?p=27852"},"modified":"2021-09-01T10:44:43","modified_gmt":"2021-09-01T13:44:43","slug":"produtor-rural-reencontra-amilia-apos-ser-levado-por-homens-armados-no-sul-da-ba-policia-investiga-extorsao-e-sequestro","status":"publish","type":"post","link":"https:\/\/www.ilheusnoticias.net.br\/v1\/2021\/09\/01\/produtor-rural-reencontra-amilia-apos-ser-levado-por-homens-armados-no-sul-da-ba-policia-investiga-extorsao-e-sequestro\/","title":{"rendered":"Produtor rural reencontra am\u00edlia ap\u00f3s ser levado por homens armados no sul da BA; pol\u00edcia investiga extors\u00e3o e sequestro"},"content":{"rendered":"<div id=\"glb-topo\" class=\"glb-topo\" data-header=\"new\">\n<header id=\"header-produto\" class=\"header-navegacao header- header-editoria header-ready\" data-analytics=\"T\">\n<div class=\"gui-color-primary-bg header-principal header-navegacao-color\">\n<div class=\"grid-12 header-navegacao-container row\">\n<div class=\"area-principal column\">\n<div class=\"search-area header-navegacao-color\">\n<div id=\"busca-padrao\">\n<form id=\"frmBusca\" accept-charset=\"utf-8\" action=\"https:\/\/g1.globo.com\/busca\/\" method=\"get\" name=\"busca-padrao\">\n<fieldset><img class=\"content-video__placeholder__thumb\" title=\"Produtor rural reencontra a fam\u00edlia ap\u00f3s ter sido levado por homens armados na Bahia\" src=\"https:\/\/s04.video.glbimg.com\/x240\/9818963.jpg\" alt=\"Produtor rural reencontra a fam\u00edlia ap\u00f3s ter sido levado por homens armados na Bahia\" \/><\/fieldset>\n<\/form>\n<\/div>\n<\/div>\n<\/div>\n<\/div>\n<\/div>\n<\/header>\n<\/div>\n<div class=\"mc-article-body\">\n<article>\n<div class=\"bs-video-block mc-column  content-media content-video\" data-block-type=\"backstage-video\" data-block-id=\"0\">\n<div class=\"content-media__container\">\n<div class=\"content-video__bigger-player-description-fixer\">\n<article class=\"content-video\">\n<section class=\"content-video__video-container\">\n<div class=\"content-video__video\">\n<div id=\"wp3-player-1\" class=\"clappr-player\" tabindex=\"9999\" data-player=\"\">\n<div class=\"dfp-ad-overlay dfp-ad-overlay--poster-mode\"><\/div>\n<div class=\"container-overlay\">\u00a0Produtor rural reencontra a fam\u00edlia ap\u00f3s ter sido levado por homens armados na Bahia<\/div>\n<div class=\"container-overlay\">O produtor rural e empres\u00e1rio Jo\u00e3o Coutinho, de 64 anos, reencontrou a fam\u00edlia na cidade de Ubaitaba, no sul da Bahia, na noite de ter\u00e7a-feira (31). Ele\u00a0<a href=\"https:\/\/g1.globo.com\/ba\/bahia\/noticia\/2021\/08\/30\/empresario-desaparece-no-sul-da-bahia-idoso-foi-levado-por-homens-armados-diz-policia.ghtml\">estava desaparecido desde o domingo (29), quando foi levado por homens armados da fazenda dele<\/a>, em Aurelino Leal.<\/div>\n<\/div>\n<\/div>\n<\/section>\n<\/article>\n<\/div>\n<\/div>\n<\/div>\n<div class=\"wall protected-content\">\n<div class=\"mc-column content-text active-extra-styles \" data-block-type=\"unstyled\" data-block-weight=\"35\" data-block-id=\"3\">\n<p class=\"content-text__container \" data-track-category=\"Link no Texto\" data-track-links=\"\">A pol\u00edcia investiga o caso e a principal linha de investiga\u00e7\u00e3o \u00e9 que se trata de extors\u00e3o mediante a sequestro. Um v\u00eddeo gravado mostra o momento em que Jo\u00e3o reencontra os familiares.<\/p>\n<\/div>\n<div class=\"row medium-uncollapsed content-media content-photo\" data-block-type=\"backstage-photo\" data-block-id=\"4\">\n<div class=\"mc-column content-media__container\">\n<div class=\"content-media-container glb-skeleton-box\">\n<figure class=\"content-media-figure\"><img class=\"i-amphtml-fill-content i-amphtml-replaced-content\" src=\"https:\/\/s2.glbimg.com\/RYYOkvZ5j8axWl1UhArH-HYKWOc=\/0x0:779x549\/984x0\/smart\/filters:strip_icc()\/i.s3.glbimg.com\/v1\/AUTH_59edd422c0c84a879bd37670ae4f538a\/internal_photos\/bs\/2021\/W\/A\/U1bCm4RCG6fzp6bZuXJA\/whatsapp-image-2021-09-01-at-10.20.35.jpeg\" sizes=\"(max-width: 1365px) 648px, 100vw\" srcset=\"https:\/\/s2.glbimg.com\/XmDbhxPfQik2QbylBKIM9DCyX30=\/0x0:779x549\/1000x0\/smart\/filters:strip_icc()\/i.s3.glbimg.com\/v1\/AUTH_59edd422c0c84a879bd37670ae4f538a\/internal_photos\/bs\/2021\/W\/A\/U1bCm4RCG6fzp6bZuXJA\/whatsapp-image-2021-09-01-at-10.20.35.jpeg 1000w, https:\/\/s2.glbimg.com\/RYYOkvZ5j8axWl1UhArH-HYKWOc=\/0x0:779x549\/984x0\/smart\/filters:strip_icc()\/i.s3.glbimg.com\/v1\/AUTH_59edd422c0c84a879bd37670ae4f538a\/internal_photos\/bs\/2021\/W\/A\/U1bCm4RCG6fzp6bZuXJA\/whatsapp-image-2021-09-01-at-10.20.35.jpeg 984w, https:\/\/s2.glbimg.com\/jomXYDD6Mj3hutPOoOTdIe8Xg6E=\/0x0:779x549\/640x0\/smart\/filters:strip_icc()\/i.s3.glbimg.com\/v1\/AUTH_59edd422c0c84a879bd37670ae4f538a\/internal_photos\/bs\/2021\/W\/A\/U1bCm4RCG6fzp6bZuXJA\/whatsapp-image-2021-09-01-at-10.20.35.jpeg 640w, https:\/\/s2.glbimg.com\/qmiStb1c1Oh30JN9dt26Ox6Ib8A=\/0x0:779x549\/600x0\/smart\/filters:strip_icc()\/i.s3.glbimg.com\/v1\/AUTH_59edd422c0c84a879bd37670ae4f538a\/internal_photos\/bs\/2021\/W\/A\/U1bCm4RCG6fzp6bZuXJA\/whatsapp-image-2021-09-01-at-10.20.35.jpeg 600w\" alt=\"Produtor rural reencontra fam\u00edlia ap\u00f3s ser levado por homens armados no sul da BA \u2014 Foto: Reprodu\u00e7\u00e3o\/TV Bahia\" \/><\/figure>\n<\/div>\n<p class=\"content-media__description \">Produtor rural reencontra fam\u00edlia ap\u00f3s ser levado por homens armados no sul da BA \u2014 Foto: Reprodu\u00e7\u00e3o\/TV Bahia<\/p>\n<\/div>\n<\/div>\n<div class=\"mc-column content-text active-extra-styles \" data-block-type=\"unstyled\" data-block-weight=\"42\" data-block-id=\"5\">\n<p class=\"content-text__container \" data-track-category=\"Link no Texto\" data-track-links=\"\">Nesta quarta-feira (1\u00ba), a pol\u00edcia segue com as investiga\u00e7\u00f5es e aguarda as oitivas para esclarecer o caso. Na segunda-feira (30), a delegacia divulgou que os homens que levaram o empres\u00e1rio\u00a0<a href=\"https:\/\/g1.globo.com\/ba\/bahia\/noticia\/2021\/08\/30\/homens-que-levaram-empresario-no-sul-da-ba-deixaram-celular-para-contato-policia-investiga-extorsao-mediante-a-sequestro.ghtml\">deixaram um celular para fazer contato com os familiares<\/a>\u00a0do idoso.<\/p>\n<p class=\"content-text__container \" data-track-category=\"Link no Texto\" data-track-links=\"\">Jo\u00e3o foi levado enquanto estava com dois funcion\u00e1rios, contando gado. Os funcion\u00e1rios resistiram \u00e0 abordagem e foram agredidos e amarrados. Eles prestaram depoimento na segunda, mas o teor n\u00e3o foi divulgado.<\/p>\n<\/div>\n<div class=\"mc-column content-text active-extra-styles \" data-block-type=\"unstyled\" data-block-weight=\"47\" data-block-id=\"8\">\n<p class=\"content-text__container \" data-track-category=\"Link no Texto\" data-track-links=\"\">O idoso foi levado pelos suspeitos armados na pr\u00f3pria caminhonete. O ve\u00edculo foi encontrado no final da tarde do domingo, na regi\u00e3o da cidade de Jaguaquara, a cerca de 170 km de Aurelino Leal, munic\u00edpio onde fica a fazenda do empres\u00e1rio e de onde ele foi levado.<\/p>\n<\/div>\n<div class=\"mc-column content-text active-extra-styles \" data-block-type=\"unstyled\" data-block-weight=\"8\" data-block-id=\"9\">\n<p class=\"content-text__container \" data-track-category=\"Link no Texto\" data-track-links=\"\"><em>Veja mais not\u00edcias do estado no\u00a0<\/em><a href=\"http:\/\/g1.globo.com\/bahia\/ultimas-noticias.html\"><strong><em>G1 Bahia<\/em><\/strong><\/a><em>.<\/em><\/p>\n<\/div>\n<div class=\"row medium-uncollapsed content-media content-photo\" data-block-type=\"backstage-photo\" data-block-id=\"10\">\n<div class=\"mc-column content-media__container\">\n<div class=\"content-media-container glb-skeleton-box\">\n<figure class=\"content-media-figure\"><img class=\"i-amphtml-fill-content i-amphtml-replaced-content\" src=\"https:\/\/s2.glbimg.com\/9kN-PxPnS3rkRBh3FByo45QLm-M=\/0x0:1093x672\/984x0\/smart\/filters:strip_icc()\/i.s3.glbimg.com\/v1\/AUTH_59edd422c0c84a879bd37670ae4f538a\/internal_photos\/bs\/2021\/g\/K\/J0LjMpQOAOCEhJ61LywA\/image-2021-08-31t153246.105.jpg\" sizes=\"(max-width: 1365px) 648px, 100vw\" srcset=\"https:\/\/s2.glbimg.com\/jR9Z7kRs0Y93t3_cvU7QAXh1Vu4=\/0x0:1093x672\/1000x0\/smart\/filters:strip_icc()\/i.s3.glbimg.com\/v1\/AUTH_59edd422c0c84a879bd37670ae4f538a\/internal_photos\/bs\/2021\/g\/K\/J0LjMpQOAOCEhJ61LywA\/image-2021-08-31t153246.105.jpg 1000w, https:\/\/s2.glbimg.com\/9kN-PxPnS3rkRBh3FByo45QLm-M=\/0x0:1093x672\/984x0\/smart\/filters:strip_icc()\/i.s3.glbimg.com\/v1\/AUTH_59edd422c0c84a879bd37670ae4f538a\/internal_photos\/bs\/2021\/g\/K\/J0LjMpQOAOCEhJ61LywA\/image-2021-08-31t153246.105.jpg 984w, https:\/\/s2.glbimg.com\/RAJlUfnkz0yPUgjQLTIkgrhaoaU=\/0x0:1093x672\/640x0\/smart\/filters:strip_icc()\/i.s3.glbimg.com\/v1\/AUTH_59edd422c0c84a879bd37670ae4f538a\/internal_photos\/bs\/2021\/g\/K\/J0LjMpQOAOCEhJ61LywA\/image-2021-08-31t153246.105.jpg 640w, https:\/\/s2.glbimg.com\/fKXAsWzvFUyeqoYX5cgo1ybsTTc=\/0x0:1093x672\/600x0\/smart\/filters:strip_icc()\/i.s3.glbimg.com\/v1\/AUTH_59edd422c0c84a879bd37670ae4f538a\/internal_photos\/bs\/2021\/g\/K\/J0LjMpQOAOCEhJ61LywA\/image-2021-08-31t153246.105.jpg 600w\" alt=\"Caminhonete de Jo\u00e3o Coutinho foi achado na regi\u00e3o da cidade de Jaguaquara \u2014 Foto: Reprodu\u00e7\u00e3o\/TV Santa Cruz\" \/><\/figure>\n<\/div>\n<p class=\"content-media__description \">Caminhonete de Jo\u00e3o Coutinho foi achado na regi\u00e3o da cidade de Jaguaquara \u2014 Foto: Reprodu\u00e7\u00e3o\/TV Santa Cruz<\/p>\n<\/div>\n<\/div>\n<\/div>\n<\/article>\n<\/div>\n","protected":false},"excerpt":{"rendered":"<p>\u00a0Produtor rural reencontra a fam\u00edlia ap\u00f3s ter sido levado por homens armados na Bahia O produtor rural e empres\u00e1rio Jo\u00e3o Coutinho, de 64 anos, reencontrou a fam\u00edlia na cidade de Ubaitaba, no sul da Bahia, na noite de ter\u00e7a-feira (31). Ele\u00a0estava desaparecido desde o domingo (29), quando foi levado por homens armados da fazenda dele, [&hellip;]<\/p>\n","protected":false},"author":2,"featured_media":0,"comment_status":"open","ping_status":"open","sticky":false,"template":"","format":"standard","meta":{"_links_to":"","_links_to_target":""},"categories":[7,9,8],"tags":[],"_links":{"self":[{"href":"https:\/\/www.ilheusnoticias.net.br\/v1\/wp-json\/wp\/v2\/posts\/27852"}],"collection":[{"href":"https:\/\/www.ilheusnoticias.net.br\/v1\/wp-json\/wp\/v2\/posts"}],"about":[{"href":"https:\/\/www.ilheusnoticias.net.br\/v1\/wp-json\/wp\/v2\/types\/post"}],"author":[{"embeddable":true,"href":"https:\/\/www.ilheusnoticias.net.br\/v1\/wp-json\/wp\/v2\/users\/2"}],"replies":[{"embeddable":true,"href":"https:\/\/www.ilheusnoticias.net.br\/v1\/wp-json\/wp\/v2\/comments?post=27852"}],"version-history":[{"count":1,"href":"https:\/\/www.ilheusnoticias.net.br\/v1\/wp-json\/wp\/v2\/posts\/27852\/revisions"}],"predecessor-version":[{"id":27853,"href":"https:\/\/www.ilheusnoticias.net.br\/v1\/wp-json\/wp\/v2\/posts\/27852\/revisions\/27853"}],"wp:attachment":[{"href":"https:\/\/www.ilheusnoticias.net.br\/v1\/wp-json\/wp\/v2\/media?parent=27852"}],"wp:term":[{"taxonomy":"category","embeddable":true,"href":"https:\/\/www.ilheusnoticias.net.br\/v1\/wp-json\/wp\/v2\/categories?post=27852"},{"taxonomy":"post_tag","embeddable":true,"href":"https:\/\/www.ilheusnoticias.net.br\/v1\/wp-json\/wp\/v2\/tags?post=27852"}],"curies":[{"name":"wp","href":"https:\/\/api.w.org\/{rel}","templated":true}]}}