{"id":2772,"date":"2016-12-02T07:01:58","date_gmt":"2016-12-02T10:01:58","guid":{"rendered":"http:\/\/www.ilheusnoticias.net.br\/v1\/?p=2772"},"modified":"2016-12-02T07:57:48","modified_gmt":"2016-12-02T10:57:48","slug":"hospital-sao-jose-realiza-tratamento-inedito-em-iheus-de-aneurisima-cerebral","status":"publish","type":"post","link":"https:\/\/www.ilheusnoticias.net.br\/v1\/2016\/12\/02\/hospital-sao-jose-realiza-tratamento-inedito-em-iheus-de-aneurisima-cerebral\/","title":{"rendered":"Hospital S\u00e3o Jos\u00e9 realiza tratamento in\u00e9dito, em Ilh\u00e9us, de aneurisima cerebral"},"content":{"rendered":"<h2 class=\"PostHeaderIcon-wrapper\"><a href=\"http:\/\/www.ilheusnoticias.net.br\/v1\/wp-content\/uploads\/2016\/12\/Setor-de-Hemodin\u00e2mica-do-HS\u00e3o-Jos\u00e9-Foto-Meire-Borges-580x387.jpg\" rel=\"attachment wp-att-2799\"><img loading=\"lazy\" class=\"aligncenter size-medium wp-image-2799\" src=\"http:\/\/www.ilheusnoticias.net.br\/v1\/wp-content\/uploads\/2016\/12\/Setor-de-Hemodin\u00e2mica-do-HS\u00e3o-Jos\u00e9-Foto-Meire-Borges-580x387-300x200.jpg\" alt=\"setor-de-hemodinamica-do-hsao-jose-foto-meire-borges-580x387\" width=\"300\" height=\"200\" srcset=\"https:\/\/www.ilheusnoticias.net.br\/v1\/wp-content\/uploads\/2016\/12\/Setor-de-Hemodin\u00e2mica-do-HS\u00e3o-Jos\u00e9-Foto-Meire-Borges-580x387-300x200.jpg 300w, https:\/\/www.ilheusnoticias.net.br\/v1\/wp-content\/uploads\/2016\/12\/Setor-de-Hemodin\u00e2mica-do-HS\u00e3o-Jos\u00e9-Foto-Meire-Borges-580x387.jpg 580w\" sizes=\"(max-width: 300px) 100vw, 300px\" \/><\/a><\/h2>\n<div class=\"PostContent\">\n<div id=\"attachment_174335\" class=\"wp-caption aligncenter\">\n<p class=\"wp-caption-text\">Setor de hemodin\u00e2mica do Hospital S\u00e3o Jos\u00e9 (Foto Meire Borges).<\/p>\n<\/div>\n<p>A unidade de hemodin\u00e2mica do Hospital S\u00e3o Jos\u00e9 (Intercor Bahia) realizou tratamento in\u00e9dito, em Ilh\u00e9us, de emboliza\u00e7\u00e3o de aneurisma cerebral. A interven\u00e7\u00e3o ocorreu no \u00faltimo dia 22, pelo m\u00e9dico neurocirurgi\u00e3o Francisco de Lucca, acompanhado de uma equipe m\u00e9dica especializada do munic\u00edpio sul-baiano. A paciente recebeu alta nesta quarta.<\/p>\n<p>O procedimento invasivo de alta complexidade durou cerca de uma hora e meia e foi feito com a introdu\u00e7\u00e3o de um cateter na art\u00e9ria, chegando ao aneurisma no c\u00e9rebro. De acordo com o m\u00e9dico Francisco de Lucca, a interven\u00e7\u00e3o foi realizada com grande sucesso.<\/p>\n<p><!--more--><\/p>\n<p>\u2013 Foi um procedimento tecnicamente dif\u00edcil. O aneurisma estava em uma dif\u00edcil localiza\u00e7\u00e3o, mas foi tranquilo, j\u00e1 que t\u00ednhamos uma estrutura adequada, um aparelho de hemodin\u00e2mica e materiais de emboliza\u00e7\u00e3o de excelentes qualidades e uma equipe m\u00e9dica com treinamento adequado.<\/p>\n<p>Para o m\u00e9dico, a estrutura de equipamentos que existe no Hospital S\u00e3o Jos\u00e9 equipara\u2013se \u00e0 de grandes centros avan\u00e7ados de hemodin\u00e2mica do pa\u00eds, compat\u00edvel com qualquer tratamento endovascular.<\/p>\n<p>O m\u00e9dico Edgar Teixeira Falc\u00e3o, neurologista que diagnosticou o aneurisma e acompanha a recupera\u00e7\u00e3o p\u00f3s-cir\u00fargica, informa que a paciente ficou sem sequelas, pois o atendimento foi feito de forma r\u00e1pida e a interven\u00e7\u00e3o realizada com sucesso absoluto. \u201cEm pouco tempo, a paciente voltar\u00e1 ter a sua vida completamente normal, realizando os acompanhamentos m\u00e9dicos espec\u00edficos\u201d, disse ele.<\/p>\n<p><strong>\u201cPENSEI QUE N\u00c3O SOBREVIVERIA\u201d<\/strong><\/p>\n<p>A paciente Ducinete Rodrigues, de 49 anos, teve alta ontem. Ela diz ter pensado que n\u00e3o sobreviveria, porque chegou ao S\u00e3o Jos\u00e9 com o lado esquerdo do corpo paralisado e fortes dores de cabe\u00e7a. \u201cSenti um estouro muito forte na cabe\u00e7a. Pensei que morreria naquele momento, mas, gra\u00e7as a Deus e aos m\u00e9dicos, j\u00e1 estou de p\u00e9. Posso andar, movimentar os bra\u00e7os e as pernas, estou me sentindo bem e voltando para casa.<\/p>\n<\/div>\n<p>&nbsp;<\/p>\n","protected":false},"excerpt":{"rendered":"<p>Setor de hemodin\u00e2mica do Hospital S\u00e3o Jos\u00e9 (Foto Meire Borges). A unidade de hemodin\u00e2mica do Hospital S\u00e3o Jos\u00e9 (Intercor Bahia) realizou tratamento in\u00e9dito, em Ilh\u00e9us, de emboliza\u00e7\u00e3o de aneurisma cerebral. A interven\u00e7\u00e3o ocorreu no \u00faltimo dia 22, pelo m\u00e9dico neurocirurgi\u00e3o Francisco de Lucca, acompanhado de uma equipe m\u00e9dica especializada do munic\u00edpio sul-baiano. A paciente recebeu [&hellip;]<\/p>\n","protected":false},"author":2,"featured_media":0,"comment_status":"open","ping_status":"open","sticky":false,"template":"","format":"standard","meta":{"_links_to":"","_links_to_target":""},"categories":[9],"tags":[215,214,213],"_links":{"self":[{"href":"https:\/\/www.ilheusnoticias.net.br\/v1\/wp-json\/wp\/v2\/posts\/2772"}],"collection":[{"href":"https:\/\/www.ilheusnoticias.net.br\/v1\/wp-json\/wp\/v2\/posts"}],"about":[{"href":"https:\/\/www.ilheusnoticias.net.br\/v1\/wp-json\/wp\/v2\/types\/post"}],"author":[{"embeddable":true,"href":"https:\/\/www.ilheusnoticias.net.br\/v1\/wp-json\/wp\/v2\/users\/2"}],"replies":[{"embeddable":true,"href":"https:\/\/www.ilheusnoticias.net.br\/v1\/wp-json\/wp\/v2\/comments?post=2772"}],"version-history":[{"count":3,"href":"https:\/\/www.ilheusnoticias.net.br\/v1\/wp-json\/wp\/v2\/posts\/2772\/revisions"}],"predecessor-version":[{"id":2804,"href":"https:\/\/www.ilheusnoticias.net.br\/v1\/wp-json\/wp\/v2\/posts\/2772\/revisions\/2804"}],"wp:attachment":[{"href":"https:\/\/www.ilheusnoticias.net.br\/v1\/wp-json\/wp\/v2\/media?parent=2772"}],"wp:term":[{"taxonomy":"category","embeddable":true,"href":"https:\/\/www.ilheusnoticias.net.br\/v1\/wp-json\/wp\/v2\/categories?post=2772"},{"taxonomy":"post_tag","embeddable":true,"href":"https:\/\/www.ilheusnoticias.net.br\/v1\/wp-json\/wp\/v2\/tags?post=2772"}],"curies":[{"name":"wp","href":"https:\/\/api.w.org\/{rel}","templated":true}]}}