{"id":27704,"date":"2021-08-17T17:39:58","date_gmt":"2021-08-17T20:39:58","guid":{"rendered":"http:\/\/www.ilheusnoticias.net.br\/v1\/?p=27704"},"modified":"2021-08-17T17:39:58","modified_gmt":"2021-08-17T20:39:58","slug":"educacao-prefeitura-inicia-hoje-entrega-dos-kits-alimentacao","status":"publish","type":"post","link":"https:\/\/www.ilheusnoticias.net.br\/v1\/2021\/08\/17\/educacao-prefeitura-inicia-hoje-entrega-dos-kits-alimentacao\/","title":{"rendered":"Educa\u00e7\u00e3o: Prefeitura inicia hoje entrega dos kits alimenta\u00e7\u00e3o"},"content":{"rendered":"<h3><\/h3>\n<div class=\"imagem thumbnail col-xs-12 col-sm-8 col-md-6 col-lg-6 imagem-materia\"><a class=\"fresco\" title=\"\" href=\"https:\/\/portalfacilarquivos.blob.core.windows.net\/uploads\/ILHEUS\/imgOrig\/%7B8E4CEEB4-B8DE-7B5C-8EEE-CE64BEDACEED%7D.jpeg\" data-fresco-caption=\"\"><img loading=\"lazy\" title=\"\" src=\"https:\/\/portalfacilarquivos.blob.core.windows.net\/uploads\/ILHEUS\/img\/%7B8E4CEEB4-B8DE-7B5C-8EEE-CE64BEDACEED%7D\/%7B8E4CEEB4-B8DE-7B5C-8EEE-CE64BEDACEED%7D_650X450.jpeg\" alt=\"..\" width=\"650\" height=\"450\" \/><\/a><\/div>\n<p>A secretaria de Educa\u00e7\u00e3o da Prefeitura de Ilh\u00e9us est\u00e1 iniciando nesta ter\u00e7a-feira, 17, o in\u00edcio da distribui\u00e7\u00e3o da primeira etapa do kit alimenta\u00e7\u00e3o escolar de 2021 para as escolas da rede municipal de ensino. Hoje ser\u00e3o iniciadas as entregas em oito escolas, e amanh\u00e3, quarta-feira, 18, a entrega dos kits come\u00e7a em mais onze unidades escolares.<\/p>\n<p>Nesta ter\u00e7a-feira, 17, s\u00e3o iniciadas as entregas nas seguintes escolas \u2013 conforme o cronograma de cada unidade: IME, Heitor Dias, Perp\u00e9tua Marques, Osvaldo Ramos, Pequeno Pr\u00edncipe, S\u00e1 Pereira, Princesa Isabel e Dom Eduardo.<\/p>\n<p>Amanh\u00e3, quarta-feira, 18, come\u00e7am a entregar os kits as escolas do Iguape, Marianne Eckes, Barra de Ita\u00edpe, Cantinho do Recreio, Vov\u00f4 Isaac, Pequeno Davi, Nova Jerusal\u00e9m (Sede e anexos), Odete Salma, Batista Memorial, Pin\u00f3quio e Bas\u00edlio.<\/p>\n<p>Cada aluno ter\u00e1 direito a um kit entregue nos dias e hor\u00e1rios estabelecidos e disponibilizados na p\u00e1gina oficial da Seduc no Facebook, afixados na escola e tamb\u00e9m informados via WhatsApp. A medida visa garantir o direito \u00e0 alimenta\u00e7\u00e3o, evitando que os estudantes entrem em situa\u00e7\u00e3o de inseguran\u00e7a nutricional durante o per\u00edodo de pandemia do novo coronav\u00edrus.<\/p>\n<p>As escolas que n\u00e3o constam na rela\u00e7\u00e3o acima, ser\u00e3o inclu\u00eddas em um novo cronograma a ser divulgado pela Seduc. O \u00f3rg\u00e3o refor\u00e7a que os pais ou respons\u00e1veis que tiverem mais de um filho matriculado, em qualquer s\u00e9rie, receber\u00e3o os kits de uma s\u00f3 vez para evitar o retorno.<\/p>\n<p>O uso de m\u00e1scara de prote\u00e7\u00e3o \u00e9 obrigat\u00f3rio, assim como a apresenta\u00e7\u00e3o do RG do respons\u00e1vel e documento do aluno.<\/p>\n","protected":false},"excerpt":{"rendered":"<p>A secretaria de Educa\u00e7\u00e3o da Prefeitura de Ilh\u00e9us est\u00e1 iniciando nesta ter\u00e7a-feira, 17, o in\u00edcio da distribui\u00e7\u00e3o da primeira etapa do kit alimenta\u00e7\u00e3o escolar de 2021 para as escolas da rede municipal de ensino. Hoje ser\u00e3o iniciadas as entregas em oito escolas, e amanh\u00e3, quarta-feira, 18, a entrega dos kits come\u00e7a em mais onze unidades [&hellip;]<\/p>\n","protected":false},"author":2,"featured_media":0,"comment_status":"open","ping_status":"open","sticky":false,"template":"","format":"standard","meta":{"_links_to":"","_links_to_target":""},"categories":[9,8,1],"tags":[],"_links":{"self":[{"href":"https:\/\/www.ilheusnoticias.net.br\/v1\/wp-json\/wp\/v2\/posts\/27704"}],"collection":[{"href":"https:\/\/www.ilheusnoticias.net.br\/v1\/wp-json\/wp\/v2\/posts"}],"about":[{"href":"https:\/\/www.ilheusnoticias.net.br\/v1\/wp-json\/wp\/v2\/types\/post"}],"author":[{"embeddable":true,"href":"https:\/\/www.ilheusnoticias.net.br\/v1\/wp-json\/wp\/v2\/users\/2"}],"replies":[{"embeddable":true,"href":"https:\/\/www.ilheusnoticias.net.br\/v1\/wp-json\/wp\/v2\/comments?post=27704"}],"version-history":[{"count":1,"href":"https:\/\/www.ilheusnoticias.net.br\/v1\/wp-json\/wp\/v2\/posts\/27704\/revisions"}],"predecessor-version":[{"id":27705,"href":"https:\/\/www.ilheusnoticias.net.br\/v1\/wp-json\/wp\/v2\/posts\/27704\/revisions\/27705"}],"wp:attachment":[{"href":"https:\/\/www.ilheusnoticias.net.br\/v1\/wp-json\/wp\/v2\/media?parent=27704"}],"wp:term":[{"taxonomy":"category","embeddable":true,"href":"https:\/\/www.ilheusnoticias.net.br\/v1\/wp-json\/wp\/v2\/categories?post=27704"},{"taxonomy":"post_tag","embeddable":true,"href":"https:\/\/www.ilheusnoticias.net.br\/v1\/wp-json\/wp\/v2\/tags?post=27704"}],"curies":[{"name":"wp","href":"https:\/\/api.w.org\/{rel}","templated":true}]}}