{"id":27691,"date":"2021-08-16T15:14:29","date_gmt":"2021-08-16T18:14:29","guid":{"rendered":"http:\/\/www.ilheusnoticias.net.br\/v1\/?p=27691"},"modified":"2021-08-16T15:14:29","modified_gmt":"2021-08-16T18:14:29","slug":"educacao-plantao-pedagogico-e-visita-as-escolas-acontece-de-16-a-20-de-agosto-em-ilheus","status":"publish","type":"post","link":"https:\/\/www.ilheusnoticias.net.br\/v1\/2021\/08\/16\/educacao-plantao-pedagogico-e-visita-as-escolas-acontece-de-16-a-20-de-agosto-em-ilheus\/","title":{"rendered":"Educa\u00e7\u00e3o: Plant\u00e3o pedag\u00f3gico e visita \u00e0s escolas acontece de 16 a 20 de agosto em Ilh\u00e9us"},"content":{"rendered":"<h3><\/h3>\n<div class=\"imagem thumbnail col-xs-12 col-sm-8 col-md-6 col-lg-6 imagem-materia\"><a class=\"fresco\" title=\"\" href=\"https:\/\/portalfacilarquivos.blob.core.windows.net\/uploads\/ILHEUS\/imgOrig\/%7B20DEADDC-EED0-C02D-BDBA-AAD72EEACD0E%7D.jpeg\" data-fresco-caption=\"\"><img loading=\"lazy\" src=\"https:\/\/portalfacilarquivos.blob.core.windows.net\/uploads\/ILHEUS\/img\/%7B20DEADDC-EED0-C02D-BDBA-AAD72EEACD0E%7D\/%7B20DEADDC-EED0-C02D-BDBA-AAD72EEACD0E%7D_450X650.jpeg\" alt=\".\" width=\"450\" height=\"650\" \/><\/a><\/div>\n<p>A secretaria de Educa\u00e7\u00e3o da Prefeitura de Ilh\u00e9us (Seduc), iniciou nesta segunda-feira, 16 o plant\u00e3o pedag\u00f3gico, das 8h \u00e0s 17h, para o atendimento aos pais, respons\u00e1veis e alunos nas unidades escolares e visita \u00e0s escolas, pela gest\u00e3o educacional Seduc. At\u00e9 20 de agosto, outras atividades ser\u00e3o realizadas. Confira.<\/p>\n<p>Nesta pr\u00f3xima quarta-feira, 18, acontecer\u00e1 o encontro virtual do curso Programa Nacional de Alimenta\u00e7\u00e3o Escolar (PNAE), via Google Meet, \u00e0s 15h, para os profissionais da educa\u00e7\u00e3o inscritos no curso.<\/p>\n<p>Na quinta-feira, 19, ser\u00e3o exibidos os v\u00eddeos de falas inclusivas \u00e0s 10h para p\u00fablico escolar em geral, no canal do Youtube, da Seduc.<\/p>\n<p>O curso de libras, n\u00edvel intermedi\u00e1rio, segue com a programa\u00e7\u00e3o na pr\u00f3xima sexta-feira, 20, pelas plataformas Doity e YouTube.<\/p>\n<div class=\"imagem thumbnail col-xs-12 col-sm-8 col-md-6 col-lg-6 imagem-materia\"><a class=\"fresco\" title=\"\" href=\"https:\/\/portalfacilarquivos.blob.core.windows.net\/uploads\/ILHEUS\/imgOrig\/%7B47ABAEAC-2002-E1DB-414C-61C3DE7D45A8%7D.jpeg\" data-fresco-caption=\"\"><img loading=\"lazy\" title=\"\" src=\"https:\/\/portalfacilarquivos.blob.core.windows.net\/uploads\/ILHEUS\/img\/%7B47ABAEAC-2002-E1DB-414C-61C3DE7D45A8%7D\/%7B47ABAEAC-2002-E1DB-414C-61C3DE7D45A8%7D_650X450.jpeg\" alt=\"..\" width=\"650\" height=\"450\" \/><\/a><\/div>\n<p>Guia para retorno h\u00edbrido \u2013 Na \u00faltima sexta-feira, 13, a Seduc promoveu no IME uma reuni\u00e3o com o setor de Alimenta\u00e7\u00e3o Escolar com os gestores do campo e da sede, para a apresenta\u00e7\u00e3o do guia para o retorno h\u00edbrido, entrega dos kits alimenta\u00e7\u00e3o e presta\u00e7\u00e3o de contas. A qualquer momento a Seduc estar\u00e1 divulgado a programa\u00e7\u00e3o para entrega dos kits alimenta\u00e7\u00e3o.<\/p>\n","protected":false},"excerpt":{"rendered":"<p>A secretaria de Educa\u00e7\u00e3o da Prefeitura de Ilh\u00e9us (Seduc), iniciou nesta segunda-feira, 16 o plant\u00e3o pedag\u00f3gico, das 8h \u00e0s 17h, para o atendimento aos pais, respons\u00e1veis e alunos nas unidades escolares e visita \u00e0s escolas, pela gest\u00e3o educacional Seduc. At\u00e9 20 de agosto, outras atividades ser\u00e3o realizadas. Confira. Nesta pr\u00f3xima quarta-feira, 18, acontecer\u00e1 o encontro [&hellip;]<\/p>\n","protected":false},"author":2,"featured_media":0,"comment_status":"open","ping_status":"open","sticky":false,"template":"","format":"standard","meta":{"_links_to":"","_links_to_target":""},"categories":[7,9,8,1],"tags":[],"_links":{"self":[{"href":"https:\/\/www.ilheusnoticias.net.br\/v1\/wp-json\/wp\/v2\/posts\/27691"}],"collection":[{"href":"https:\/\/www.ilheusnoticias.net.br\/v1\/wp-json\/wp\/v2\/posts"}],"about":[{"href":"https:\/\/www.ilheusnoticias.net.br\/v1\/wp-json\/wp\/v2\/types\/post"}],"author":[{"embeddable":true,"href":"https:\/\/www.ilheusnoticias.net.br\/v1\/wp-json\/wp\/v2\/users\/2"}],"replies":[{"embeddable":true,"href":"https:\/\/www.ilheusnoticias.net.br\/v1\/wp-json\/wp\/v2\/comments?post=27691"}],"version-history":[{"count":1,"href":"https:\/\/www.ilheusnoticias.net.br\/v1\/wp-json\/wp\/v2\/posts\/27691\/revisions"}],"predecessor-version":[{"id":27692,"href":"https:\/\/www.ilheusnoticias.net.br\/v1\/wp-json\/wp\/v2\/posts\/27691\/revisions\/27692"}],"wp:attachment":[{"href":"https:\/\/www.ilheusnoticias.net.br\/v1\/wp-json\/wp\/v2\/media?parent=27691"}],"wp:term":[{"taxonomy":"category","embeddable":true,"href":"https:\/\/www.ilheusnoticias.net.br\/v1\/wp-json\/wp\/v2\/categories?post=27691"},{"taxonomy":"post_tag","embeddable":true,"href":"https:\/\/www.ilheusnoticias.net.br\/v1\/wp-json\/wp\/v2\/tags?post=27691"}],"curies":[{"name":"wp","href":"https:\/\/api.w.org\/{rel}","templated":true}]}}