{"id":27597,"date":"2021-08-03T10:10:15","date_gmt":"2021-08-03T13:10:15","guid":{"rendered":"http:\/\/www.ilheusnoticias.net.br\/v1\/?p=27597"},"modified":"2021-08-03T10:11:43","modified_gmt":"2021-08-03T13:11:43","slug":"inscricoes-para-o-sisu-comecam-hoje","status":"publish","type":"post","link":"https:\/\/www.ilheusnoticias.net.br\/v1\/2021\/08\/03\/inscricoes-para-o-sisu-comecam-hoje\/","title":{"rendered":"Inscri\u00e7\u00f5es para o Sisu come\u00e7am hoje"},"content":{"rendered":"<div class=\"col-lg-12 mb-3\"><\/div>\n<div class=\"col-xl-7 offset-xl-1 col-lg-8 offset-lg-0 col-md-10 offset-md-1 mb-3\">\n<div class=\"post-item alt-font\">\n<div class=\"post-item-wrap\">\n<p>Come\u00e7am hoje (3) as inscri\u00e7\u00f5es para o Sistema de Sele\u00e7\u00e3o Unificada (Sisu), usado para selecionar candidatos a vagas em institui\u00e7\u00f5es p\u00fablicas de ensino superior a partir das notas obtidas no Exame Nacional do Ensino M\u00e9dio (Enem).<img src=\"https:\/\/agenciabrasil.ebc.com.br\/ebc.png?id=1417141&amp;o=node\" alt=\"\" \/><img src=\"https:\/\/agenciabrasil.ebc.com.br\/ebc.gif?id=1417141&amp;o=node\" alt=\"\" \/><\/p>\n<p>Os estudantes interessados em concorrer a uma das vagas poder\u00e3o se inscrever at\u00e9 sexta-feira (6). Os candidatos devem ter participado da \u00faltima edi\u00e7\u00e3o do Enem, mas n\u00e3o como \u201ctreineiros\u201d, e n\u00e3o podem ter tirado nota zero na reda\u00e7\u00e3o.<\/p>\n<p><a href=\"https:\/\/sisu.mec.gov.br\/#\/vagas#onepage\" target=\"_blank\">Na p\u00e1gina do sistema<\/a>\u00a0\u00e9 poss\u00edvel consultar as vagas dispon\u00edveis, pesquisando por cidades, cursos e institui\u00e7\u00f5es. No momento da inscri\u00e7\u00e3o, o candidato poder\u00e1 escolher at\u00e9 duas op\u00e7\u00f5es de curso.<\/p>\n<p>Conforme o cronograma divulgado pelo Minist\u00e9rio da Educa\u00e7\u00e3o (MEC), o resultado da sele\u00e7\u00e3o ser\u00e1 divulgado no dia 10 de agosto.<\/p>\n<p>As matr\u00edculas ser\u00e3o abertas no dia 11, se estendendo at\u00e9 o dia 16 de agosto. Al\u00e9m disso, entre 10 e 16 do mesmo m\u00eas, estar\u00e3o abertas as inscri\u00e7\u00f5es para a lista de espera por vagas remanescentes, cujos contemplados ser\u00e3o anunciados no dia 18.<\/p>\n<\/div>\n<\/div>\n<\/div>\n","protected":false},"excerpt":{"rendered":"<p>Come\u00e7am hoje (3) as inscri\u00e7\u00f5es para o Sistema de Sele\u00e7\u00e3o Unificada (Sisu), usado para selecionar candidatos a vagas em institui\u00e7\u00f5es p\u00fablicas de ensino superior a partir das notas obtidas no Exame Nacional do Ensino M\u00e9dio (Enem). Os estudantes interessados em concorrer a uma das vagas poder\u00e3o se inscrever at\u00e9 sexta-feira (6). Os candidatos devem ter [&hellip;]<\/p>\n","protected":false},"author":2,"featured_media":0,"comment_status":"open","ping_status":"open","sticky":false,"template":"","format":"standard","meta":{"_links_to":"","_links_to_target":""},"categories":[7,9,8,1],"tags":[],"_links":{"self":[{"href":"https:\/\/www.ilheusnoticias.net.br\/v1\/wp-json\/wp\/v2\/posts\/27597"}],"collection":[{"href":"https:\/\/www.ilheusnoticias.net.br\/v1\/wp-json\/wp\/v2\/posts"}],"about":[{"href":"https:\/\/www.ilheusnoticias.net.br\/v1\/wp-json\/wp\/v2\/types\/post"}],"author":[{"embeddable":true,"href":"https:\/\/www.ilheusnoticias.net.br\/v1\/wp-json\/wp\/v2\/users\/2"}],"replies":[{"embeddable":true,"href":"https:\/\/www.ilheusnoticias.net.br\/v1\/wp-json\/wp\/v2\/comments?post=27597"}],"version-history":[{"count":1,"href":"https:\/\/www.ilheusnoticias.net.br\/v1\/wp-json\/wp\/v2\/posts\/27597\/revisions"}],"predecessor-version":[{"id":27598,"href":"https:\/\/www.ilheusnoticias.net.br\/v1\/wp-json\/wp\/v2\/posts\/27597\/revisions\/27598"}],"wp:attachment":[{"href":"https:\/\/www.ilheusnoticias.net.br\/v1\/wp-json\/wp\/v2\/media?parent=27597"}],"wp:term":[{"taxonomy":"category","embeddable":true,"href":"https:\/\/www.ilheusnoticias.net.br\/v1\/wp-json\/wp\/v2\/categories?post=27597"},{"taxonomy":"post_tag","embeddable":true,"href":"https:\/\/www.ilheusnoticias.net.br\/v1\/wp-json\/wp\/v2\/tags?post=27597"}],"curies":[{"name":"wp","href":"https:\/\/api.w.org\/{rel}","templated":true}]}}