{"id":2729,"date":"2016-11-28T11:26:27","date_gmt":"2016-11-28T14:26:27","guid":{"rendered":"http:\/\/www.ilheusnoticias.net.br\/v1\/?p=2729"},"modified":"2016-11-28T11:26:27","modified_gmt":"2016-11-28T14:26:27","slug":"policia-prende-suspeito-de-matar-italiana-em-morro-de-sao-paulo","status":"publish","type":"post","link":"https:\/\/www.ilheusnoticias.net.br\/v1\/2016\/11\/28\/policia-prende-suspeito-de-matar-italiana-em-morro-de-sao-paulo\/","title":{"rendered":"Pol\u00edcia prende suspeito de matar italiana em Morro de S\u00e3o Paulo"},"content":{"rendered":"<header>\n<h3 class=\"entry-title\"><\/h3>\n<\/header>\n<div class=\"entry-content\">\n<div class=\"separator\"><a class=\"cboxElement\" href=\"https:\/\/2.bp.blogspot.com\/-pZ0d6GPAXyE\/WDdK37QT7nI\/AAAAAAADsNI\/9-Z9a23OqpoWZuVkad4M_oVvvnrSg7KmQCLcB\/s1600\/001%2B%25281%2529.jpg\"><img loading=\"lazy\" class=\"alignleft colorbox-33070\" src=\"https:\/\/2.bp.blogspot.com\/-pZ0d6GPAXyE\/WDdK37QT7nI\/AAAAAAADsNI\/9-Z9a23OqpoWZuVkad4M_oVvvnrSg7KmQCLcB\/s320\/001%2B%25281%2529.jpg\" alt=\"\" width=\"320\" height=\"174\" border=\"0\" \/><\/a><\/div>\n<div>Foi preso \u00a0um suspeito de matar a italiana Pamela Canzonieri, encontrada morta dentro de uma resid\u00eancia na localidade de Mangaba, em Morro de S\u00e3o Paulo, na cidade de Cairu, no \u00faltimo dia 18.<\/div>\n<div><\/div>\n<div>Ant\u00f4nio Patr\u00edcio dos Santos, conhecido \u201cFabr\u00edcio\u201d, que teve a pris\u00e3o tempor\u00e1ria decretada pela Justi\u00e7a, foi preso na localidade por policiais civis de Cairu. De acordo com a Secretaria da Seguran\u00e7a do Estado (SSP-BA), a pol\u00edcia local segue com as investiga\u00e7\u00f5es, as quais s\u00e3o comandadas pela delegada Argim\u00e1ria Soares, titular da delegacia de Morro de S\u00e3o Paulo.<\/div>\n<\/div>\n","protected":false},"excerpt":{"rendered":"<p>Foi preso \u00a0um suspeito de matar a italiana Pamela Canzonieri, encontrada morta dentro de uma resid\u00eancia na localidade de Mangaba, em Morro de S\u00e3o Paulo, na cidade de Cairu, no \u00faltimo dia 18. Ant\u00f4nio Patr\u00edcio dos Santos, conhecido \u201cFabr\u00edcio\u201d, que teve a pris\u00e3o tempor\u00e1ria decretada pela Justi\u00e7a, foi preso na localidade por policiais civis de [&hellip;]<\/p>\n","protected":false},"author":2,"featured_media":0,"comment_status":"open","ping_status":"open","sticky":false,"template":"","format":"standard","meta":{"_links_to":"","_links_to_target":""},"categories":[5],"tags":[],"_links":{"self":[{"href":"https:\/\/www.ilheusnoticias.net.br\/v1\/wp-json\/wp\/v2\/posts\/2729"}],"collection":[{"href":"https:\/\/www.ilheusnoticias.net.br\/v1\/wp-json\/wp\/v2\/posts"}],"about":[{"href":"https:\/\/www.ilheusnoticias.net.br\/v1\/wp-json\/wp\/v2\/types\/post"}],"author":[{"embeddable":true,"href":"https:\/\/www.ilheusnoticias.net.br\/v1\/wp-json\/wp\/v2\/users\/2"}],"replies":[{"embeddable":true,"href":"https:\/\/www.ilheusnoticias.net.br\/v1\/wp-json\/wp\/v2\/comments?post=2729"}],"version-history":[{"count":1,"href":"https:\/\/www.ilheusnoticias.net.br\/v1\/wp-json\/wp\/v2\/posts\/2729\/revisions"}],"predecessor-version":[{"id":2730,"href":"https:\/\/www.ilheusnoticias.net.br\/v1\/wp-json\/wp\/v2\/posts\/2729\/revisions\/2730"}],"wp:attachment":[{"href":"https:\/\/www.ilheusnoticias.net.br\/v1\/wp-json\/wp\/v2\/media?parent=2729"}],"wp:term":[{"taxonomy":"category","embeddable":true,"href":"https:\/\/www.ilheusnoticias.net.br\/v1\/wp-json\/wp\/v2\/categories?post=2729"},{"taxonomy":"post_tag","embeddable":true,"href":"https:\/\/www.ilheusnoticias.net.br\/v1\/wp-json\/wp\/v2\/tags?post=2729"}],"curies":[{"name":"wp","href":"https:\/\/api.w.org\/{rel}","templated":true}]}}