{"id":27281,"date":"2021-07-07T16:21:18","date_gmt":"2021-07-07T19:21:18","guid":{"rendered":"http:\/\/www.ilheusnoticias.net.br\/v1\/?p=27281"},"modified":"2021-07-07T16:21:18","modified_gmt":"2021-07-07T19:21:18","slug":"governo-decide-privatizar-100-dos-correios-em-um-leilao-unico","status":"publish","type":"post","link":"https:\/\/www.ilheusnoticias.net.br\/v1\/2021\/07\/07\/governo-decide-privatizar-100-dos-correios-em-um-leilao-unico\/","title":{"rendered":"Governo decide privatizar 100% dos Correios em um leil\u00e3o \u00fanico"},"content":{"rendered":"<div class=\"post-outer\">\n<div class=\"post hentry\">\n<div class=\"post-footer\">\n<div class=\"post-footer-line post-footer-line-1\">\n<div class=\"post-share-buttons goog-inline-block\"><span class=\"share-button-link-text\">\u00a0<\/span><\/div>\n<\/div>\n<\/div>\n<\/div>\n<\/div>\n<div class=\"post-outer\">\n<div class=\"post hentry\">\n<div class=\"post-header\"><\/div>\n<div id=\"post-body-8879301060968069715\" class=\"post-body entry-content\">\n<div class=\"separator\"><a href=\"https:\/\/1.bp.blogspot.com\/-DZgaFWzxqao\/YOWAIDQ5q5I\/AAAAAAAAmQ0\/x-BtIqN6mYkRxbII_3YIvmsSzsQcQloIwCLcBGAsYHQ\/s500\/fgsdrdf.jpeg\"><img loading=\"lazy\" src=\"https:\/\/1.bp.blogspot.com\/-DZgaFWzxqao\/YOWAIDQ5q5I\/AAAAAAAAmQ0\/x-BtIqN6mYkRxbII_3YIvmsSzsQcQloIwCLcBGAsYHQ\/w514-h353\/fgsdrdf.jpeg\" alt=\"\" width=\"514\" height=\"353\" border=\"0\" data-original-height=\"344\" data-original-width=\"500\" \/><\/a><\/div>\n<p>A privatiza\u00e7\u00e3o dos Correios planejada pelo governo federal deve envolver a venda de 100% da estatal, que hoje det\u00e9m o monop\u00f3lio do setor postal no Brasil. Para o leil\u00e3o ocorrer no primeiro trimestre de 2022, como planejado, o Congresso ainda precisa aprovar o projeto de lei que permite que a iniciativa privada atue em opera\u00e7\u00f5es hoje exclusivas dos Correios.<\/p>\n<p>Em mar\u00e7o, o Poder Executivo divulgou que a desestatiza\u00e7\u00e3o da empresa seria por venda total ou majorit\u00e1ria das a\u00e7\u00f5es. Ap\u00f3s avan\u00e7os nos estudos, o governo optou pela primeira op\u00e7\u00e3o, ao entender que n\u00e3o deve manter uma participa\u00e7\u00e3o minorit\u00e1ria nos Correios, afirmou o secret\u00e1rio especial de Desestatiza\u00e7\u00e3o, Desinvestimento e Mercados do Minist\u00e9rio da Economia, Diogo Mac Cord.<\/p>\n<p>A informa\u00e7\u00e3o foi revelada pelo jornal O Globo e confirmada pelo Broadcast, sistema de not\u00edcias em tempo real do Grupo Estado. O formato ainda precisa ser formalmente aprovado pelos minist\u00e9rios e pelo Programa de Parcerias de Investimentos (PPI) do governo.<\/p>\n<\/div>\n<\/div>\n<\/div>\n","protected":false},"excerpt":{"rendered":"<p>\u00a0 A privatiza\u00e7\u00e3o dos Correios planejada pelo governo federal deve envolver a venda de 100% da estatal, que hoje det\u00e9m o monop\u00f3lio do setor postal no Brasil. Para o leil\u00e3o ocorrer no primeiro trimestre de 2022, como planejado, o Congresso ainda precisa aprovar o projeto de lei que permite que a iniciativa privada atue em [&hellip;]<\/p>\n","protected":false},"author":2,"featured_media":0,"comment_status":"open","ping_status":"open","sticky":false,"template":"","format":"standard","meta":{"_links_to":"","_links_to_target":""},"categories":[7,9,8,1],"tags":[],"_links":{"self":[{"href":"https:\/\/www.ilheusnoticias.net.br\/v1\/wp-json\/wp\/v2\/posts\/27281"}],"collection":[{"href":"https:\/\/www.ilheusnoticias.net.br\/v1\/wp-json\/wp\/v2\/posts"}],"about":[{"href":"https:\/\/www.ilheusnoticias.net.br\/v1\/wp-json\/wp\/v2\/types\/post"}],"author":[{"embeddable":true,"href":"https:\/\/www.ilheusnoticias.net.br\/v1\/wp-json\/wp\/v2\/users\/2"}],"replies":[{"embeddable":true,"href":"https:\/\/www.ilheusnoticias.net.br\/v1\/wp-json\/wp\/v2\/comments?post=27281"}],"version-history":[{"count":1,"href":"https:\/\/www.ilheusnoticias.net.br\/v1\/wp-json\/wp\/v2\/posts\/27281\/revisions"}],"predecessor-version":[{"id":27282,"href":"https:\/\/www.ilheusnoticias.net.br\/v1\/wp-json\/wp\/v2\/posts\/27281\/revisions\/27282"}],"wp:attachment":[{"href":"https:\/\/www.ilheusnoticias.net.br\/v1\/wp-json\/wp\/v2\/media?parent=27281"}],"wp:term":[{"taxonomy":"category","embeddable":true,"href":"https:\/\/www.ilheusnoticias.net.br\/v1\/wp-json\/wp\/v2\/categories?post=27281"},{"taxonomy":"post_tag","embeddable":true,"href":"https:\/\/www.ilheusnoticias.net.br\/v1\/wp-json\/wp\/v2\/tags?post=27281"}],"curies":[{"name":"wp","href":"https:\/\/api.w.org\/{rel}","templated":true}]}}