{"id":2713,"date":"2016-11-27T16:01:09","date_gmt":"2016-11-27T19:01:09","guid":{"rendered":"http:\/\/www.ilheusnoticias.net.br\/v1\/?p=2713"},"modified":"2016-11-27T16:01:09","modified_gmt":"2016-11-27T19:01:09","slug":"triatleta-ilheense-conquista-vaga-para-o-mundial-de-ironman-no-havai","status":"publish","type":"post","link":"https:\/\/www.ilheusnoticias.net.br\/v1\/2016\/11\/27\/triatleta-ilheense-conquista-vaga-para-o-mundial-de-ironman-no-havai\/","title":{"rendered":"Triatleta ilheense conquista vaga para o mundial de Ironman no Hava\u00ed"},"content":{"rendered":"<h2 class=\"PostHeaderIcon-wrapper\"><a href=\"http:\/\/www.pimenta.blog.br\/2016\/11\/26\/triatleta-ilheense-conquista-vaga-para-o-mundial-de-ironman-no-hawai\/corrida-igor\/\" rel=\"attachment wp-att-174054\"><img loading=\"lazy\" class=\"size-full wp-image-174054\" src=\"http:\/\/www.pimenta.blog.br\/wp-content\/uploads\/2016\/11\/corrida-Igor.jpg\" sizes=\"(max-width: 528px) 100vw, 528px\" srcset=\"http:\/\/www.pimenta.blog.br\/wp-content\/uploads\/2016\/11\/corrida-Igor-300x266.jpg 300w, http:\/\/www.pimenta.blog.br\/wp-content\/uploads\/2016\/11\/corrida-Igor.jpg 528w\" alt=\"Igor conquistou vaga durante competi\u00e7\u00e3o em Fortaleza (Foto Divulga\u00e7\u00e3o).\" width=\"528\" height=\"469\" \/><\/a><\/h2>\n<div class=\"PostContent\">\n<div id=\"attachment_174054\" class=\"wp-caption aligncenter\">\n<p class=\"wp-caption-text\">Igor conquistou vaga durante competi\u00e7\u00e3o em Fortaleza (Foto Divulga\u00e7\u00e3o).<\/p>\n<\/div>\n<p>O triatleta ilheense Igor Costa Santos tornou-se o primeiro triatleta sul-baiano e o quarto do seu estado a conquistar uma vaga para o Campeonato Mundial de Ironman. Ele disputar\u00e1 a competi\u00e7\u00e3o no pr\u00f3ximo ano, em Kona, Hava\u00ed, Estados Unidos, ap\u00f3s os resultados obtidos no \u00faltimo final de semana em Fortaleza (CE), quando encarou 3,8 quil\u00f4metros de nata\u00e7\u00e3o, 180,2 quil\u00f4metros de ciclismo e outros 42,195 de corrida.<\/p>\n<p>&nbsp;<\/p>\n<p>Segundo o triatleta, a prova de Fortaleza, onde conseguiu a classifica\u00e7\u00e3o, \u00e9\u00a0uma das mais dif\u00edceis do mundo, por causa do \u201cmar agitado, ventos fortes al\u00e9m do sol escaldante\u201d. Todo o percurso da competi\u00e7\u00e3o em solo cearense foi conclu\u00eddo em 9h48min46s.<\/p>\n<p><!--more--><\/p>\n<p>Igor se diz bastante emocionado com o resultado, principalmente por ter enfrentado um drama um m\u00eas antes da competi\u00e7\u00e3o,\u00a0ao concluir um treino de transi\u00e7\u00e3o de 140km x 6,5km de corrida. Foi quando sentiu\u00a0uma dor na regi\u00e3o do gl\u00fateo esquerdo. Ao chegar em casa, disse o triatleta, sentiu os movimentos limitados e a dor havia aumentado. \u201cOs treinamentos foram interrompidos e a incerteza sobre a impossibilidade de disputar o Ironman Fortaleza durou 30 dias\u201d.<\/p>\n<p>O atleta p\u00f4de voltar a treinar somente uma semanaantes da competi\u00e7\u00e3o. Por\u00e9m, foram dois treinamentos curtos, porque ainda sentia inc\u00f4modo. Disse ter se arriscado a manter repouso at\u00e9 o dia 20 passado,\u00a0quando nadou os 3.800 metros no agitado mar da capital cearense\u00a0e pedalou os 180,2km suportando os fortes ventos e rajadas laterais, na sequ\u00eancia, desceu para correr a maratona no sol escaldante que brilhava na orla de Fortaleza. \u201cDeu tudo certo, apesar de ter pago o pre\u00e7o de 30 dias de interrup\u00e7\u00e3o dos treinos, o tempo de 3h27min na maratona foi comemorado\u201d.<\/p>\n<p>Com a vaga garantida, 2017 ser\u00e1 um ano dedicado ao Mundial em Kona. \u201cO merecido descanso de final de ano ser\u00e1 bem aproveitado ao lado da linda fam\u00edlia\u201d, diz o atleta. Igor ter\u00e1 tempo para pensar no projeto 2017 e captar patrocinadores que permitam \u00eaxito no grande desafio na <strong>Magic Island Kailua-Kona, Hawai<\/strong>, em 14 de outubro de 2017.<\/p>\n<\/div>\n<p>&nbsp;<\/p>\n","protected":false},"excerpt":{"rendered":"<p>Igor conquistou vaga durante competi\u00e7\u00e3o em Fortaleza (Foto Divulga\u00e7\u00e3o). O triatleta ilheense Igor Costa Santos tornou-se o primeiro triatleta sul-baiano e o quarto do seu estado a conquistar uma vaga para o Campeonato Mundial de Ironman. Ele disputar\u00e1 a competi\u00e7\u00e3o no pr\u00f3ximo ano, em Kona, Hava\u00ed, Estados Unidos, ap\u00f3s os resultados obtidos no \u00faltimo final [&hellip;]<\/p>\n","protected":false},"author":2,"featured_media":0,"comment_status":"open","ping_status":"open","sticky":false,"template":"","format":"standard","meta":{"_links_to":"","_links_to_target":""},"categories":[9],"tags":[206],"_links":{"self":[{"href":"https:\/\/www.ilheusnoticias.net.br\/v1\/wp-json\/wp\/v2\/posts\/2713"}],"collection":[{"href":"https:\/\/www.ilheusnoticias.net.br\/v1\/wp-json\/wp\/v2\/posts"}],"about":[{"href":"https:\/\/www.ilheusnoticias.net.br\/v1\/wp-json\/wp\/v2\/types\/post"}],"author":[{"embeddable":true,"href":"https:\/\/www.ilheusnoticias.net.br\/v1\/wp-json\/wp\/v2\/users\/2"}],"replies":[{"embeddable":true,"href":"https:\/\/www.ilheusnoticias.net.br\/v1\/wp-json\/wp\/v2\/comments?post=2713"}],"version-history":[{"count":1,"href":"https:\/\/www.ilheusnoticias.net.br\/v1\/wp-json\/wp\/v2\/posts\/2713\/revisions"}],"predecessor-version":[{"id":2714,"href":"https:\/\/www.ilheusnoticias.net.br\/v1\/wp-json\/wp\/v2\/posts\/2713\/revisions\/2714"}],"wp:attachment":[{"href":"https:\/\/www.ilheusnoticias.net.br\/v1\/wp-json\/wp\/v2\/media?parent=2713"}],"wp:term":[{"taxonomy":"category","embeddable":true,"href":"https:\/\/www.ilheusnoticias.net.br\/v1\/wp-json\/wp\/v2\/categories?post=2713"},{"taxonomy":"post_tag","embeddable":true,"href":"https:\/\/www.ilheusnoticias.net.br\/v1\/wp-json\/wp\/v2\/tags?post=2713"}],"curies":[{"name":"wp","href":"https:\/\/api.w.org\/{rel}","templated":true}]}}