{"id":2695,"date":"2016-11-25T08:08:25","date_gmt":"2016-11-25T11:08:25","guid":{"rendered":"http:\/\/www.ilheusnoticias.net.br\/v1\/?p=2695"},"modified":"2016-11-25T08:08:25","modified_gmt":"2016-11-25T11:08:25","slug":"%e2%80%8baprovada-emenda-para-implantacao-do-museu-da-capitania-de-ilheus","status":"publish","type":"post","link":"https:\/\/www.ilheusnoticias.net.br\/v1\/2016\/11\/25\/%e2%80%8baprovada-emenda-para-implantacao-do-museu-da-capitania-de-ilheus\/","title":{"rendered":"\u200bAPROVADA EMENDA PARA IMPLANTA\u00c7\u00c3O DO MUSEU DA CAPITANIA DE ILH\u00c9US"},"content":{"rendered":"<p><img src=\"http:\/\/www.otabuleiro.com.br\/new\/tim.php?src=http:\/\/www.otabuleiro.com.br\/new\/uploads\/images\/2016\/11\/aprovada-emenda-para-implantacao-do-museu-da-capitania-de-ilheus.jpg&amp;w=800\" alt=\"APROVADA EMENDA PARA IMPLANTA\u00c7\u00c3O DO MUSEU DA CAPITANIA DE ILH\u00c9US\" title=\"APROVADA EMENDA PARA IMPLANTA\u00c7\u00c3O DO MUSEU DA CAPITANIA DE ILH\u00c9US\" style=\"color: rgb(51, 51, 51); font-family: Lato, sans-serif; font-size: 14px; orphans: 2; widows: 2; box-sizing: border-box; border: 5px solid rgb(255, 255, 255); vertical-align: middle; box-shadow: rgba(0, 0, 0, 0.2) 0px 0px 10px 0px; margin-bottom: 10px;\"><\/p>\n<p style=\"box-sizing: border-box; margin-right: 0px; margin-bottom: 10px; margin-left: 0px; color: rgb(51, 51, 51); font-family: Lato, sans-serif; font-size: 14px; line-height: 20px; orphans: 2; widows: 2; text-align: justify; background-color: rgb(255, 255, 255);\">A proposta de emenda parlamentar com o objetivo de viabilizar o projeto de implanta\u00e7\u00e3o do Museu da Capitania de Ilh\u00e9us, no Pal\u00e1cio Paranagu\u00e1, foi aprovada em Bras\u00edlia, atrav\u00e9s de dota\u00e7\u00e3o or\u00e7ament\u00e1ria no Minist\u00e9rio da Cultura. De Bras\u00edlia, o prefeito Jabes Ribeiro confirmou a informa\u00e7\u00e3o. A emenda foi encaminhada atrav\u00e9s do deputado federal Irm\u00e3o L\u00e1zaro.<\/p>\n<p style=\"box-sizing: border-box; margin-right: 0px; margin-bottom: 10px; margin-left: 0px; color: rgb(51, 51, 51); font-family: Lato, sans-serif; font-size: 14px; line-height: 20px; orphans: 2; widows: 2; text-align: justify; background-color: rgb(255, 255, 255);\">Conforme o secret\u00e1rio municipal de Planejamento e Or\u00e7amento, Joaquim Bastos, o projeto foi cadastrado pelo governo municipal no in\u00edcio deste ano. A proposta prev\u00ea repasse no valor de R$ 290.294,00 e contrapartida do Munic\u00edpio de R$ 22.206,00, e totaliza R$ 312.500.<\/p>\n<p style=\"box-sizing: border-box; margin-right: 0px; margin-bottom: 10px; margin-left: 0px; color: rgb(51, 51, 51); font-family: Lato, sans-serif; font-size: 14px; line-height: 20px; orphans: 2; widows: 2; text-align: justify; background-color: rgb(255, 255, 255);\">A instala\u00e7\u00e3o do Museu da Capitania de S\u00e3o Jorge dos Ilh\u00e9us est\u00e1 direcionada ao Pal\u00e1cio Paranagu\u00e1, pr\u00e9dio onde funcionou a sede do Poder Executivo Municipal por mais de um s\u00e9culo. O Museu dever\u00e1 reunir acervo de documentos, m\u00f3veis e bens culturais que se refiram \u00e0 hist\u00f3ria do munic\u00edpio, desde o per\u00edodo das Capitanias Heredit\u00e1rias. A verba de emenda parlamentar poder\u00e1 ser usada para reforma, constru\u00e7\u00e3o e aquisi\u00e7\u00e3o de equipamentos para espa\u00e7os culturais.<\/p>\n","protected":false},"excerpt":{"rendered":"<p>A proposta de emenda parlamentar com o objetivo de viabilizar o projeto de implanta\u00e7\u00e3o do Museu da Capitania de Ilh\u00e9us, no Pal\u00e1cio Paranagu\u00e1, foi aprovada em Bras\u00edlia, atrav\u00e9s de dota\u00e7\u00e3o or\u00e7ament\u00e1ria no Minist\u00e9rio da Cultura. De Bras\u00edlia, o prefeito Jabes Ribeiro confirmou a informa\u00e7\u00e3o. A emenda foi encaminhada atrav\u00e9s do deputado federal Irm\u00e3o L\u00e1zaro. Conforme [&hellip;]<\/p>\n","protected":false},"author":2,"featured_media":0,"comment_status":"open","ping_status":"open","sticky":false,"template":"","format":"standard","meta":{"_links_to":"","_links_to_target":""},"categories":[1],"tags":[],"_links":{"self":[{"href":"https:\/\/www.ilheusnoticias.net.br\/v1\/wp-json\/wp\/v2\/posts\/2695"}],"collection":[{"href":"https:\/\/www.ilheusnoticias.net.br\/v1\/wp-json\/wp\/v2\/posts"}],"about":[{"href":"https:\/\/www.ilheusnoticias.net.br\/v1\/wp-json\/wp\/v2\/types\/post"}],"author":[{"embeddable":true,"href":"https:\/\/www.ilheusnoticias.net.br\/v1\/wp-json\/wp\/v2\/users\/2"}],"replies":[{"embeddable":true,"href":"https:\/\/www.ilheusnoticias.net.br\/v1\/wp-json\/wp\/v2\/comments?post=2695"}],"version-history":[{"count":1,"href":"https:\/\/www.ilheusnoticias.net.br\/v1\/wp-json\/wp\/v2\/posts\/2695\/revisions"}],"predecessor-version":[{"id":2696,"href":"https:\/\/www.ilheusnoticias.net.br\/v1\/wp-json\/wp\/v2\/posts\/2695\/revisions\/2696"}],"wp:attachment":[{"href":"https:\/\/www.ilheusnoticias.net.br\/v1\/wp-json\/wp\/v2\/media?parent=2695"}],"wp:term":[{"taxonomy":"category","embeddable":true,"href":"https:\/\/www.ilheusnoticias.net.br\/v1\/wp-json\/wp\/v2\/categories?post=2695"},{"taxonomy":"post_tag","embeddable":true,"href":"https:\/\/www.ilheusnoticias.net.br\/v1\/wp-json\/wp\/v2\/tags?post=2695"}],"curies":[{"name":"wp","href":"https:\/\/api.w.org\/{rel}","templated":true}]}}