{"id":2691,"date":"2016-11-25T08:02:18","date_gmt":"2016-11-25T11:02:18","guid":{"rendered":"http:\/\/www.ilheusnoticias.net.br\/v1\/?p=2691"},"modified":"2016-11-25T08:02:18","modified_gmt":"2016-11-25T11:02:18","slug":"segunda-parcela-do-13o-de-aposentados-comecou-a-ser-depositada","status":"publish","type":"post","link":"https:\/\/www.ilheusnoticias.net.br\/v1\/2016\/11\/25\/segunda-parcela-do-13o-de-aposentados-comecou-a-ser-depositada\/","title":{"rendered":"Segunda Parcela do 13\u00ba de aposentados come\u00e7ou a ser depositada\u00a0"},"content":{"rendered":"<header style=\"box-sizing: border-box; color: rgb(51, 51, 51); font-family: Lato, sans-serif; font-size: 14px; line-height: 20px; orphans: 2; widows: 2; background-color: rgb(255, 255, 255);\">\n<p class=\"capa\" style=\"box-sizing: border-box;\"><span itemprop=\"image\" style=\"box-sizing: border-box;\"><img src=\"http:\/\/www.otabuleiro.com.br\/new\/tim.php?src=http:\/\/www.otabuleiro.com.br\/new\/uploads\/images\/2016\/11\/segunda-parcela-do-13-de-aposentados-comecou-a-ser-depositada.jpg&amp;w=800\" alt=\"SEGUNDA PARCELA DO 13\u00ba DE APOSENTADOS COME\u00c7OU A SER DEPOSITADA\" title=\"SEGUNDA PARCELA DO 13\u00ba DE APOSENTADOS COME\u00c7OU A SER DEPOSITADA\" style=\"box-sizing: border-box; border: 5px solid rgb(255, 255, 255); vertical-align: middle; box-shadow: rgba(0, 0, 0, 0.2) 0px 0px 10px 0px; margin-bottom: 10px;\"><\/span><\/p>\n<ul class=\"info\" style=\"box-sizing: border-box; margin: 0px; list-style: none; text-transform: uppercase; font-weight: bold; color: rgb(153, 153, 153); padding: 0px;\"><\/ul>\n<\/header>\n<p><span class=\"box box-12 mtop20\" itemprop=\"description\" style=\"box-sizing: border-box; position: relative; float: left; width: 330px; color: rgb(51, 51, 51); font-family: Lato, sans-serif; font-size: 14px; line-height: 20px; orphans: 2; widows: 2; background-color: rgb(255, 255, 255);\"><\/p>\n<p style=\"box-sizing: border-box; margin-right: 0px; margin-bottom: 10px; margin-left: 0px; text-align: justify;\">A segunda parte do 13\u00ba sal\u00e1rio dos aposentados e pensionistas do Instituto Nacional do Servi\u00e7o Social (INSS) come\u00e7ou a ser depositada na quinta-feira (24), junto \u00e0 folha dos benef\u00edcios do m\u00eas de novembro, segundo o Minist\u00e9rio da Previd\u00eancia Social.<\/p>\n<p style=\"box-sizing: border-box; margin-right: 0px; margin-bottom: 10px; margin-left: 0px; text-align: justify;\">Os primeiros a receber ser\u00e3o os segurados que ganham at\u00e9 um sal\u00e1rio-m\u00ednimo. Os que recebem acima do sal\u00e1rio-m\u00ednimo ter\u00e3o seus benef\u00edcios creditados a partir do dia 1\u00ba de dezembro. O calend\u00e1rio segue at\u00e9 o dia 7 de dezembro.<\/p>\n<p style=\"box-sizing: border-box; margin-right: 0px; margin-bottom: 10px; margin-left: 0px; text-align: justify;\">A primeira parcela do 13\u00ba sal\u00e1rio dos benefici\u00e1rios do INSS foi creditada na folha de agosto. O valor gasto para o pagamento da primeira parcela foi de R$ 18,2 bilh\u00f5es. A despesa com o pagamento da segunda parcela do abono anual \u00e9 de R$ 18,4 bilh\u00f5es, segundo o minist\u00e9rio. A segunda parte do 13\u00ba sal\u00e1rio vem acompanhada do desconto do Imposto de Renda, para os benef\u00edcios que se encontram na faixa de valor em que o imposto incide.<\/p>\n<p style=\"box-sizing: border-box; margin-right: 0px; margin-bottom: 10px; margin-left: 0px; text-align: justify;\">De acordo com a lei, tem direito ao 13\u00ba sal\u00e1rio do INSS quem, durante o ano, recebeu benef\u00edcio previdenci\u00e1rio, como aposentadoria, pens\u00e3o por morte, aux\u00edlio-doen\u00e7a, aux\u00edlio-acidente, aux\u00edlio-reclus\u00e3o ou sal\u00e1rio-maternidade. No caso de aux\u00edlio-doen\u00e7a e sal\u00e1rio-maternidade, o valor do abono anual ser\u00e1 proporcional ao per\u00edodo recebido.<\/p>\n<p style=\"box-sizing: border-box; margin-right: 0px; margin-bottom: 10px; margin-left: 0px; text-align: justify;\">Aqueles que recebem benef\u00edcios assistenciais (Benef\u00edcio de Presta\u00e7\u00e3o Continuada da Lei Org\u00e2nica da Assist\u00eancia Social \u2013 BPC\/LOAS e Renda Mensal Vital\u00edcia \u2013 RMV) n\u00e3o t\u00eam direito ao abono anual. Em caso de d\u00favidas sobre data e valor do pagamento, o benefici\u00e1rio pode ligar para a Central 135 ou consultar o Extrato de pagamento de benef\u00edcios no site<em style=\"box-sizing: border-box;\">&nbsp;<\/em><a href=\"http:\/\/www.previdencia.gov.br\/\" target=\"_blank\" style=\"box-sizing: border-box; color: rgb(51, 122, 183); background-color: transparent;\">www.previdencia.gov.br<\/a><em style=\"box-sizing: border-box;\">.<\/em><\/p>\n<p style=\"box-sizing: border-box; margin-right: 0px; margin-bottom: 10px; margin-left: 0px; text-align: justify;\"><em style=\"box-sizing: border-box;\">O Tabuleiro&nbsp;<\/em><\/p>\n<p><\/span><\/p>\n","protected":false},"excerpt":{"rendered":"<p>A segunda parte do 13\u00ba sal\u00e1rio dos aposentados e pensionistas do Instituto Nacional do Servi\u00e7o Social (INSS) come\u00e7ou a ser depositada na quinta-feira (24), junto \u00e0 folha dos benef\u00edcios do m\u00eas de novembro, segundo o Minist\u00e9rio da Previd\u00eancia Social. Os primeiros a receber ser\u00e3o os segurados que ganham at\u00e9 um sal\u00e1rio-m\u00ednimo. Os que recebem acima [&hellip;]<\/p>\n","protected":false},"author":2,"featured_media":0,"comment_status":"open","ping_status":"open","sticky":false,"template":"","format":"standard","meta":{"_links_to":"","_links_to_target":""},"categories":[1],"tags":[],"_links":{"self":[{"href":"https:\/\/www.ilheusnoticias.net.br\/v1\/wp-json\/wp\/v2\/posts\/2691"}],"collection":[{"href":"https:\/\/www.ilheusnoticias.net.br\/v1\/wp-json\/wp\/v2\/posts"}],"about":[{"href":"https:\/\/www.ilheusnoticias.net.br\/v1\/wp-json\/wp\/v2\/types\/post"}],"author":[{"embeddable":true,"href":"https:\/\/www.ilheusnoticias.net.br\/v1\/wp-json\/wp\/v2\/users\/2"}],"replies":[{"embeddable":true,"href":"https:\/\/www.ilheusnoticias.net.br\/v1\/wp-json\/wp\/v2\/comments?post=2691"}],"version-history":[{"count":1,"href":"https:\/\/www.ilheusnoticias.net.br\/v1\/wp-json\/wp\/v2\/posts\/2691\/revisions"}],"predecessor-version":[{"id":2692,"href":"https:\/\/www.ilheusnoticias.net.br\/v1\/wp-json\/wp\/v2\/posts\/2691\/revisions\/2692"}],"wp:attachment":[{"href":"https:\/\/www.ilheusnoticias.net.br\/v1\/wp-json\/wp\/v2\/media?parent=2691"}],"wp:term":[{"taxonomy":"category","embeddable":true,"href":"https:\/\/www.ilheusnoticias.net.br\/v1\/wp-json\/wp\/v2\/categories?post=2691"},{"taxonomy":"post_tag","embeddable":true,"href":"https:\/\/www.ilheusnoticias.net.br\/v1\/wp-json\/wp\/v2\/tags?post=2691"}],"curies":[{"name":"wp","href":"https:\/\/api.w.org\/{rel}","templated":true}]}}