{"id":2685,"date":"2016-11-23T14:00:14","date_gmt":"2016-11-23T17:00:14","guid":{"rendered":"http:\/\/www.ilheusnoticias.net.br\/v1\/?p=2685"},"modified":"2016-11-23T14:00:14","modified_gmt":"2016-11-23T17:00:14","slug":"promotoria-pede-dois-anos-de-prisao-e-multa-de-r-36-milhoes-a-neymar","status":"publish","type":"post","link":"https:\/\/www.ilheusnoticias.net.br\/v1\/2016\/11\/23\/promotoria-pede-dois-anos-de-prisao-e-multa-de-r-36-milhoes-a-neymar\/","title":{"rendered":"Promotoria pede dois anos de pris\u00e3o  e multa de R$ 36 milh\u00f5es a Neymar"},"content":{"rendered":"<div id=\"glb-topo\" class=\"glb-topo\">\n<div id=\"glb-cabecalho\" class=\"glb-cabecalho\">\n<div class=\"glb-conteudo\">\n<div class=\"cabecalho-conteudo\">\n<div class=\"cabecalho-produto\">\n<header id=\"header-produto\" class=\"header-navegacao header-editoria menu-cdn\" data-analytics=\"T\">\n<div class=\"cube-container\">\n<div class=\"cube\">\n<div class=\"face front\">\n<div class=\"grid-12 clearfix area-principal row\">\n<div class=\"column\">\n<div class=\"logo-area item-editoria tamanho-titulo-normal tamanho-titulo-reduzido-smart\"><\/div>\n<\/div>\n<\/div>\n<\/div>\n<\/div>\n<\/div>\n<\/header>\n<\/div>\n<\/div>\n<\/div>\n<\/div>\n<\/div>\n<div id=\"glb-corpo\">\n<div class=\"glb-conteudo\">\n<div class=\"glb-bloco row\">\n<div class=\"glb-grid-8 small-8 medium-8 large-8 columns\">\n<div id=\"glb-materia\" class=\"hfeed hentry\">\n<div id=\"materia-letra\" class=\"materia-conteudo entry-content\">\n<div class=\"corpo-conteudo\">\n<div id=\"ec4ad503-a0ae-3407-fd5b-4a48737fc030\" class=\"foto componente-conteudo\"><img loading=\"lazy\" title=\"Neymar deixa tribunal Espanha (Foto: REUTERS\/Sergio Perez)\" src=\"http:\/\/s2.glbimg.com\/L2i7DIMDwg4MdfDmUoRwa4B2S0Q=\/895x148:2200x1453\/350x350\/s.glbimg.com\/es\/ge\/f\/original\/2016\/02\/02\/2016-02-02t174940z_1827258689_gf10000293463_rtrmadp_3_soccer-spain-fraud.jpg\" alt=\"Neymar deixa tribunal Espanha (Foto: REUTERS\/Sergio Perez)\" width=\"350\" height=\"350\" \/><strong>Neymar ao prestar depoimento em fevereiro: Promotoria e DIS pedem a pris\u00e3o do craque (Foto: Reuters \/Sergio Perez)<\/strong><\/div>\n<p>A Justi\u00e7a da Espanha recebeu nesta quarta-feira a acusa\u00e7\u00e3o formal por parte da DIS contra <span class=\"semantica-autolink-topico-tip\"><a class=\"link-do-autolink-semantico\" href=\"http:\/\/globoesporte.globo.com\/atleta\/neymar.html\">Neymar<\/a><\/span>, a fam\u00edlia do craque e dirigentes de Santos e <span class=\"semantica-autolink-topico-tip\"><a class=\"link-do-autolink-semantico\" href=\"http:\/\/globoesporte.globo.com\/equipe\/futebol\/futebol-internacional\/futebol-espanhol\/barcelona.html\">Barcelona<\/a><\/span> por corrup\u00e7\u00e3o. Nela, o\u00a0fundo de investimento pede que o camisa 10 da Sele\u00e7\u00e3o seja condenado a cinco anos de pris\u00e3o e fique impossibilitado de jogar futebol durante esse per\u00edodo. J\u00e1 a promotoria requisitou dois anos de pris\u00e3o e\u00a0\u20ac 10 milh\u00f5es (R$ 35,9 milh\u00f5es) de multa para o atacante brasileiro. A not\u00edcia vem a p\u00fablico horas antes de <a class=\"\" href=\"http:\/\/globoesporte.globo.com\/futebol\/liga-dos-campeoes\/noticia\/2016\/11\/em-glasgow-barca-luta-contra-frio-torcida-e-virus-por-vaga-nas-oitavas.html\" target=\"_self\">ele ir a campo com o Bar\u00e7a para encarar o Celtic pela Liga dos Campe\u00f5es <\/a>&#8211;<strong> em jogo na Esc\u00f3cia que o GloboEsporte.com transmite ao vivo a partir das 16h45.<\/strong><\/p>\n<\/div>\n<p>&nbsp;<\/p>\n<div class=\"corpo-conteudo\">\n<p>Al\u00e9m disso,\u00a0o\u00a0fundo de investimento quer uma indeniza\u00e7\u00e3o entre \u20ac 159 e \u20ac 195 milh\u00f5es (R$ 571 a R$ 700,3 milh\u00f5es) por conta da transfer\u00eancia do jogador para o futebol espanhol em 2013. Os dirigentes do Barcelona tamb\u00e9m est\u00e3o na mira da DIS, que pede oito anos de pris\u00e3o para o atual presidente do Barcelona, Josep Mar\u00eda Bartomeu, e seu antecessor no cargo, Sandro Rosell.<\/p>\n<p>Procurado pela produ\u00e7\u00e3o da TV Globo, Altamiro\u00a0Bezerra, CEO da NN Consultoria, disse que Neymar e fam\u00edlia est\u00e3o tranquilos, pois este \u00e9 um processo antigo que j\u00e1 havia sido arquivado e que foi reaberto h\u00e1 um m\u00eas \u00e0 pedido da DIS. Ele informou, ainda, que n\u00e3o h\u00e1 nenhuma notifica\u00e7\u00e3o da Justi\u00e7a sobre o caso. Pouco depois, a empresa divulgou uma nota oficial.<\/p>\n<p>&#8211; Referente as not\u00edcias publicadas nesta quarta-feira sobre as acusa\u00e7\u00f5es contra Neymar Jr. e seu pai, Neymar da Silva Santos, reiteramos que se trata do mesmo processo reaberto em setembro de 2016, que havia sido arquivado pelo juiz Jos\u00e9 de la Mata. As partes ainda n\u00e3o foram notificadas e nem comunicadas sobre a abertura de acusa\u00e7\u00e3o do Minist\u00e9rio P\u00fablico e no per\u00edodo certo ir\u00e3o apresentar a defesa. Continuamos tranquilos porque todos os contratos foram firmados com respeito aos preceitos legais, \u00e9ticos e morais e com a ci\u00eancia do Santos Futebol Clube e FC Barcelona. Seguimos seguros que o tempo oferecer\u00e1 todas as respostas positivas &#8211;\u00a0disse a NN Consultoria, empresa do pai do jogador.<\/p>\n<p>A disputa judicial, entretanto, n\u00e3o envolve apenas a DIS contra a fam\u00edlia de Neymar e o Barcelona. Al\u00e9m do\u00a0fundo de investimento, que detinha 40% dos direitos do jogador \u00e0 \u00e9poca da transfer\u00eancia, a promotoria da Audi\u00eancia Nacional (o equivalente ao Supremo Tribunal da Espanha) tamb\u00e9m pediu a condena\u00e7\u00e3o tanto do craque brasileiro quanto dos cartolas catal\u00e3es. A pena, entretanto, \u00e9 menor em ambos os casos: no caso de Neymar e seu pai, dois anos; de Bartomeu e Rosell, cinco.<\/p>\n<div id=\"488bd944-09f4-6dd9-9526-7673771e6bb2\" class=\"foto componente-conteudo\"><img loading=\"lazy\" title=\"Neymar pai e Neymar audi\u00eancia em madri (Foto: Reuters)\" src=\"http:\/\/s2.glbimg.com\/7lp7IpnLSp_h3Tq32G-jrGC7Eig=\/0x0:2000x1128\/690x389\/s.glbimg.com\/es\/ge\/f\/original\/2016\/02\/02\/2016-02-02t160942z_2125896401_gf10000293304_rtrmadp_3_soccer-spain-fraud_1.jpg\" alt=\"Neymar pai e Neymar audi\u00eancia em madri (Foto: Reuters)\" width=\"690\" height=\"389\" \/><strong>Neymar pai e Neymar na mira da Justi\u00e7a na Espanha (Foto: Reuters)<\/strong><\/div>\n<p>No in\u00edcio do m\u00eas, o <a class=\"\" href=\"http:\/\/globoesporte.globo.com\/futebol\/futebol-internacional\/futebol-espanhol\/noticia\/2016\/11\/justica-da-espanha-aceita-denuncia-contra-neymar-e-barcelona-diz-jornal.html\" target=\"_self\">juiz Jos\u00e9 de la Mata aceitou a den\u00fancia contra<\/a><a class=\"\" href=\"http:\/\/globoesporte.globo.com\/atleta\/neymar.html\">Neymar<\/a>, seu pai e sua m\u00e3e, Nadine Gon\u00e7alves, pouco mais de um m\u00eas ap\u00f3s o\u00a0<a class=\"\" href=\"http:\/\/globoesporte.globo.com\/futebol\/futebol-internacional\/futebol-espanhol\/noticia\/2016\/09\/jornal-processo-contra-neymar-e-reaberto-pela-justica-da-espanha.html\" target=\"_self\">Minist\u00e9rio P\u00fablico da Espanha solicitar a reabertura do caso<\/a>\u00a0&#8211; que havia sido\u00a0<a class=\"\" href=\"http:\/\/globoesporte.globo.com\/futebol\/futebol-internacional\/futebol-espanhol\/noticia\/2016\/07\/juiz-decide-arquivar-processo-da-dis-contra-neymar-na-espanha-diz-jornal.html\" target=\"_self\">arquivado da esfera criminal em julho<\/a>. A decis\u00e3o do juiz espanhol abriu caminho para que o jogador seja levado a j\u00fari, e, desde ent\u00e3o, os promotores tinham o prazo de 10 dias para formalizar o pedido de julgamento.<\/p>\n<p>&#8211; O DIS pede \u00e0 Justi\u00e7a espanhola que Neymar e Bartomeu sejam condenados pelos delitos de fraude e corrup\u00e7\u00e3o, por um lado a penas de pris\u00e3o que possam alcan\u00e7ar os cinco anos\u00a0 e, por outro, que sejam desabilitados para que o sr. Bartomeu n\u00e3o possa continuar sendo presidente do Bar\u00e7a nem Neymar Jr. continue jogando profissionalmente na Uni\u00e3o Europeia &#8211; disse \u00e0 imprensa Eliseo M. Mart\u00ednez, um dos advogados da DIS.<\/p>\n<p>A quarta se\u00e7\u00e3o da promotoria, que solicitou ao juiz Jos\u00e9 de la Mata a reabertura o caso em setembro, entende que houve crimes de fraude e corrup\u00e7\u00e3o entre os envolvidos, o que for\u00e7ou a reabertura do processo criminalmente.<\/p>\n<div id=\"65137b98-5ffd-943e-134d-52dde290e672\" class=\"foto componente-conteudo\"><img loading=\"lazy\" title=\"Neymar - DIS (Foto: Divulga\u00e7\u00e3o)\" src=\"http:\/\/s2.glbimg.com\/OZ8nVUioFf4P_tmHLKXClqQ_Wic=\/0x341:1280x960\/690x334\/s.glbimg.com\/es\/ge\/f\/original\/2016\/11\/23\/neymar_dis.jpg\" alt=\"Neymar - DIS (Foto: Divulga\u00e7\u00e3o)\" width=\"690\" height=\"334\" \/><strong>DIS tenta impedir que Neymar continue jogando na Europa (Foto: Divulga\u00e7\u00e3o)<\/strong><\/div>\n<div id=\"titulomateria-1\" class=\"titulo-materia borda-cor componente-conteudo\" data-position=\"texto\">\n<div class=\"itens-conteudo\">\n<p class=\"titulo\">A A\u00c7\u00c3O<!--more--><\/p>\n<\/div>\n<\/div>\n<p>No processo com o fisco espanhol, o Barcelona se declarou culpado e aceitou pagar a multa de \u20ac 5,5 milh\u00f5es (R$ 19,75 milh\u00f5es) por erro de planejamento fiscal na contrata\u00e7\u00e3o de\u00a0<a class=\"\" href=\"http:\/\/globoesporte.globo.com\/atleta\/neymar.html\">Neymar<\/a>\u00a0em 2013. A decis\u00e3o foi anunciada pelo presidente do clube, Josep Maria Bartomeu, ap\u00f3s ser aprovada por 14 conselheiros do clube durante uma reuni\u00e3o de sete horas e meia (outros dois votaram contra, enquanto dois se abstiveram).<\/p>\n<p>O grupo DIS, respons\u00e1vel pela den\u00fancia, alegava ter direito a receber 40% do valor total da transfer\u00eancia, que, de acordo com a Audi\u00eancia Nacional espanhola, alcan\u00e7ou os \u20ac 83,3 milh\u00f5es (R$\u00a0299,2 milh\u00f5es nos valores atuais). A empresa, no entanto, s\u00f3 recebeu a porcentagem dos \u20ac 17 milh\u00f5es (R$ 61 milh\u00f5es) pagos pelo\u00a0<a class=\"\" href=\"http:\/\/globoesporte.globo.com\/equipe\/futebol\/futebol-internacional\/futebol-espanhol\/barcelona.html\">Barcelona<\/a>\u00a0ao Santos pela contrata\u00e7\u00e3o do jogador. Por isso, entrou com a a\u00e7\u00e3o que levou pai e filho ao tribunal, mas a\u00a0Justi\u00e7a da Espanha decidiu arquiv\u00e1-la em julho.<\/p>\n<p>\u00c0 \u00e9poca do arquivamento,\u00a0<a class=\"\" href=\"http:\/\/globoesporte.globo.com\/futebol\/futebol-internacional\/futebol-espanhol\/noticia\/2016\/07\/apos-juiz-espanhol-arquivar-processo-pai-de-neymar-desabafa-e-ataca-dis.html\" target=\"_self\">o pai do craque, em tom de desabafo, disse que viveu um dos dias mais tristes da vida ao comparecer \u00e0 Audi\u00eancia Nacional na Espanha<\/a>, em fevereiro, e atacou a empresa que moveu a a\u00e7\u00e3o.<\/p>\n<p>&#8211; A essa altura todos voc\u00eas j\u00e1 sabem do arquivamentodo processo que um &#8220;grupo de investimento&#8221; tentou mover contra minha fam\u00edlia e minhas empresas na Espanha. N\u00e3o comemoro a vit\u00f3ria por n\u00e3o entender ser uma vit\u00f3ria. Durante todos esses anos fazendo a gest\u00e3o da carreira e da imagem de meu filho, entre tantos acertos, admito ter cometido um erro ao me envolver, cedendo os direitos econ\u00f4micos do meu filho, com esse &#8220;grupo de investimentos&#8221; que tantos preju\u00edzos causou a minha casa e minhas empresas.<\/p>\n<\/div>\n<\/div>\n<\/div>\n<\/div>\n<\/div>\n<\/div>\n<\/div>\n<p>&nbsp;<\/p>\n","protected":false},"excerpt":{"rendered":"<p>Neymar ao prestar depoimento em fevereiro: Promotoria e DIS pedem a pris\u00e3o do craque (Foto: Reuters \/Sergio Perez) A Justi\u00e7a da Espanha recebeu nesta quarta-feira a acusa\u00e7\u00e3o formal por parte da DIS contra Neymar, a fam\u00edlia do craque e dirigentes de Santos e Barcelona por corrup\u00e7\u00e3o. Nela, o\u00a0fundo de investimento pede que o camisa 10 [&hellip;]<\/p>\n","protected":false},"author":2,"featured_media":0,"comment_status":"open","ping_status":"open","sticky":false,"template":"","format":"standard","meta":{"_links_to":"","_links_to_target":""},"categories":[1],"tags":[],"_links":{"self":[{"href":"https:\/\/www.ilheusnoticias.net.br\/v1\/wp-json\/wp\/v2\/posts\/2685"}],"collection":[{"href":"https:\/\/www.ilheusnoticias.net.br\/v1\/wp-json\/wp\/v2\/posts"}],"about":[{"href":"https:\/\/www.ilheusnoticias.net.br\/v1\/wp-json\/wp\/v2\/types\/post"}],"author":[{"embeddable":true,"href":"https:\/\/www.ilheusnoticias.net.br\/v1\/wp-json\/wp\/v2\/users\/2"}],"replies":[{"embeddable":true,"href":"https:\/\/www.ilheusnoticias.net.br\/v1\/wp-json\/wp\/v2\/comments?post=2685"}],"version-history":[{"count":1,"href":"https:\/\/www.ilheusnoticias.net.br\/v1\/wp-json\/wp\/v2\/posts\/2685\/revisions"}],"predecessor-version":[{"id":2686,"href":"https:\/\/www.ilheusnoticias.net.br\/v1\/wp-json\/wp\/v2\/posts\/2685\/revisions\/2686"}],"wp:attachment":[{"href":"https:\/\/www.ilheusnoticias.net.br\/v1\/wp-json\/wp\/v2\/media?parent=2685"}],"wp:term":[{"taxonomy":"category","embeddable":true,"href":"https:\/\/www.ilheusnoticias.net.br\/v1\/wp-json\/wp\/v2\/categories?post=2685"},{"taxonomy":"post_tag","embeddable":true,"href":"https:\/\/www.ilheusnoticias.net.br\/v1\/wp-json\/wp\/v2\/tags?post=2685"}],"curies":[{"name":"wp","href":"https:\/\/api.w.org\/{rel}","templated":true}]}}