{"id":2676,"date":"2016-11-23T13:48:49","date_gmt":"2016-11-23T16:48:49","guid":{"rendered":"http:\/\/www.ilheusnoticias.net.br\/v1\/?p=2676"},"modified":"2016-11-23T13:48:49","modified_gmt":"2016-11-23T16:48:49","slug":"infestacao-de-caramujos-africanos-mobiliza-orgaos-de-saude-publica-em-ilheus","status":"publish","type":"post","link":"https:\/\/www.ilheusnoticias.net.br\/v1\/2016\/11\/23\/infestacao-de-caramujos-africanos-mobiliza-orgaos-de-saude-publica-em-ilheus\/","title":{"rendered":"Infesta\u00e7\u00e3o de caramujos africanos mobiliza \u00f3rg\u00e3os de sa\u00fade p\u00fablica em Ilh\u00e9us"},"content":{"rendered":"<h2 class=\"PostHeaderIcon-wrapper\"><\/h2>\n<div class=\"PostContent\">\n<div id=\"attachment_55622\" class=\"wp-caption alignleft\"><a href=\"http:\/\/www.agravo.blog.br\/wp-content\/uploads\/2016\/11\/caramujo_3.jpg\"><img loading=\"lazy\" class=\" wp-image-55622\" src=\"http:\/\/www.agravo.blog.br\/wp-content\/uploads\/2016\/11\/caramujo_3.jpg\" alt=\"(Foto: Reprodu\u00e7\u00e3o\/TV Santa Cruz).\" width=\"264\" height=\"198\" \/><\/a><\/p>\n<p class=\"wp-caption-text\">(Foto: Reprodu\u00e7\u00e3o\/TV Santa Cruz).<\/p>\n<\/div>\n<p>A cidade de Ilh\u00e9us vem passando por um per\u00edodo de infesta\u00e7\u00e3o de caramujo africano. De acordo com o coordenador do Centro de Controle de Zoonoses de Ilh\u00e9us, o M\u00e9dico Veterin\u00e1rio Alo\u00edsio Leite, o molusco foi levado para a cidade nos anos 1980, para ser criado como escargot, por\u00e9m, virou uma praga.<\/p>\n<p class=\"bodytext\">\u201cDesde que chegaram por aqui se proliferaram muito. Eles est\u00e3o presentes durante todo o ano, por\u00e9m, na \u00e9poca de chuva se reproduzem mais por conta da umidade. Nos meses mais quentes, eles ficam no subsolo hibernando\u201d, disse Alo\u00edsio em entrevista ao Jornal Correio da Bahia.<\/p>\n<\/div>\n<p class=\"bodytext\"><!--more--><\/p>\n<div class=\"PostContent\">\n<p class=\"bodytext\">O coordenador informou tamb\u00e9m que os animais j\u00e1 foram observados em todos os bairros de Ilh\u00e9us e em alguns distritos vizinhos. Ainda segundo o especialista, o contato com o molusco pode representar risco para popula\u00e7\u00e3o, uma vez que os animais s\u00e3o transmissores de graves doen\u00e7as.<\/p>\n<p class=\"bodytext\">\u201cAinda n\u00e3o foram registrados casos na Bahia, por\u00e9m, na cidade de Recife j\u00e1 diagnosticaram caso de meningite causada pelo caramujo africano\u201d, afirmou. Os animais t\u00eam potencial ainda para transmitir uma verminose que perfura o aparelho intestinal.<\/p>\n<p class=\"bodytext\">Para combater a praga, o Centro de Controle de Zoonoses tem utilizado um moluscicida de r\u00e1pida a\u00e7\u00e3o. Segundo Alo\u00edsio, o veneno n\u00e3o prejudica outras esp\u00e9cies animais e tem a\u00e7\u00e3o prolongada. \u201cQuando aplicamos o produto em determinada \u00e1rea, os moluscos ficam de seis a oito meses sem aparecer naquele local\u201d, garantiu o veterin\u00e1rio.<\/p>\n<p class=\"bodytext\">Ele disse ainda que a popula\u00e7\u00e3o deve evitar ter contato com os caramujos. \u201cQuando algu\u00e9m encontrar os animais, deve entra em contato com o Centro de Controle para que possamos fazer o combate com o moluscicida\u201d, disse.<\/p>\n<p class=\"bodytext\">O especialista ressaltou que, havendo necessidade, as pessoas que precisarem pegar nos caramujos devem usar luvas imperme\u00e1veis ou sacos pl\u00e1sticos para proteger as m\u00e3os.\u00a0\u201cQuando forem descart\u00e1-los devem colocar em um saco pl\u00e1stico com uma quantidade de sal, para matar os agentes causadores das doen\u00e7as que se alojam nos caramujos\u201d, completou.<\/p>\n<p class=\"bodytext\"><em>*Com informa\u00e7\u00f5es do Correio da Bahia<\/em><\/p>\n<\/div>\n","protected":false},"excerpt":{"rendered":"<p>(Foto: Reprodu\u00e7\u00e3o\/TV Santa Cruz). A cidade de Ilh\u00e9us vem passando por um per\u00edodo de infesta\u00e7\u00e3o de caramujo africano. De acordo com o coordenador do Centro de Controle de Zoonoses de Ilh\u00e9us, o M\u00e9dico Veterin\u00e1rio Alo\u00edsio Leite, o molusco foi levado para a cidade nos anos 1980, para ser criado como escargot, por\u00e9m, virou uma praga. [&hellip;]<\/p>\n","protected":false},"author":2,"featured_media":0,"comment_status":"open","ping_status":"open","sticky":false,"template":"","format":"standard","meta":{"_links_to":"","_links_to_target":""},"categories":[9],"tags":[],"_links":{"self":[{"href":"https:\/\/www.ilheusnoticias.net.br\/v1\/wp-json\/wp\/v2\/posts\/2676"}],"collection":[{"href":"https:\/\/www.ilheusnoticias.net.br\/v1\/wp-json\/wp\/v2\/posts"}],"about":[{"href":"https:\/\/www.ilheusnoticias.net.br\/v1\/wp-json\/wp\/v2\/types\/post"}],"author":[{"embeddable":true,"href":"https:\/\/www.ilheusnoticias.net.br\/v1\/wp-json\/wp\/v2\/users\/2"}],"replies":[{"embeddable":true,"href":"https:\/\/www.ilheusnoticias.net.br\/v1\/wp-json\/wp\/v2\/comments?post=2676"}],"version-history":[{"count":1,"href":"https:\/\/www.ilheusnoticias.net.br\/v1\/wp-json\/wp\/v2\/posts\/2676\/revisions"}],"predecessor-version":[{"id":2677,"href":"https:\/\/www.ilheusnoticias.net.br\/v1\/wp-json\/wp\/v2\/posts\/2676\/revisions\/2677"}],"wp:attachment":[{"href":"https:\/\/www.ilheusnoticias.net.br\/v1\/wp-json\/wp\/v2\/media?parent=2676"}],"wp:term":[{"taxonomy":"category","embeddable":true,"href":"https:\/\/www.ilheusnoticias.net.br\/v1\/wp-json\/wp\/v2\/categories?post=2676"},{"taxonomy":"post_tag","embeddable":true,"href":"https:\/\/www.ilheusnoticias.net.br\/v1\/wp-json\/wp\/v2\/tags?post=2676"}],"curies":[{"name":"wp","href":"https:\/\/api.w.org\/{rel}","templated":true}]}}