{"id":2609,"date":"2016-11-21T12:31:59","date_gmt":"2016-11-21T15:31:59","guid":{"rendered":"http:\/\/www.ilheusnoticias.net.br\/v1\/?p=2609"},"modified":"2016-11-21T12:40:56","modified_gmt":"2016-11-21T15:40:56","slug":"justica-com-as-maos-ii-acusado-de-espancar-travestir-em-ilheus-foi-linchado","status":"publish","type":"post","link":"https:\/\/www.ilheusnoticias.net.br\/v1\/2016\/11\/21\/justica-com-as-maos-ii-acusado-de-espancar-travestir-em-ilheus-foi-linchado\/","title":{"rendered":"Justi\u00e7a com as m\u00e3os : Acusado de espancar travestir em Ilh\u00e9us foi linchado"},"content":{"rendered":"<header>\n<h3 class=\"entry-title\"><a href=\"http:\/\/www.ilheusnoticias.net.br\/v1\/wp-content\/uploads\/2016\/11\/vitima-de-linchamento-2.jpg\" rel=\"attachment wp-att-2610\"><img loading=\"lazy\" class=\"aligncenter size-medium wp-image-2610\" src=\"http:\/\/www.ilheusnoticias.net.br\/v1\/wp-content\/uploads\/2016\/11\/vitima-de-linchamento-2-300x169.jpg\" alt=\"vitima-de-linchamento-2\" width=\"300\" height=\"169\" srcset=\"https:\/\/www.ilheusnoticias.net.br\/v1\/wp-content\/uploads\/2016\/11\/vitima-de-linchamento-2-300x169.jpg 300w, https:\/\/www.ilheusnoticias.net.br\/v1\/wp-content\/uploads\/2016\/11\/vitima-de-linchamento-2.jpg 500w\" sizes=\"(max-width: 300px) 100vw, 300px\" \/><\/a><\/h3>\n<\/header>\n<div class=\"entry-content\">\n<p>No dia 1\u00ba de novembro, tr\u00eas homens espancaram a travesti Kayalla Ayalla no bairro do Malhado, em Ilh\u00e9us. A v\u00edtima ficou com hematomas em v\u00e1rias partes do corpo e precisou ser internada. Segundo informa\u00e7\u00f5es que o <i>Blog do Gusm\u00e3o<\/i> recebeu de pessoas que atuam na seguran\u00e7a p\u00fablica, a Pol\u00edcia Civil investiga o caso como tentativa de homic\u00eddio. Um dos acusados foi preso e liberado. V\u00eddeos que circulam desde s\u00e1bado (19), em grupos do WhatsApp mostram um grupo espancando um homem, Willian Almeida (19 anos), que teria participado da agress\u00e3o contra Kayalla. Enquanto agrediam o suspeito com socos, chutes, vassouradas e pedradas, os agressores disseram a ele que n\u00e3o aceitam \u201chomofobia\u201d. O epis\u00f3dio triste op\u00f5e a Justi\u00e7a dos tribunais \u00e0 lei das ruas. Se a primeira muitas vezes refor\u00e7a o sentimento de impunidade, a segunda \u00e9 irracional e impiedosa.<\/p>\n<\/div>\n","protected":false},"excerpt":{"rendered":"<p>No dia 1\u00ba de novembro, tr\u00eas homens espancaram a travesti Kayalla Ayalla no bairro do Malhado, em Ilh\u00e9us. A v\u00edtima ficou com hematomas em v\u00e1rias partes do corpo e precisou ser internada. Segundo informa\u00e7\u00f5es que o Blog do Gusm\u00e3o recebeu de pessoas que atuam na seguran\u00e7a p\u00fablica, a Pol\u00edcia Civil investiga o caso como tentativa [&hellip;]<\/p>\n","protected":false},"author":2,"featured_media":0,"comment_status":"open","ping_status":"open","sticky":false,"template":"","format":"standard","meta":{"_links_to":"","_links_to_target":""},"categories":[1],"tags":[],"_links":{"self":[{"href":"https:\/\/www.ilheusnoticias.net.br\/v1\/wp-json\/wp\/v2\/posts\/2609"}],"collection":[{"href":"https:\/\/www.ilheusnoticias.net.br\/v1\/wp-json\/wp\/v2\/posts"}],"about":[{"href":"https:\/\/www.ilheusnoticias.net.br\/v1\/wp-json\/wp\/v2\/types\/post"}],"author":[{"embeddable":true,"href":"https:\/\/www.ilheusnoticias.net.br\/v1\/wp-json\/wp\/v2\/users\/2"}],"replies":[{"embeddable":true,"href":"https:\/\/www.ilheusnoticias.net.br\/v1\/wp-json\/wp\/v2\/comments?post=2609"}],"version-history":[{"count":2,"href":"https:\/\/www.ilheusnoticias.net.br\/v1\/wp-json\/wp\/v2\/posts\/2609\/revisions"}],"predecessor-version":[{"id":2617,"href":"https:\/\/www.ilheusnoticias.net.br\/v1\/wp-json\/wp\/v2\/posts\/2609\/revisions\/2617"}],"wp:attachment":[{"href":"https:\/\/www.ilheusnoticias.net.br\/v1\/wp-json\/wp\/v2\/media?parent=2609"}],"wp:term":[{"taxonomy":"category","embeddable":true,"href":"https:\/\/www.ilheusnoticias.net.br\/v1\/wp-json\/wp\/v2\/categories?post=2609"},{"taxonomy":"post_tag","embeddable":true,"href":"https:\/\/www.ilheusnoticias.net.br\/v1\/wp-json\/wp\/v2\/tags?post=2609"}],"curies":[{"name":"wp","href":"https:\/\/api.w.org\/{rel}","templated":true}]}}