{"id":2595,"date":"2016-11-21T12:09:19","date_gmt":"2016-11-21T15:09:19","guid":{"rendered":"http:\/\/www.ilheusnoticias.net.br\/v1\/?p=2595"},"modified":"2016-11-21T12:09:19","modified_gmt":"2016-11-21T15:09:19","slug":"abono-salarial-ano-base-2015-comeca-a-ser-pago-nesta-segunda-21","status":"publish","type":"post","link":"https:\/\/www.ilheusnoticias.net.br\/v1\/2016\/11\/21\/abono-salarial-ano-base-2015-comeca-a-ser-pago-nesta-segunda-21\/","title":{"rendered":"Abono salarial ano-base 2015 come\u00e7a a ser pago nesta segunda (21)"},"content":{"rendered":"<h2 class=\"PostHeaderIcon-wrapper\"><\/h2>\n<div class=\"PostContent\">\n<p><a href=\"http:\/\/www.agravo.blog.br\/wp-content\/uploads\/2016\/02\/pis-pasep.jpg\"><img loading=\"lazy\" class=\"aligncenter size-full wp-image-46229\" src=\"http:\/\/www.agravo.blog.br\/wp-content\/uploads\/2016\/02\/pis-pasep.jpg\" alt=\"pis pasep\" width=\"520\" height=\"260\" \/><\/a><\/p>\n<p>A partir desta segunda-feira (21), o Minist\u00e9rio do Trabalho libera\u00a0o pagamento do Abono Salarial do PIS\/ Pasep ano-base 2015 para os trabalhadores nascidos no m\u00eas de novembro.\u00a0Tamb\u00e9m a partir desta data, o benef\u00edcio estar\u00e1 dispon\u00edvel para os servidores p\u00fablicos com final da inscri\u00e7\u00e3o 4.<\/p>\n<p>Os trabalhadores da iniciativa privada poder\u00e3o retirar o dinheiro em qualquer ag\u00eancia da Caixa Econ\u00f4mica do Pa\u00eds. J\u00e1 os servidores p\u00fablicos devem sacar o valor no Banco do Brasil. Veja tabela<\/p>\n<p><a href=\"http:\/\/www.agravo.blog.br\/wp-content\/uploads\/2016\/11\/000-2tabela-pasep-base2015.png\"><!--more--><img loading=\"lazy\" class=\"aligncenter  wp-image-55565\" src=\"http:\/\/www.agravo.blog.br\/wp-content\/uploads\/2016\/11\/000-2tabela-pasep-base2015.png\" alt=\"000-2tabela-pasep-base2015\" width=\"499\" height=\"288\" \/><\/a><\/p>\n<p>O recurso fica dispon\u00edvel para saque at\u00e9 30 de junho de 2017. Entretanto, os benefici\u00e1rios devem seguir o calend\u00e1rio de saques programado para o PIS\/Pasep para evitar tumultos nas ag\u00eancias banc\u00e1rias.<\/p>\n<p>Tem direito ao abono ano-base 2015 quem trabalhou com carteira assinada por pelo menos um m\u00eas no ano passado e teve remunera\u00e7\u00e3o m\u00e9dia de at\u00e9 dois sal\u00e1rios-m\u00ednimos. Al\u00e9m disso, o trabalhador deve estar inscrito no PIS\/Pasep h\u00e1 pelo menos cinco anos e o empregador precisa ter informado seus dados corretamente na Rela\u00e7\u00e3o Anual de Informa\u00e7\u00e3o Social (Rais).<span id=\"more-55563\"><\/span><\/p>\n<p>A partir deste ano, o valor do abono \u00e9 proporcional aos meses trabalhados durante o ano-base. \u201cQuem trabalhou durante apenas um m\u00eas receber\u00e1 o equivalente a 1\/12 do sal\u00e1rio-m\u00ednimo, e assim sucessivamente. A fra\u00e7\u00e3o igual ou superior a 15 dias de trabalho ser\u00e1 contada como m\u00eas integral\u201d, explicou o\u00a0coordenador-geral do Seguro Desemprego, Abono Salarial e Identifica\u00e7\u00e3o Profissional do Minist\u00e9rio do Trabalho, M\u00e1rcio Borges.<\/p>\n<p><strong>Calend\u00e1rio de pagamento do PIS:<\/strong><\/p>\n<p><a href=\"http:\/\/www.agravo.blog.br\/wp-content\/uploads\/2016\/11\/000-tabela-pis-base2015.png\"><img loading=\"lazy\" class=\"aligncenter  wp-image-55564\" src=\"http:\/\/www.agravo.blog.br\/wp-content\/uploads\/2016\/11\/000-tabela-pis-base2015.png\" alt=\"000-tabela-pis-base2015\" width=\"493\" height=\"316\" \/><\/a><\/p>\n<p>*O cr\u00e9dito em conta para correntistas da Caixa ser\u00e1 efetuado dois dias antes da data estabelecida para o saque.<\/p>\n<p><strong>Calend\u00e1rio de pagamento do Pasep :<\/strong><\/p>\n<p>&nbsp;<\/p>\n<p>*O cr\u00e9dito em conta para correntistas do Banco do Brasil ser\u00e1 efetuado a partir do terceiro dia \u00fatil anterior ao in\u00edcio de cada per\u00edodo de pagamento.<\/p>\n<\/div>\n<p>&nbsp;<\/p>\n","protected":false},"excerpt":{"rendered":"<p>A partir desta segunda-feira (21), o Minist\u00e9rio do Trabalho libera\u00a0o pagamento do Abono Salarial do PIS\/ Pasep ano-base 2015 para os trabalhadores nascidos no m\u00eas de novembro.\u00a0Tamb\u00e9m a partir desta data, o benef\u00edcio estar\u00e1 dispon\u00edvel para os servidores p\u00fablicos com final da inscri\u00e7\u00e3o 4. Os trabalhadores da iniciativa privada poder\u00e3o retirar o dinheiro em qualquer [&hellip;]<\/p>\n","protected":false},"author":2,"featured_media":0,"comment_status":"open","ping_status":"open","sticky":false,"template":"","format":"standard","meta":{"_links_to":"","_links_to_target":""},"categories":[1],"tags":[],"_links":{"self":[{"href":"https:\/\/www.ilheusnoticias.net.br\/v1\/wp-json\/wp\/v2\/posts\/2595"}],"collection":[{"href":"https:\/\/www.ilheusnoticias.net.br\/v1\/wp-json\/wp\/v2\/posts"}],"about":[{"href":"https:\/\/www.ilheusnoticias.net.br\/v1\/wp-json\/wp\/v2\/types\/post"}],"author":[{"embeddable":true,"href":"https:\/\/www.ilheusnoticias.net.br\/v1\/wp-json\/wp\/v2\/users\/2"}],"replies":[{"embeddable":true,"href":"https:\/\/www.ilheusnoticias.net.br\/v1\/wp-json\/wp\/v2\/comments?post=2595"}],"version-history":[{"count":1,"href":"https:\/\/www.ilheusnoticias.net.br\/v1\/wp-json\/wp\/v2\/posts\/2595\/revisions"}],"predecessor-version":[{"id":2596,"href":"https:\/\/www.ilheusnoticias.net.br\/v1\/wp-json\/wp\/v2\/posts\/2595\/revisions\/2596"}],"wp:attachment":[{"href":"https:\/\/www.ilheusnoticias.net.br\/v1\/wp-json\/wp\/v2\/media?parent=2595"}],"wp:term":[{"taxonomy":"category","embeddable":true,"href":"https:\/\/www.ilheusnoticias.net.br\/v1\/wp-json\/wp\/v2\/categories?post=2595"},{"taxonomy":"post_tag","embeddable":true,"href":"https:\/\/www.ilheusnoticias.net.br\/v1\/wp-json\/wp\/v2\/tags?post=2595"}],"curies":[{"name":"wp","href":"https:\/\/api.w.org\/{rel}","templated":true}]}}