{"id":2584,"date":"2016-11-20T19:43:01","date_gmt":"2016-11-20T22:43:01","guid":{"rendered":"http:\/\/www.ilheusnoticias.net.br\/v1\/?p=2584"},"modified":"2016-11-20T19:43:01","modified_gmt":"2016-11-20T22:43:01","slug":"turismo-em-itacare-preocupacao-do-prefeito-eleito","status":"publish","type":"post","link":"https:\/\/www.ilheusnoticias.net.br\/v1\/2016\/11\/20\/turismo-em-itacare-preocupacao-do-prefeito-eleito\/","title":{"rendered":"Turismo em Itacar\u00e9: preocupa\u00e7\u00e3o do Prefeito eleito"},"content":{"rendered":"<h2 class=\"PostHeaderIcon-wrapper\"><\/h2>\n<div class=\"PostContent\">\n<p><a href=\"http:\/\/www.agravo.blog.br\/wp-content\/uploads\/2016\/11\/unnamed.jpg\"><img loading=\"lazy\" class=\"aligncenter  wp-image-55541\" src=\"http:\/\/www.agravo.blog.br\/wp-content\/uploads\/2016\/11\/unnamed.jpg\" alt=\"unnamed\" width=\"456\" height=\"274\" \/><\/a><\/p>\n<p>Ant\u00f4nio de An\u00edsio (PT) esteve ontem no evento de maior p\u00f3lo de discuss\u00f5es sobre inova\u00e7\u00e3o e competitividade do turismo. O encontro que acontece h\u00e1 quatro anos em Barcelona, fez a sua primeira edi\u00e7\u00e3o no Brasil, em Salvador e discutiu sobre a tecnologia como agregadora de valor ao turismo. Estudos de caso, vitrine de solu\u00e7\u00f5es tecnol\u00f3gicas, encontros para troca de experi\u00eancia tamb\u00e9m foram os temas apresentados.<\/p>\n<p>O prefeito eleito de Itacar\u00e9, Ant\u00f4nio de An\u00edsio, estava acompanhado J\u00falio Oliveira, futuro secret\u00e1rio municipal de Turismo de Itacar\u00e9. Eles participaram do evento com a finalidade de levar para o munic\u00edpio novas experi\u00eancias, parcerias e fortalecimento de toda a cadeia produtiva do turismo.<\/p>\n<p>\u201cImportante momento para n\u00f3s que vamos assumir a gest\u00e3o de Itacar\u00e9, um dos principais destinos tur\u00edsticos da Bahia. Estamos acompanhando neste evento, a evolu\u00e7\u00e3o e experi\u00eancias de sucesso de grandes destinos brasileiros e mundiais. Queremos desenvolver no Turismo de Itacar\u00e9, tecnologia, inova\u00e7\u00e3o, cultura, hospitalidade e competitividade\u201d, explica Ant\u00f4nio An\u00edsio que desde a sua vit\u00f3ria busca parcerias e para a melhoria do munic\u00edpio.<\/p>\n<p>Para J\u00falio, a participa\u00e7\u00e3o ao lado do prefeito simboliza toda a responsabilidade de fazer com que a nova gest\u00e3o do turismo de Itacar\u00e9 leve novidade e modernidade para a cidade. \u201cPrecisamos e devemos acompanhar e inserir Itacar\u00e9 nas novas tend\u00eancias do turismo do Brasil e do exterior\u201d, conclui.<\/p>\n<p>O F\u00f3rum Turistic Brasil reuniu l\u00edderes inovadores, brasileiros e internacionais, entidades empresariais e governos interessados em compartilhar inova\u00e7\u00f5es, ampliar o n\u00edvel de competitividade do turismo, proporcionar sinergia entre os setores e criar novas oportunidades de neg\u00f3cios.<\/p>\n<\/div>\n","protected":false},"excerpt":{"rendered":"<p>Ant\u00f4nio de An\u00edsio (PT) esteve ontem no evento de maior p\u00f3lo de discuss\u00f5es sobre inova\u00e7\u00e3o e competitividade do turismo. O encontro que acontece h\u00e1 quatro anos em Barcelona, fez a sua primeira edi\u00e7\u00e3o no Brasil, em Salvador e discutiu sobre a tecnologia como agregadora de valor ao turismo. Estudos de caso, vitrine de solu\u00e7\u00f5es tecnol\u00f3gicas, [&hellip;]<\/p>\n","protected":false},"author":2,"featured_media":0,"comment_status":"open","ping_status":"open","sticky":false,"template":"","format":"standard","meta":{"_links_to":"","_links_to_target":""},"categories":[7],"tags":[],"_links":{"self":[{"href":"https:\/\/www.ilheusnoticias.net.br\/v1\/wp-json\/wp\/v2\/posts\/2584"}],"collection":[{"href":"https:\/\/www.ilheusnoticias.net.br\/v1\/wp-json\/wp\/v2\/posts"}],"about":[{"href":"https:\/\/www.ilheusnoticias.net.br\/v1\/wp-json\/wp\/v2\/types\/post"}],"author":[{"embeddable":true,"href":"https:\/\/www.ilheusnoticias.net.br\/v1\/wp-json\/wp\/v2\/users\/2"}],"replies":[{"embeddable":true,"href":"https:\/\/www.ilheusnoticias.net.br\/v1\/wp-json\/wp\/v2\/comments?post=2584"}],"version-history":[{"count":1,"href":"https:\/\/www.ilheusnoticias.net.br\/v1\/wp-json\/wp\/v2\/posts\/2584\/revisions"}],"predecessor-version":[{"id":2585,"href":"https:\/\/www.ilheusnoticias.net.br\/v1\/wp-json\/wp\/v2\/posts\/2584\/revisions\/2585"}],"wp:attachment":[{"href":"https:\/\/www.ilheusnoticias.net.br\/v1\/wp-json\/wp\/v2\/media?parent=2584"}],"wp:term":[{"taxonomy":"category","embeddable":true,"href":"https:\/\/www.ilheusnoticias.net.br\/v1\/wp-json\/wp\/v2\/categories?post=2584"},{"taxonomy":"post_tag","embeddable":true,"href":"https:\/\/www.ilheusnoticias.net.br\/v1\/wp-json\/wp\/v2\/tags?post=2584"}],"curies":[{"name":"wp","href":"https:\/\/api.w.org\/{rel}","templated":true}]}}