{"id":2582,"date":"2016-11-20T19:41:00","date_gmt":"2016-11-20T22:41:00","guid":{"rendered":"http:\/\/www.ilheusnoticias.net.br\/v1\/?p=2582"},"modified":"2016-11-20T19:41:00","modified_gmt":"2016-11-20T22:41:00","slug":"secretario-do-ministerio-do-trabalho-visita-ilheus-e-sinaliza-reforma-do-predio-da-gerencia-regional","status":"publish","type":"post","link":"https:\/\/www.ilheusnoticias.net.br\/v1\/2016\/11\/20\/secretario-do-ministerio-do-trabalho-visita-ilheus-e-sinaliza-reforma-do-predio-da-gerencia-regional\/","title":{"rendered":"Secret\u00e1rio do Minist\u00e9rio do Trabalho visita Ilh\u00e9us e sinaliza reforma do pr\u00e9dio da Ger\u00eancia Regional"},"content":{"rendered":"<h2 class=\"PostHeaderIcon-wrapper\"><\/h2>\n<div class=\"PostContent\">\n<p><a href=\"http:\/\/www.agravo.blog.br\/wp-content\/uploads\/2016\/11\/mariotrabalho.jpg\"><img loading=\"lazy\" class=\"aligncenter  wp-image-55544\" src=\"http:\/\/www.agravo.blog.br\/wp-content\/uploads\/2016\/11\/mariotrabalho.jpg\" alt=\"mariotrabalho\" width=\"493\" height=\"277\" \/><\/a><\/p>\n<p>Em atendimento a um pedido do prefeito eleito de Ilh\u00e9us, M\u00e1rio Alexandre (PSD), o secret\u00e1rio-executivo do Minist\u00e9rio do Trabalho Antonio Correia, visitou o munic\u00edpio de Ilh\u00e9us. O secret\u00e1rio verificou de perto a real situa\u00e7\u00e3o das instala\u00e7\u00f5es do pr\u00e9dio da Ger\u00eancia Regional do Trabalho e Emprego, que estar em estado de abandono e fechado desde 2013. Atualmente o \u00f3rg\u00e3o funciona em um pr\u00e9dio residencial na Av. Canavieiras com limita\u00e7\u00f5es no atendimento ao p\u00fablico.<\/p>\n<p><!--more--><\/p>\n<p>Ap\u00f3s a visita, o secret\u00e1rio Executivo do Minist\u00e9rio do Trabalho, disse que as providencias que M\u00e1rio Alexandre pediu ao minist\u00e9rio ser\u00e3o efetivadas, com a reforma e moderniza\u00e7\u00e3o da estrutura do pr\u00e9dio que \u00e9 um patrim\u00f4nio de Ilh\u00e9us, e que precisa cumprir sua finalidade na presta\u00e7\u00e3o de servi\u00e7o ao cidad\u00e3o.<\/p>\n<p>Agravo<\/p>\n<\/div>\n<p>&nbsp;<\/p>\n","protected":false},"excerpt":{"rendered":"<p>Em atendimento a um pedido do prefeito eleito de Ilh\u00e9us, M\u00e1rio Alexandre (PSD), o secret\u00e1rio-executivo do Minist\u00e9rio do Trabalho Antonio Correia, visitou o munic\u00edpio de Ilh\u00e9us. O secret\u00e1rio verificou de perto a real situa\u00e7\u00e3o das instala\u00e7\u00f5es do pr\u00e9dio da Ger\u00eancia Regional do Trabalho e Emprego, que estar em estado de abandono e fechado desde 2013. [&hellip;]<\/p>\n","protected":false},"author":2,"featured_media":0,"comment_status":"open","ping_status":"open","sticky":false,"template":"","format":"standard","meta":{"_links_to":"","_links_to_target":""},"categories":[9],"tags":[181],"_links":{"self":[{"href":"https:\/\/www.ilheusnoticias.net.br\/v1\/wp-json\/wp\/v2\/posts\/2582"}],"collection":[{"href":"https:\/\/www.ilheusnoticias.net.br\/v1\/wp-json\/wp\/v2\/posts"}],"about":[{"href":"https:\/\/www.ilheusnoticias.net.br\/v1\/wp-json\/wp\/v2\/types\/post"}],"author":[{"embeddable":true,"href":"https:\/\/www.ilheusnoticias.net.br\/v1\/wp-json\/wp\/v2\/users\/2"}],"replies":[{"embeddable":true,"href":"https:\/\/www.ilheusnoticias.net.br\/v1\/wp-json\/wp\/v2\/comments?post=2582"}],"version-history":[{"count":1,"href":"https:\/\/www.ilheusnoticias.net.br\/v1\/wp-json\/wp\/v2\/posts\/2582\/revisions"}],"predecessor-version":[{"id":2583,"href":"https:\/\/www.ilheusnoticias.net.br\/v1\/wp-json\/wp\/v2\/posts\/2582\/revisions\/2583"}],"wp:attachment":[{"href":"https:\/\/www.ilheusnoticias.net.br\/v1\/wp-json\/wp\/v2\/media?parent=2582"}],"wp:term":[{"taxonomy":"category","embeddable":true,"href":"https:\/\/www.ilheusnoticias.net.br\/v1\/wp-json\/wp\/v2\/categories?post=2582"},{"taxonomy":"post_tag","embeddable":true,"href":"https:\/\/www.ilheusnoticias.net.br\/v1\/wp-json\/wp\/v2\/tags?post=2582"}],"curies":[{"name":"wp","href":"https:\/\/api.w.org\/{rel}","templated":true}]}}