{"id":2571,"date":"2016-11-19T15:11:19","date_gmt":"2016-11-19T18:11:19","guid":{"rendered":"http:\/\/www.ilheusnoticias.net.br\/v1\/?p=2571"},"modified":"2016-11-19T15:21:40","modified_gmt":"2016-11-19T18:21:40","slug":"grui-nomeia-wagner-para-conselhoovernador-da-bahia","status":"publish","type":"post","link":"https:\/\/www.ilheusnoticias.net.br\/v1\/2016\/11\/19\/grui-nomeia-wagner-para-conselhoovernador-da-bahia\/","title":{"rendered":"Governador da Bahia nomeia Wagner"},"content":{"rendered":"<h2 class=\"PostHeaderIcon-wrapper\"><a href=\"http:\/\/www.pimenta.blog.br\/2013\/11\/28\/wagner-anuncia-rui-como-nome-do-pt\/wagner-e-rui-costa-posse-05-01-12foto-manu-dias-2\/\" rel=\"attachment wp-att-139415\"><img loading=\"lazy\" class=\"size-full wp-image-139415\" src=\"http:\/\/www.pimenta.blog.br\/wp-content\/uploads\/wagner-e-rui-costa-posse-05.01.12foto-manu-dias1.jpg\" sizes=\"(max-width: 400px) 100vw, 400px\" srcset=\"http:\/\/www.pimenta.blog.br\/wp-content\/uploads\/wagner-e-rui-costa-posse-05.01.12foto-manu-dias1-300x199.jpg 300w, http:\/\/www.pimenta.blog.br\/wp-content\/uploads\/wagner-e-rui-costa-posse-05.01.12foto-manu-dias1.jpg 400w\" alt=\"Wagner \u00e9 nomeado por Rui para conselho (Foto Manu Dias).\" width=\"400\" height=\"266\" \/><\/a><\/h2>\n<div class=\"PostContent\">\n<div id=\"attachment_139415\" class=\"wp-caption aligncenter\">\n<p class=\"wp-caption-text\">Wagner \u00e9 nomeado por Rui para conselho (Foto Manu Dias).<\/p>\n<\/div>\n<p>O governador Rui Costa nomeou o ex-ministro Jaques Wagner para o cargo de coordenador executivo do Conselho de Desenvolvimento Econ\u00f4mico e Social (Codes). O cargo \u00e9 diretamente ligado ao gabinete do gestor estadual. A nomea\u00e7\u00e3o ocorreu ontem e a publica\u00e7\u00e3o do ato foi publicada na edi\u00e7\u00e3o deste s\u00e1bado (19) do <em>Di\u00e1rio Oficial do Estado<\/em>. O ato de posse deve ocorrer na pr\u00f3xima semana.<\/p>\n<p>Embora ocupante do conselho, Wagner ter\u00e1 a miss\u00e3o de trabalhar a articula\u00e7\u00e3o pol\u00edtica do governo de Rui Costa. A tentativa \u00e9 de aplacar as cr\u00edticas da base aliada em rela\u00e7\u00e3o ao atendimento dispensado a deputados e prefeitos.<\/p>\n<\/div>\n","protected":false},"excerpt":{"rendered":"<p>Wagner \u00e9 nomeado por Rui para conselho (Foto Manu Dias). O governador Rui Costa nomeou o ex-ministro Jaques Wagner para o cargo de coordenador executivo do Conselho de Desenvolvimento Econ\u00f4mico e Social (Codes). O cargo \u00e9 diretamente ligado ao gabinete do gestor estadual. A nomea\u00e7\u00e3o ocorreu ontem e a publica\u00e7\u00e3o do ato foi publicada na [&hellip;]<\/p>\n","protected":false},"author":2,"featured_media":0,"comment_status":"open","ping_status":"open","sticky":false,"template":"","format":"standard","meta":{"_links_to":"","_links_to_target":""},"categories":[7],"tags":[178],"_links":{"self":[{"href":"https:\/\/www.ilheusnoticias.net.br\/v1\/wp-json\/wp\/v2\/posts\/2571"}],"collection":[{"href":"https:\/\/www.ilheusnoticias.net.br\/v1\/wp-json\/wp\/v2\/posts"}],"about":[{"href":"https:\/\/www.ilheusnoticias.net.br\/v1\/wp-json\/wp\/v2\/types\/post"}],"author":[{"embeddable":true,"href":"https:\/\/www.ilheusnoticias.net.br\/v1\/wp-json\/wp\/v2\/users\/2"}],"replies":[{"embeddable":true,"href":"https:\/\/www.ilheusnoticias.net.br\/v1\/wp-json\/wp\/v2\/comments?post=2571"}],"version-history":[{"count":2,"href":"https:\/\/www.ilheusnoticias.net.br\/v1\/wp-json\/wp\/v2\/posts\/2571\/revisions"}],"predecessor-version":[{"id":2579,"href":"https:\/\/www.ilheusnoticias.net.br\/v1\/wp-json\/wp\/v2\/posts\/2571\/revisions\/2579"}],"wp:attachment":[{"href":"https:\/\/www.ilheusnoticias.net.br\/v1\/wp-json\/wp\/v2\/media?parent=2571"}],"wp:term":[{"taxonomy":"category","embeddable":true,"href":"https:\/\/www.ilheusnoticias.net.br\/v1\/wp-json\/wp\/v2\/categories?post=2571"},{"taxonomy":"post_tag","embeddable":true,"href":"https:\/\/www.ilheusnoticias.net.br\/v1\/wp-json\/wp\/v2\/tags?post=2571"}],"curies":[{"name":"wp","href":"https:\/\/api.w.org\/{rel}","templated":true}]}}