{"id":2569,"date":"2016-11-19T14:59:58","date_gmt":"2016-11-19T17:59:58","guid":{"rendered":"http:\/\/www.ilheusnoticias.net.br\/v1\/?p=2569"},"modified":"2016-11-19T14:59:58","modified_gmt":"2016-11-19T17:59:58","slug":"ex-ministro-diz-que-se-demitiu-porque-geddel-o-pressionou-para-liberar-obra","status":"publish","type":"post","link":"https:\/\/www.ilheusnoticias.net.br\/v1\/2016\/11\/19\/ex-ministro-diz-que-se-demitiu-porque-geddel-o-pressionou-para-liberar-obra\/","title":{"rendered":"Ex-ministro diz que se demitiu porque Geddel o pressionou para liberar obra"},"content":{"rendered":"<h2 class=\"PostHeaderIcon-wrapper\"><a href=\"http:\/\/www.agravo.blog.br\/wp-content\/uploads\/2016\/11\/marcelo-calero.jpg\"><img loading=\"lazy\" class=\" wp-image-55532\" src=\"http:\/\/www.agravo.blog.br\/wp-content\/uploads\/2016\/11\/marcelo-calero.jpg\" alt=\"O ministro da Cultura, Marcelo Calero - Givaldo Barbosa \/ Ag\u00eancia O Globo.\" width=\"416\" height=\"250\" \/><\/a><\/h2>\n<div class=\"PostContent\">\n<div id=\"attachment_55532\" class=\"wp-caption aligncenter\">\n<p class=\"wp-caption-text\"><strong>O \u00a0ex-ministro da Cultura, Marcelo Calero \u2013 Givaldo Barbosa \/ Ag\u00eancia O Globo.<\/strong><\/p>\n<\/div>\n<p>De sa\u00edda do governo, o ministro da Cultura, Marcelo Calero, acusa o ministro Geddel Vieira Lima ( Governo) de t\u00ea-lo pressionado a produzir um parecer t\u00e9cnico para favorecer seus interesses pessoais.<\/p>\n<p>Em entrevista a <a href=\"http:\/\/www1.folha.uol.com.br\/poder\/2016\/11\/1833696-fora-do-governo-calero-acusa-geddel-de-pressiona-lo-para-liberar-obra.shtml\" target=\"_blank\">Folha de S\u00e3o Paulo<\/a>, Calero diz que Geddel o procurou pelo menos cinco vezes- por telefone e pessoalmente-para que o Iphan ( Instituto do Patrim\u00f4nio Hist\u00f3rico e Art\u00edstico Nacional, aprovasse o projeto imobili\u00e1rio La Vue Ladeira da Barra, nos arredores de uma \u00e1rea tombada de Salvador.<\/p>\n<p>Nas palavras do agora ex-ministro, Geddel disse que pelo menos em duas dessas conversas possuir um apartamento no empreendimento que dependia de autoriza\u00e7\u00e3o federal para sair do papel.<\/p>\n<p><strong>Vaquejada\u00a0<\/strong><\/p>\n<p>Segundo o blog da <a href=\"http:\/\/politica.estadao.com.br\/blogs\/coluna-do-estadao\/impasse-sobre-sancao-de-lei-da-vaquejada-motivou-saida-de-calero\/\" target=\"_blank\"><em>Coluna do Estad\u00e3o<\/em><\/a>, outra raz\u00e3o que motivou a sa\u00edda de Calero foi o impasse em torno do projeto, aprovado no Senado na semana passada, que d\u00e1 \u00e0 vaquejada status de manifesta\u00e7\u00f5es da cultura nacional e os eleva \u00e0 condi\u00e7\u00e3o de patrim\u00f4nio cultural imaterial do Brasil.<\/p>\n<p>Com um relat\u00f3rio do Instituto do Patrim\u00f4nio Hist\u00f3rico Art\u00edstico Nacional (Iphan) em m\u00e3os, o ministro chegou a pedir ao presidente Michel Temer que vetasse a lei. Encontrou obst\u00e1culos de ministros pr\u00f3ximos ao presidente, que defendem ainda que Temer fa\u00e7a um evento grandioso para sancion\u00e1-la j\u00e1 que o tema teve muita repercuss\u00e3o com a manifesta\u00e7\u00e3o de vaqueiros em Bras\u00edlia.<\/p>\n<p>Agravo<\/p>\n<\/div>\n","protected":false},"excerpt":{"rendered":"<p>O \u00a0ex-ministro da Cultura, Marcelo Calero \u2013 Givaldo Barbosa \/ Ag\u00eancia O Globo. De sa\u00edda do governo, o ministro da Cultura, Marcelo Calero, acusa o ministro Geddel Vieira Lima ( Governo) de t\u00ea-lo pressionado a produzir um parecer t\u00e9cnico para favorecer seus interesses pessoais. Em entrevista a Folha de S\u00e3o Paulo, Calero diz que Geddel [&hellip;]<\/p>\n","protected":false},"author":2,"featured_media":0,"comment_status":"open","ping_status":"open","sticky":false,"template":"","format":"standard","meta":{"_links_to":"","_links_to_target":""},"categories":[7],"tags":[],"_links":{"self":[{"href":"https:\/\/www.ilheusnoticias.net.br\/v1\/wp-json\/wp\/v2\/posts\/2569"}],"collection":[{"href":"https:\/\/www.ilheusnoticias.net.br\/v1\/wp-json\/wp\/v2\/posts"}],"about":[{"href":"https:\/\/www.ilheusnoticias.net.br\/v1\/wp-json\/wp\/v2\/types\/post"}],"author":[{"embeddable":true,"href":"https:\/\/www.ilheusnoticias.net.br\/v1\/wp-json\/wp\/v2\/users\/2"}],"replies":[{"embeddable":true,"href":"https:\/\/www.ilheusnoticias.net.br\/v1\/wp-json\/wp\/v2\/comments?post=2569"}],"version-history":[{"count":1,"href":"https:\/\/www.ilheusnoticias.net.br\/v1\/wp-json\/wp\/v2\/posts\/2569\/revisions"}],"predecessor-version":[{"id":2570,"href":"https:\/\/www.ilheusnoticias.net.br\/v1\/wp-json\/wp\/v2\/posts\/2569\/revisions\/2570"}],"wp:attachment":[{"href":"https:\/\/www.ilheusnoticias.net.br\/v1\/wp-json\/wp\/v2\/media?parent=2569"}],"wp:term":[{"taxonomy":"category","embeddable":true,"href":"https:\/\/www.ilheusnoticias.net.br\/v1\/wp-json\/wp\/v2\/categories?post=2569"},{"taxonomy":"post_tag","embeddable":true,"href":"https:\/\/www.ilheusnoticias.net.br\/v1\/wp-json\/wp\/v2\/tags?post=2569"}],"curies":[{"name":"wp","href":"https:\/\/api.w.org\/{rel}","templated":true}]}}