{"id":2567,"date":"2016-11-19T14:56:50","date_gmt":"2016-11-19T17:56:50","guid":{"rendered":"http:\/\/www.ilheusnoticias.net.br\/v1\/?p=2567"},"modified":"2016-11-19T14:56:50","modified_gmt":"2016-11-19T17:56:50","slug":"missa-de-setimo-dia-em-prol-da-alma-de-milley","status":"publish","type":"post","link":"https:\/\/www.ilheusnoticias.net.br\/v1\/2016\/11\/19\/missa-de-setimo-dia-em-prol-da-alma-de-milley\/","title":{"rendered":"MISSA DE S\u00c9TIMO DIA EM PROL DA ALMA DE MILLEY"},"content":{"rendered":"<p>&nbsp;<\/p>\n<p><a href=\"http:\/\/www.ilheusnoticias.net.br\/v1\/wp-content\/uploads\/2016\/11\/milly.jpg\" rel=\"attachment wp-att-2481\"><img loading=\"lazy\" class=\"aligncenter size-medium wp-image-2481\" src=\"http:\/\/www.ilheusnoticias.net.br\/v1\/wp-content\/uploads\/2016\/11\/milly-300x300.jpg\" alt=\"milly\" width=\"300\" height=\"300\" srcset=\"https:\/\/www.ilheusnoticias.net.br\/v1\/wp-content\/uploads\/2016\/11\/milly-300x300.jpg 300w, https:\/\/www.ilheusnoticias.net.br\/v1\/wp-content\/uploads\/2016\/11\/milly-150x150.jpg 150w, https:\/\/www.ilheusnoticias.net.br\/v1\/wp-content\/uploads\/2016\/11\/milly.jpg 395w\" sizes=\"(max-width: 300px) 100vw, 300px\" \/><\/a><\/p>\n<p>&nbsp;<\/p>\n<p>A fam\u00edlia de Milley convida aos amigos e parentes para missa de s\u00e9timo dia, em favor de sua alma, que ser\u00e1 realizada amanh\u00e3, domingo(20), \u00e0s 18 horas, na Igreja S\u00e3o Francisco, no Bairro da Proa. Desde j\u00e1 agradece a todos por este ato de f\u00e9 crist\u00e3.<\/p>\n","protected":false},"excerpt":{"rendered":"<p>&nbsp; &nbsp; A fam\u00edlia de Milley convida aos amigos e parentes para missa de s\u00e9timo dia, em favor de sua alma, que ser\u00e1 realizada amanh\u00e3, domingo(20), \u00e0s 18 horas, na Igreja S\u00e3o Francisco, no Bairro da Proa. Desde j\u00e1 agradece a todos por este ato de f\u00e9 crist\u00e3.<\/p>\n","protected":false},"author":2,"featured_media":0,"comment_status":"open","ping_status":"open","sticky":false,"template":"","format":"standard","meta":{"_links_to":"","_links_to_target":""},"categories":[1],"tags":[],"_links":{"self":[{"href":"https:\/\/www.ilheusnoticias.net.br\/v1\/wp-json\/wp\/v2\/posts\/2567"}],"collection":[{"href":"https:\/\/www.ilheusnoticias.net.br\/v1\/wp-json\/wp\/v2\/posts"}],"about":[{"href":"https:\/\/www.ilheusnoticias.net.br\/v1\/wp-json\/wp\/v2\/types\/post"}],"author":[{"embeddable":true,"href":"https:\/\/www.ilheusnoticias.net.br\/v1\/wp-json\/wp\/v2\/users\/2"}],"replies":[{"embeddable":true,"href":"https:\/\/www.ilheusnoticias.net.br\/v1\/wp-json\/wp\/v2\/comments?post=2567"}],"version-history":[{"count":1,"href":"https:\/\/www.ilheusnoticias.net.br\/v1\/wp-json\/wp\/v2\/posts\/2567\/revisions"}],"predecessor-version":[{"id":2568,"href":"https:\/\/www.ilheusnoticias.net.br\/v1\/wp-json\/wp\/v2\/posts\/2567\/revisions\/2568"}],"wp:attachment":[{"href":"https:\/\/www.ilheusnoticias.net.br\/v1\/wp-json\/wp\/v2\/media?parent=2567"}],"wp:term":[{"taxonomy":"category","embeddable":true,"href":"https:\/\/www.ilheusnoticias.net.br\/v1\/wp-json\/wp\/v2\/categories?post=2567"},{"taxonomy":"post_tag","embeddable":true,"href":"https:\/\/www.ilheusnoticias.net.br\/v1\/wp-json\/wp\/v2\/tags?post=2567"}],"curies":[{"name":"wp","href":"https:\/\/api.w.org\/{rel}","templated":true}]}}