{"id":2564,"date":"2016-11-19T14:52:51","date_gmt":"2016-11-19T17:52:51","guid":{"rendered":"http:\/\/www.ilheusnoticias.net.br\/v1\/?p=2564"},"modified":"2016-11-19T14:52:51","modified_gmt":"2016-11-19T17:52:51","slug":"defesa-civil-de-ilheus-diz-que-nao-recebeu-alerta-de-temporal-para-o-fim-de-semana","status":"publish","type":"post","link":"https:\/\/www.ilheusnoticias.net.br\/v1\/2016\/11\/19\/defesa-civil-de-ilheus-diz-que-nao-recebeu-alerta-de-temporal-para-o-fim-de-semana\/","title":{"rendered":"Defesa Civil de Ilh\u00e9us diz que n\u00e3o recebeu alerta de temporal para o fim de semana"},"content":{"rendered":"<p class=\"x_MsoNormal\" align=\"center\"><a href=\"http:\/\/www.ilheusnoticias.net.br\/v1\/wp-content\/uploads\/2016\/11\/chuva.jpg\" rel=\"attachment wp-att-2565\"><img loading=\"lazy\" class=\"aligncenter size-full wp-image-2565\" src=\"http:\/\/www.ilheusnoticias.net.br\/v1\/wp-content\/uploads\/2016\/11\/chuva.jpg\" alt=\"chuva\" width=\"215\" height=\"121\" \/><\/a><\/p>\n<p class=\"x_MsoNormal\">\n<p class=\"x_MsoNormal\">\u00a0Durante reuni\u00e3o convocada pelo prefeito de Ilh\u00e9us, na manh\u00e3 de ontem, sexta-feira, 18, o coordenador de Defesa Civil, Joandre Neres, afirmou que, at\u00e9 o momento, n\u00e3o recebeu nenhum alerta de temporal para este fim de semana na cidade. Ele explicou que no caso de previs\u00e3o de temporal, a Defesa Civil recebe alerta emitido pelo Centro Nacional de Gerenciamento de Riscos e Desastres (Cenad), vinculado ao Minist\u00e9rio da Integra\u00e7\u00e3o Nacional, com 48 horas de anteced\u00eancia, mas isso n\u00e3o ocorreu.<\/p>\n<p class=\"x_MsoNormal\">\u00a0De acordo com Joandre Neres, coordenador de Defesa Civil, choveu bastante naquela madrugada, cerca de 29 mil\u00edmetros, e ocorreu um \u2018pico de intensidade\u2019 de 20 mm, entre as 3 e 6 horas de quarta-feira. Ele destacou que os danos gerados \u00e0 popula\u00e7\u00e3o foram motivados pelo forte vendaval que atingiu velocidade de 63 km\/h, considerada situa\u00e7\u00e3o at\u00edpica para a regi\u00e3o. Uma a\u00e7\u00e3o emergencial determinada pelo prefeito intensifica a retirada de \u00e1rvores que ca\u00edram em alguns pontos da cidade e a recupera\u00e7\u00e3o de trechos de estradas do interior do munic\u00edpio, que foram danificados com o forte temporal.<\/p>\n<p class=\"x_MsoNormal\"><!--more--><\/p>\n<p class=\"x_MsoNormal\">\n<p class=\"x_MsoNormal\"><b>Alarme<\/b> \u2013 Joandre Neres demonstrou preocupa\u00e7\u00e3o com not\u00edcias veiculadas em blogs da cidade sobre poss\u00edvel ocorr\u00eancia de temporal no final de semana. Ele ratificou que o monitoramento do volume de chuva \u00e9 realizado todos os dias, atrav\u00e9s de dois pluvi\u00f4metros autom\u00e1ticos instalados na cidade, um na Central de Abastecimento do Malhado, e outro, na Policl\u00ednica Municipal, no bairro da Conquista.<\/p>\n<p class=\"x_MsoNormal\">\n<p class=\"x_MsoNormal\">Segundo disse, h\u00e1 previs\u00e3o de chuva no fim de semana, com \u00edndice pluviom\u00e9trico que pode atingir 30mm, conforme o INMET \u2013 Instituto Nacional de Meteorologia, Climatempo e Cemadem. Ele adiantou que a coordena\u00e7\u00e3o de Defesa Civil se manter\u00e1 de plant\u00e3o 24 horas e que qualquer informa\u00e7\u00e3o poder\u00e1 ser obtida atrav\u00e9s do telefone 98881-8500.<\/p>\n<p class=\"x_MsoNormal\">\n<p class=\"x_MsoNormal\"><b>Secretaria de Comunica\u00e7\u00e3o Social \u2013 Secom<\/b><\/p>\n","protected":false},"excerpt":{"rendered":"<p>\u00a0Durante reuni\u00e3o convocada pelo prefeito de Ilh\u00e9us, na manh\u00e3 de ontem, sexta-feira, 18, o coordenador de Defesa Civil, Joandre Neres, afirmou que, at\u00e9 o momento, n\u00e3o recebeu nenhum alerta de temporal para este fim de semana na cidade. Ele explicou que no caso de previs\u00e3o de temporal, a Defesa Civil recebe alerta emitido pelo Centro [&hellip;]<\/p>\n","protected":false},"author":2,"featured_media":0,"comment_status":"open","ping_status":"open","sticky":false,"template":"","format":"standard","meta":{"_links_to":"","_links_to_target":""},"categories":[1],"tags":[],"_links":{"self":[{"href":"https:\/\/www.ilheusnoticias.net.br\/v1\/wp-json\/wp\/v2\/posts\/2564"}],"collection":[{"href":"https:\/\/www.ilheusnoticias.net.br\/v1\/wp-json\/wp\/v2\/posts"}],"about":[{"href":"https:\/\/www.ilheusnoticias.net.br\/v1\/wp-json\/wp\/v2\/types\/post"}],"author":[{"embeddable":true,"href":"https:\/\/www.ilheusnoticias.net.br\/v1\/wp-json\/wp\/v2\/users\/2"}],"replies":[{"embeddable":true,"href":"https:\/\/www.ilheusnoticias.net.br\/v1\/wp-json\/wp\/v2\/comments?post=2564"}],"version-history":[{"count":1,"href":"https:\/\/www.ilheusnoticias.net.br\/v1\/wp-json\/wp\/v2\/posts\/2564\/revisions"}],"predecessor-version":[{"id":2566,"href":"https:\/\/www.ilheusnoticias.net.br\/v1\/wp-json\/wp\/v2\/posts\/2564\/revisions\/2566"}],"wp:attachment":[{"href":"https:\/\/www.ilheusnoticias.net.br\/v1\/wp-json\/wp\/v2\/media?parent=2564"}],"wp:term":[{"taxonomy":"category","embeddable":true,"href":"https:\/\/www.ilheusnoticias.net.br\/v1\/wp-json\/wp\/v2\/categories?post=2564"},{"taxonomy":"post_tag","embeddable":true,"href":"https:\/\/www.ilheusnoticias.net.br\/v1\/wp-json\/wp\/v2\/tags?post=2564"}],"curies":[{"name":"wp","href":"https:\/\/api.w.org\/{rel}","templated":true}]}}