{"id":2552,"date":"2016-11-18T13:19:29","date_gmt":"2016-11-18T16:19:29","guid":{"rendered":"http:\/\/www.ilheusnoticias.net.br\/v1\/?p=2552"},"modified":"2016-11-18T13:19:29","modified_gmt":"2016-11-18T16:19:29","slug":"rui-quer-ampliar-relacoes-da-bahia-com-a-alemanha","status":"publish","type":"post","link":"https:\/\/www.ilheusnoticias.net.br\/v1\/2016\/11\/18\/rui-quer-ampliar-relacoes-da-bahia-com-a-alemanha\/","title":{"rendered":"Rui quer ampliar rela\u00e7\u00f5es da Bahia com a Alemanha"},"content":{"rendered":"<div><a href=\"http:\/\/www.ilheusnoticias.net.br\/v1\/wp-content\/uploads\/2016\/09\/rui.jpg\" rel=\"attachment wp-att-1628\"><img loading=\"lazy\" class=\"aligncenter size-full wp-image-1628\" src=\"http:\/\/www.ilheusnoticias.net.br\/v1\/wp-content\/uploads\/2016\/09\/rui.jpg\" alt=\"rui\" width=\"169\" height=\"110\" \/><\/a><\/div>\n<div><\/div>\n<div>O governador Rui Costa recebeu uma comitiva composta pelo presidente do Parlamento alem\u00e3o, Nobert Lammert, pelo embaixador da Alemanha no Brasil, Georg Witschel, e pela consulesa honor\u00e1ria da Alemanha em Salvador, Petra Schaeber. O desenvolvimento de novas parcerias, inclusive na \u00e1rea educacional, foi um dos assuntos discutidos no gabinete do governador, no Centro Administrativo da Bahia (CAB). De acordo com Rui, a troca de experi\u00eancias entre os gestores baianos e alem\u00e3es \u00e9 produtiva. \u201c\u00c9 uma forma de saber como as na\u00e7\u00f5es mais antigas [como a Alemanha] resolveram seus problemas\u201d.<\/div>\n<div><\/div>\n<p><!--more--><\/p>\n<div><\/div>\n<div>No encontro, o governador tamb\u00e9m entregou ao parlamentar alem\u00e3o um atlas com informa\u00e7\u00f5es detalhadas sobre a voca\u00e7\u00e3o baiana para produ\u00e7\u00e3o de energia e\u00f3lica, al\u00e9m de chocolates org\u00e2nicos produzidos no estado. \u201cAqui na Bahia, fazemos quest\u00e3o de informar nas embalagens o percentual de cacau que o chocolate tem. Quanto mais cacau, mais saud\u00e1vel\u201d, explicou Rui.<\/div>\n<div><\/div>\n<div>A\u00e7\u00f5es conjuntas nas \u00e1reas educacional e cultural tamb\u00e9m dever\u00e3o ser firmadas pelos representantes da Bahia e da Alemanha. De acordo com o secret\u00e1rio da Educa\u00e7\u00e3o, Walter Pinheiro, as parcerias poder\u00e3o ser promovidas por meio de interc\u00e2mbios e na absor\u00e7\u00e3o de novas t\u00e9cnicas e tecnologias voltadas \u00e0 \u00e1rea educacional, inclusive nas escolas e universidades estaduais. \u201cJ\u00e1 temos na Bahia a parceria de algumas universidades privadas com a Alemanha\u201d, informou Pinheiro.<\/div>\n<div><\/div>\n<div><b>Interc\u00e2mbio cultural<\/b><\/div>\n<div><\/div>\n<div>Para abrigar artistas de todo o mundo por um per\u00edodo de seis a oito meses, ser\u00e1 inaugurada nesta quarta (16), no Instituto Goethe, no Corredor da Vit\u00f3ria, em Salvador, a primeira casa do programa de Resid\u00eancias Vila Sul. Caber\u00e1 ao instituto fazer a media\u00e7\u00e3o dos artistas estrangeiros e locais para a troca de conhecimentos e experi\u00eancias. Ao longo deste ano, 12 artistas tiveram a possibilidade de participar do programa na capital baiana de forma experimental.<\/div>\n<div><\/div>\n<div>Tamb\u00e9m presente na reuni\u00e3o, o secret\u00e1rio de Cultura do Estado, Jorge Portugal, frisou que \u201co Instituto Goethe sempre cumpriu um papel relevante para a cultura baiana em Salvador. Na d\u00e9cada de 70, ele foi o grande abrigo dos artistas que n\u00e3o tinham onde mostrar sua arte, onde se expressar. Ali formou-se uma verdadeira gera\u00e7\u00e3o [de artistas]\u201d.<\/div>\n","protected":false},"excerpt":{"rendered":"<p>O governador Rui Costa recebeu uma comitiva composta pelo presidente do Parlamento alem\u00e3o, Nobert Lammert, pelo embaixador da Alemanha no Brasil, Georg Witschel, e pela consulesa honor\u00e1ria da Alemanha em Salvador, Petra Schaeber. O desenvolvimento de novas parcerias, inclusive na \u00e1rea educacional, foi um dos assuntos discutidos no gabinete do governador, no Centro Administrativo da [&hellip;]<\/p>\n","protected":false},"author":2,"featured_media":0,"comment_status":"open","ping_status":"open","sticky":false,"template":"","format":"standard","meta":{"_links_to":"","_links_to_target":""},"categories":[7],"tags":[173],"_links":{"self":[{"href":"https:\/\/www.ilheusnoticias.net.br\/v1\/wp-json\/wp\/v2\/posts\/2552"}],"collection":[{"href":"https:\/\/www.ilheusnoticias.net.br\/v1\/wp-json\/wp\/v2\/posts"}],"about":[{"href":"https:\/\/www.ilheusnoticias.net.br\/v1\/wp-json\/wp\/v2\/types\/post"}],"author":[{"embeddable":true,"href":"https:\/\/www.ilheusnoticias.net.br\/v1\/wp-json\/wp\/v2\/users\/2"}],"replies":[{"embeddable":true,"href":"https:\/\/www.ilheusnoticias.net.br\/v1\/wp-json\/wp\/v2\/comments?post=2552"}],"version-history":[{"count":1,"href":"https:\/\/www.ilheusnoticias.net.br\/v1\/wp-json\/wp\/v2\/posts\/2552\/revisions"}],"predecessor-version":[{"id":2553,"href":"https:\/\/www.ilheusnoticias.net.br\/v1\/wp-json\/wp\/v2\/posts\/2552\/revisions\/2553"}],"wp:attachment":[{"href":"https:\/\/www.ilheusnoticias.net.br\/v1\/wp-json\/wp\/v2\/media?parent=2552"}],"wp:term":[{"taxonomy":"category","embeddable":true,"href":"https:\/\/www.ilheusnoticias.net.br\/v1\/wp-json\/wp\/v2\/categories?post=2552"},{"taxonomy":"post_tag","embeddable":true,"href":"https:\/\/www.ilheusnoticias.net.br\/v1\/wp-json\/wp\/v2\/tags?post=2552"}],"curies":[{"name":"wp","href":"https:\/\/api.w.org\/{rel}","templated":true}]}}