{"id":2536,"date":"2016-11-18T12:35:47","date_gmt":"2016-11-18T15:35:47","guid":{"rendered":"http:\/\/www.ilheusnoticias.net.br\/v1\/?p=2536"},"modified":"2016-11-18T12:35:47","modified_gmt":"2016-11-18T15:35:47","slug":"prefeito-eleito-de-itacare-ja-em-acao-para-preservacao-do-meio-ambiente","status":"publish","type":"post","link":"https:\/\/www.ilheusnoticias.net.br\/v1\/2016\/11\/18\/prefeito-eleito-de-itacare-ja-em-acao-para-preservacao-do-meio-ambiente\/","title":{"rendered":"Prefeito eleito de Itacar\u00e9 j\u00e1 em a\u00e7\u00e3o para preserva\u00e7\u00e3o do meio ambiente"},"content":{"rendered":"<h2 class=\"PostHeaderIcon-wrapper\"><\/h2>\n<div class=\"PostContent\">\n<div id=\"attachment_173788\" class=\"wp-caption aligncenter\"><\/div>\n<p>Membros da equipe do prefeito eleito de Itacar\u00e9, Antonio de An\u00edzio, se reuniram com o secret\u00e1rio estadual de Meio Ambiente, Eug\u00eanio Spengler. Eles apresentaram reivindica\u00e7\u00f5es que visam consolidar a municipaliza\u00e7\u00e3o da gest\u00e3o ambiental em Itacar\u00e9, o que inclui a estrutura\u00e7\u00e3o do Sistema Municipal de Meio Ambiente (Sismuma), possibilitando fazer licenciamento localmente e fortalecer a fiscaliza\u00e7\u00e3o.<\/p>\n<p>A equipe tamb\u00e9m pleiteou apoio para estrutura\u00e7\u00e3o da Brigada de Combate a Inc\u00eandios Florestais, regulariza\u00e7\u00e3o ambiental de im\u00f3veis rurais da agricultura familiar junto ao Cadastro Estadual Florestal de Im\u00f3veis Rurais (Cefir) e implanta\u00e7\u00e3o no munic\u00edpio do Sistema de Informa\u00e7\u00f5es Ambientais (SEIA). O encontro\u00a0contou com a participa\u00e7\u00e3o do vice-prefeito eleito Genilson Souza, do futuro secret\u00e1rio Municipal de Meio Ambiente, Cosme Nunes, do assessor t\u00e9cnico Pablo Junot, e do futuro Secret\u00e1rio de Juventude, Cultura e Esportes, Diego Augusto.<\/p>\n<\/div>\n","protected":false},"excerpt":{"rendered":"<p>Membros da equipe do prefeito eleito de Itacar\u00e9, Antonio de An\u00edzio, se reuniram com o secret\u00e1rio estadual de Meio Ambiente, Eug\u00eanio Spengler. Eles apresentaram reivindica\u00e7\u00f5es que visam consolidar a municipaliza\u00e7\u00e3o da gest\u00e3o ambiental em Itacar\u00e9, o que inclui a estrutura\u00e7\u00e3o do Sistema Municipal de Meio Ambiente (Sismuma), possibilitando fazer licenciamento localmente e fortalecer a fiscaliza\u00e7\u00e3o. [&hellip;]<\/p>\n","protected":false},"author":2,"featured_media":0,"comment_status":"open","ping_status":"open","sticky":false,"template":"","format":"standard","meta":{"_links_to":"","_links_to_target":""},"categories":[1],"tags":[],"_links":{"self":[{"href":"https:\/\/www.ilheusnoticias.net.br\/v1\/wp-json\/wp\/v2\/posts\/2536"}],"collection":[{"href":"https:\/\/www.ilheusnoticias.net.br\/v1\/wp-json\/wp\/v2\/posts"}],"about":[{"href":"https:\/\/www.ilheusnoticias.net.br\/v1\/wp-json\/wp\/v2\/types\/post"}],"author":[{"embeddable":true,"href":"https:\/\/www.ilheusnoticias.net.br\/v1\/wp-json\/wp\/v2\/users\/2"}],"replies":[{"embeddable":true,"href":"https:\/\/www.ilheusnoticias.net.br\/v1\/wp-json\/wp\/v2\/comments?post=2536"}],"version-history":[{"count":1,"href":"https:\/\/www.ilheusnoticias.net.br\/v1\/wp-json\/wp\/v2\/posts\/2536\/revisions"}],"predecessor-version":[{"id":2537,"href":"https:\/\/www.ilheusnoticias.net.br\/v1\/wp-json\/wp\/v2\/posts\/2536\/revisions\/2537"}],"wp:attachment":[{"href":"https:\/\/www.ilheusnoticias.net.br\/v1\/wp-json\/wp\/v2\/media?parent=2536"}],"wp:term":[{"taxonomy":"category","embeddable":true,"href":"https:\/\/www.ilheusnoticias.net.br\/v1\/wp-json\/wp\/v2\/categories?post=2536"},{"taxonomy":"post_tag","embeddable":true,"href":"https:\/\/www.ilheusnoticias.net.br\/v1\/wp-json\/wp\/v2\/tags?post=2536"}],"curies":[{"name":"wp","href":"https:\/\/api.w.org\/{rel}","templated":true}]}}