{"id":2513,"date":"2016-11-16T12:52:17","date_gmt":"2016-11-16T15:52:17","guid":{"rendered":"http:\/\/www.ilheusnoticias.net.br\/v1\/?p=2513"},"modified":"2016-11-16T12:52:17","modified_gmt":"2016-11-16T15:52:17","slug":"crianca-de-1-ano-morta-por-bala-perdida","status":"publish","type":"post","link":"https:\/\/www.ilheusnoticias.net.br\/v1\/2016\/11\/16\/crianca-de-1-ano-morta-por-bala-perdida\/","title":{"rendered":"Crian\u00e7a de 1 ano morta por bala perdida"},"content":{"rendered":"<header>\n<h3 class=\"entry-title\"><\/h3>\n<\/header>\n<div class=\"entry-content\">\n<p>Uma crian\u00e7a de 1 a nos e 3 mes<img loading=\"lazy\" class=\" wp-image-32511 alignleft colorbox-32510\" src=\"http:\/\/vermelhinhoba.com.br\/wp-content\/uploads\/2016\/11\/bebe-feira.jpg\" alt=\"bebe-feira\" width=\"401\" height=\"249\" \/>es foi assassinada ontem, quando brincava, na rua onde morava, Tertuliano Sena , no bairro Pedra do Descanso em Feira de Santana.\u00a0 Segundo informa\u00e7\u00f5es da pol\u00edcia, a menor brincava com outras crian\u00e7as, quando tr\u00eas homens come\u00e7aram a atirar e uma dos projeteis atingiu a crian\u00e7a.\u00a0 Ela ainda foi levada para uma policl\u00ednica no Feira X, mas acabou morrendo. A policia est\u00e1 investigando, mas ainda n\u00e3o sabe os motivos do tiroteio.<\/p>\n<\/div>\n","protected":false},"excerpt":{"rendered":"<p>Uma crian\u00e7a de 1 a nos e 3 meses foi assassinada ontem, quando brincava, na rua onde morava, Tertuliano Sena , no bairro Pedra do Descanso em Feira de Santana.\u00a0 Segundo informa\u00e7\u00f5es da pol\u00edcia, a menor brincava com outras crian\u00e7as, quando tr\u00eas homens come\u00e7aram a atirar e uma dos projeteis atingiu a crian\u00e7a.\u00a0 Ela ainda [&hellip;]<\/p>\n","protected":false},"author":2,"featured_media":0,"comment_status":"open","ping_status":"open","sticky":false,"template":"","format":"standard","meta":{"_links_to":"","_links_to_target":""},"categories":[5],"tags":[163],"_links":{"self":[{"href":"https:\/\/www.ilheusnoticias.net.br\/v1\/wp-json\/wp\/v2\/posts\/2513"}],"collection":[{"href":"https:\/\/www.ilheusnoticias.net.br\/v1\/wp-json\/wp\/v2\/posts"}],"about":[{"href":"https:\/\/www.ilheusnoticias.net.br\/v1\/wp-json\/wp\/v2\/types\/post"}],"author":[{"embeddable":true,"href":"https:\/\/www.ilheusnoticias.net.br\/v1\/wp-json\/wp\/v2\/users\/2"}],"replies":[{"embeddable":true,"href":"https:\/\/www.ilheusnoticias.net.br\/v1\/wp-json\/wp\/v2\/comments?post=2513"}],"version-history":[{"count":1,"href":"https:\/\/www.ilheusnoticias.net.br\/v1\/wp-json\/wp\/v2\/posts\/2513\/revisions"}],"predecessor-version":[{"id":2514,"href":"https:\/\/www.ilheusnoticias.net.br\/v1\/wp-json\/wp\/v2\/posts\/2513\/revisions\/2514"}],"wp:attachment":[{"href":"https:\/\/www.ilheusnoticias.net.br\/v1\/wp-json\/wp\/v2\/media?parent=2513"}],"wp:term":[{"taxonomy":"category","embeddable":true,"href":"https:\/\/www.ilheusnoticias.net.br\/v1\/wp-json\/wp\/v2\/categories?post=2513"},{"taxonomy":"post_tag","embeddable":true,"href":"https:\/\/www.ilheusnoticias.net.br\/v1\/wp-json\/wp\/v2\/tags?post=2513"}],"curies":[{"name":"wp","href":"https:\/\/api.w.org\/{rel}","templated":true}]}}