{"id":2507,"date":"2016-11-16T12:46:04","date_gmt":"2016-11-16T15:46:04","guid":{"rendered":"http:\/\/www.ilheusnoticias.net.br\/v1\/?p=2507"},"modified":"2016-11-16T12:46:04","modified_gmt":"2016-11-16T15:46:04","slug":"idade-minima-para-aposentadoria-divide-especialistas-e-centrais-sindicais","status":"publish","type":"post","link":"https:\/\/www.ilheusnoticias.net.br\/v1\/2016\/11\/16\/idade-minima-para-aposentadoria-divide-especialistas-e-centrais-sindicais\/","title":{"rendered":"Idade m\u00ednima para aposentadoria divide especialistas e centrais sindicais"},"content":{"rendered":"<div id=\"content-header\">\n<h1 class=\"title\"><\/h1>\n<div class=\"tabs\"><\/div>\n<\/div>\n<div id=\"content-area\">\n<div class=\"region region-content\">\n<div id=\"block-system-main\" class=\"block block-system block-odd clearfix\">\n<div class=\"block-top\">Uma das d\u00favidas atuais \u00e9 se a reforma da Previd\u00eancia levar\u00e1 em conta a disparidade das expectativas de vida no pa\u00eds. Especialistas consultados pela <strong>Ag\u00eancia Brasil <\/strong>divergem quanto \u00e0 possibilidade de a reforma levar em conta as diferen\u00e7as regionais. Dados do Instituto Brasileiro de Geografia e Estat\u00edstica (IBGE) e do Programa das Na\u00e7\u00f5es Unidas para o Desenvolvimento (PNUD) mostram disparidade entre estados e munic\u00edpios brasileiros no que diz respeito ao tempo m\u00e9dio de vida dos habitantes.<\/div>\n<div class=\"content\">\n<article id=\"node-1054102\" class=\"node node-noticia node-odd\">\n<div class=\"content\">\n<p>A esperan\u00e7a de vida em Santa Catarina, por exemplo, de 79 anos \u2013 a mais alta do Brasil \u2013 est\u00e1 8,4 anos acima da mais baixa, no Maranh\u00e3o, atualmente em 70,6 anos, segundo o IBGE. Al\u00e9m disso, em 19 munic\u00edpios, todos no Nordeste, a expectativa de vida da popula\u00e7\u00e3o \u00e9 de cerca de 65 anos, a idade m\u00ednima pretendida na proposta do governo. Do outro lado, 20 munic\u00edpios do Sul t\u00eam expectativa ao redor de 78 anos. Os dados s\u00e3o do Atlas de Desenvolvimento Humano no Brasil, do PNUD.<\/p>\n<figure class=\"teaser\"><img loading=\"lazy\" class=\"Image img__fid__21319 img__view_mode__teaser attr__format__teaser\" title=\"\" src=\"http:\/\/agenciabrasil.ebc.com.br\/sites\/_agenciabrasil2013\/files\/styles\/interna_grande\/public\/inss_0.jpg?itok=e79ezRyu\" alt=\"INSS\" width=\"580\" height=\"388\" \/><figcaption><span class=\"author\"><span style=\"color: #333333;\">INSS\u00a0<\/span>Antonio Cruz\/Ag\u00eancia Brasil<\/span><\/p>\n<\/figcaption><\/figure>\n<p>Ante esse panorama, o economista Gilberto Braga, professor de Finan\u00e7as da Faculdade de Ci\u00eancias Sociais Aplicadas Ibmec-RJ, acha que o \u201ctecnicamente correto\u201d seria adequar os regimes de Previd\u00eancia \u00e0s realidades locais. \u201cAcho que a gente poderia ter dois ou tr\u00eas regimes de idade diferentes. Assim como o hor\u00e1rio de ver\u00e3o \u00e9 diferente [dependendo do local], n\u00e3o vejo porque n\u00e3o fazer isso\u201d, disse. Segundo ele, uma maneira de fazer isso seria com uma regra de transi\u00e7\u00e3o.<\/p>\n<p>\u201cUma regra de transi\u00e7\u00e3o na idade m\u00ednima, de maneira que nas regi\u00f5es com menor expectativa de vida, com o passar dos anos, [a idade exigida para se aposentar] fosse aumentando\u201d, explica o economista. Ele acredita, contudo, que n\u00e3o h\u00e1 um clima pol\u00edtico favor\u00e1vel \u00e0 ado\u00e7\u00e3o da ideia.<\/p>\n<p>\u201cVejo que esse \u00e9 um item com o qual o governo deveria se preocupar. Mas ele [governo], em um primeiro momento, est\u00e1 muito mais preocupado com o sistema geral. E, se colocar essa discuss\u00e3o na mesa, nesse momento, ela \u00e9 mais prejudicial do que favor\u00e1vel \u00e0 aceita\u00e7\u00e3o [da reforma da Previd\u00eancia]. Do ponto de vista pol\u00edtico, da discuss\u00e3o no Parlamento, eu acho dif\u00edcil [prosperar]\u201d.<\/p>\n<\/div>\n<\/article>\n<\/div>\n<\/div>\n<\/div>\n<\/div>\n","protected":false},"excerpt":{"rendered":"<p>Uma das d\u00favidas atuais \u00e9 se a reforma da Previd\u00eancia levar\u00e1 em conta a disparidade das expectativas de vida no pa\u00eds. Especialistas consultados pela Ag\u00eancia Brasil divergem quanto \u00e0 possibilidade de a reforma levar em conta as diferen\u00e7as regionais. Dados do Instituto Brasileiro de Geografia e Estat\u00edstica (IBGE) e do Programa das Na\u00e7\u00f5es Unidas para [&hellip;]<\/p>\n","protected":false},"author":2,"featured_media":0,"comment_status":"open","ping_status":"open","sticky":false,"template":"","format":"standard","meta":{"_links_to":"","_links_to_target":""},"categories":[1],"tags":[],"_links":{"self":[{"href":"https:\/\/www.ilheusnoticias.net.br\/v1\/wp-json\/wp\/v2\/posts\/2507"}],"collection":[{"href":"https:\/\/www.ilheusnoticias.net.br\/v1\/wp-json\/wp\/v2\/posts"}],"about":[{"href":"https:\/\/www.ilheusnoticias.net.br\/v1\/wp-json\/wp\/v2\/types\/post"}],"author":[{"embeddable":true,"href":"https:\/\/www.ilheusnoticias.net.br\/v1\/wp-json\/wp\/v2\/users\/2"}],"replies":[{"embeddable":true,"href":"https:\/\/www.ilheusnoticias.net.br\/v1\/wp-json\/wp\/v2\/comments?post=2507"}],"version-history":[{"count":1,"href":"https:\/\/www.ilheusnoticias.net.br\/v1\/wp-json\/wp\/v2\/posts\/2507\/revisions"}],"predecessor-version":[{"id":2508,"href":"https:\/\/www.ilheusnoticias.net.br\/v1\/wp-json\/wp\/v2\/posts\/2507\/revisions\/2508"}],"wp:attachment":[{"href":"https:\/\/www.ilheusnoticias.net.br\/v1\/wp-json\/wp\/v2\/media?parent=2507"}],"wp:term":[{"taxonomy":"category","embeddable":true,"href":"https:\/\/www.ilheusnoticias.net.br\/v1\/wp-json\/wp\/v2\/categories?post=2507"},{"taxonomy":"post_tag","embeddable":true,"href":"https:\/\/www.ilheusnoticias.net.br\/v1\/wp-json\/wp\/v2\/tags?post=2507"}],"curies":[{"name":"wp","href":"https:\/\/api.w.org\/{rel}","templated":true}]}}