{"id":2503,"date":"2016-11-16T12:42:02","date_gmt":"2016-11-16T15:42:02","guid":{"rendered":"http:\/\/www.ilheusnoticias.net.br\/v1\/?p=2503"},"modified":"2016-11-16T12:42:02","modified_gmt":"2016-11-16T15:42:02","slug":"mario-alexandre-busca-recursos-para-ilheus-em-brasilia","status":"publish","type":"post","link":"https:\/\/www.ilheusnoticias.net.br\/v1\/2016\/11\/16\/mario-alexandre-busca-recursos-para-ilheus-em-brasilia\/","title":{"rendered":"M\u00e1rio Alexandre busca recursos para Ilh\u00e9us em Bras\u00edlia"},"content":{"rendered":"<div class=\"Post\"><\/div>\n<div class=\"Post\">\n<div class=\"Post-body\">\n<div class=\"Post-inner article\">\n<div class=\"PostContent\">\n<div id=\"m_4926356453354020013id_582c4114534428f73383499\" class=\"m_4926356453354020013text_exposed_root m_4926356453354020013text_exposed\">\n<p><a href=\"http:\/\/www.agravo.blog.br\/wp-content\/uploads\/2016\/11\/Audiencia-Ministerio-do-Trabalho.jpg\"><img loading=\"lazy\" class=\"aligncenter wp-image-55440\" src=\"http:\/\/www.agravo.blog.br\/wp-content\/uploads\/2016\/11\/Audiencia-Ministerio-do-Trabalho-1024x680.jpg\" alt=\"audiencia-ministerio-do-trabalho\" width=\"400\" height=\"266\" \/><\/a><\/p>\n<p>Durante sua ida \u00e0 Bras\u00edlia para o Semin\u00e1rio Novos Gestores, promovido pela Confer\u00eancia Nacional dos munic\u00edpios, o prefeito eleito M\u00e1rio Alexandre (PSD) tem aproveitado para participar de algumas audi\u00eancias em Minist\u00e9rios e secretarias executivas do Governo Federal, buscando captar benef\u00edcios e recursos para a melhoria da cidade.<\/p>\n<p>Na \u00faltima\u00a0sexta-feira (11\/11), o encontro foi com o secret\u00e1rio executivo do Minist\u00e9rio do Trabal<span class=\"m_4926356453354020013text_exposed_show\">ho e Emprego, Ant\u00f4nio Correia de Almeida, no qual ficou confirmada uma visita do gestor \u00e0 Ger\u00eancia Regional do Trabalho em Ilh\u00e9us, no pr\u00f3ximo dia 18 de novembro.<\/span><\/p>\n<div class=\"m_4926356453354020013text_exposed_show\">\n<p>Segundo M\u00e1rio Alexandre, essa visita do gestor \u00e0 Ger\u00eancia Regional do Trabalho ser\u00e1 essencial, visto que possibilitar\u00e1 uma vistoria para avaliar as reais condi\u00e7\u00f5es da reparti\u00e7\u00e3o, objetivando melhorias dos servi\u00e7os oferecidos \u00e0 popula\u00e7\u00e3o, al\u00e9m de promover avan\u00e7os nas a\u00e7\u00f5es em defesa do trabalhador e da classe trabalhista.<\/p>\n<\/div>\n<\/div>\n<\/div>\n<\/div>\n<\/div>\n<\/div>\n","protected":false},"excerpt":{"rendered":"<p>Durante sua ida \u00e0 Bras\u00edlia para o Semin\u00e1rio Novos Gestores, promovido pela Confer\u00eancia Nacional dos munic\u00edpios, o prefeito eleito M\u00e1rio Alexandre (PSD) tem aproveitado para participar de algumas audi\u00eancias em Minist\u00e9rios e secretarias executivas do Governo Federal, buscando captar benef\u00edcios e recursos para a melhoria da cidade. Na \u00faltima\u00a0sexta-feira (11\/11), o encontro foi com o [&hellip;]<\/p>\n","protected":false},"author":2,"featured_media":0,"comment_status":"open","ping_status":"open","sticky":false,"template":"","format":"standard","meta":{"_links_to":"","_links_to_target":""},"categories":[9],"tags":[],"_links":{"self":[{"href":"https:\/\/www.ilheusnoticias.net.br\/v1\/wp-json\/wp\/v2\/posts\/2503"}],"collection":[{"href":"https:\/\/www.ilheusnoticias.net.br\/v1\/wp-json\/wp\/v2\/posts"}],"about":[{"href":"https:\/\/www.ilheusnoticias.net.br\/v1\/wp-json\/wp\/v2\/types\/post"}],"author":[{"embeddable":true,"href":"https:\/\/www.ilheusnoticias.net.br\/v1\/wp-json\/wp\/v2\/users\/2"}],"replies":[{"embeddable":true,"href":"https:\/\/www.ilheusnoticias.net.br\/v1\/wp-json\/wp\/v2\/comments?post=2503"}],"version-history":[{"count":1,"href":"https:\/\/www.ilheusnoticias.net.br\/v1\/wp-json\/wp\/v2\/posts\/2503\/revisions"}],"predecessor-version":[{"id":2504,"href":"https:\/\/www.ilheusnoticias.net.br\/v1\/wp-json\/wp\/v2\/posts\/2503\/revisions\/2504"}],"wp:attachment":[{"href":"https:\/\/www.ilheusnoticias.net.br\/v1\/wp-json\/wp\/v2\/media?parent=2503"}],"wp:term":[{"taxonomy":"category","embeddable":true,"href":"https:\/\/www.ilheusnoticias.net.br\/v1\/wp-json\/wp\/v2\/categories?post=2503"},{"taxonomy":"post_tag","embeddable":true,"href":"https:\/\/www.ilheusnoticias.net.br\/v1\/wp-json\/wp\/v2\/tags?post=2503"}],"curies":[{"name":"wp","href":"https:\/\/api.w.org\/{rel}","templated":true}]}}