{"id":2475,"date":"2016-11-15T13:04:02","date_gmt":"2016-11-15T16:04:02","guid":{"rendered":"http:\/\/www.ilheusnoticias.net.br\/v1\/?p=2475"},"modified":"2016-11-15T13:04:02","modified_gmt":"2016-11-15T16:04:02","slug":"feriado-da-proclamacao-da-republica-lota-hoteis-na-bahia","status":"publish","type":"post","link":"https:\/\/www.ilheusnoticias.net.br\/v1\/2016\/11\/15\/feriado-da-proclamacao-da-republica-lota-hoteis-na-bahia\/","title":{"rendered":"Feriado da Proclama\u00e7\u00e3o da Rep\u00fablica lota hot\u00e9is na Bahia"},"content":{"rendered":"<div><\/div>\n<div><a href=\"http:\/\/www.ilheusnoticias.net.br\/v1\/wp-content\/uploads\/2016\/11\/feriado.jpg\" rel=\"attachment wp-att-2476\"><img loading=\"lazy\" class=\"aligncenter size-medium wp-image-2476\" src=\"http:\/\/www.ilheusnoticias.net.br\/v1\/wp-content\/uploads\/2016\/11\/feriado-300x201.jpg\" alt=\"feriado\" width=\"300\" height=\"201\" srcset=\"https:\/\/www.ilheusnoticias.net.br\/v1\/wp-content\/uploads\/2016\/11\/feriado-300x201.jpg 300w, https:\/\/www.ilheusnoticias.net.br\/v1\/wp-content\/uploads\/2016\/11\/feriado.jpg 640w\" sizes=\"(max-width: 300px) 100vw, 300px\" \/><\/a><\/div>\n<div><\/div>\n<div>O feriado de 15 de novembro garante boa movimenta\u00e7\u00e3o de turistas em importantes destinos tur\u00edsticos da Bahia, proporcionando bons \u00edndices de ocupa\u00e7\u00e3o em hot\u00e9is e pousadas. A Proclama\u00e7\u00e3o da Rep\u00fablica \u00e9 comemorada hoje, ter\u00e7a-feira (15), mas h\u00e1 quem p\u00f4de aproveitar esta segunda-feira e prolongar o feriado.<\/div>\n<div><\/div>\n<div>De acordo com Pedro Kroger, representante da Associa\u00e7\u00e3o Brasileira da Ind\u00fastria de Hot\u00e9is na Bahia (Abih-Bahia) na Chapada Diamantina, os meios de hospedagem localizados em Mucug\u00ea est\u00e3o lotados. \u201cO turismo de aventura \u00e9 uma caracter\u00edstica forte da Chapada Diamantina. A movimenta\u00e7\u00e3o \u00e9 grande com a chegada dos participantes de uma corrida, que atrai visitantes de outros estados e do exterior\u201d, comemora Kroger.<\/div>\n<div><\/div>\n<div>Trata-se da Corrida do Centro de Treinamento Gantu\u00e1, na etapa da Chapada Diamantina. Os organizadores do evento totalizam 500 inscritos. Al\u00e9m da Bahia, h\u00e1 participantes de Alagoas, Sergipe, Pernambuco, S\u00e3o Paulo, Minas Gerais, Rio de Janeiro e Rio Grande do Sul.<\/div>\n<div><\/div>\n<div>Estrangeiros da Argentina, Su\u00ed\u00e7a, \u00c1frica do Sul e Estados Unidos tamb\u00e9m participar\u00e3o das provas realizadas em contato com a natureza exuberante da regi\u00e3o, prop\u00edcia ao ecoturismo e a experi\u00eancias de aventura. Juntando-se aos amigos e familiares que acompanham os atletas, s\u00e3o esperados 1,2 mil visitantes na cidade.<\/div>\n<div><\/div>\n<div>Outro evento tamb\u00e9m garantiu grande procura por hot\u00e9is e pousadas de Morro de S\u00e3o Paulo, uma das localidades mais famosas da Costa do Dend\u00ea. Para o Festival do Morro, que est\u00e1 sendo realizado at\u00e9 esta segunda-feira (14), s\u00e3o esperados 12 mil turistas, e a movimenta\u00e7\u00e3o dos visitantes gera ocupa\u00e7\u00e3o de 95% dos leitos dos 220 meios de hospedagem do local.<\/div>\n<div><\/div>\n<div>A taxa \u00e9 a mesma alcan\u00e7ada em Porto Seguro, na Costa do Descobrimento. \u201cSer\u00e1 um feriado de casa cheia\u201d, disse, animado, o presidente da se\u00e7\u00e3o Extremo Sul da Abih, Wilson Spagnol. O parque hoteleiro, com mais de 40 mil leitos, tamb\u00e9m registra reservas de 95% das acomoda\u00e7\u00f5es.<\/div>\n<div><\/div>\n<div><b>Litoral Norte<\/b><\/div>\n<div><\/div>\n<div>Propriet\u00e1rio da Pousada Ogum Marinho, em Praia do Forte, Claudio Bonaspetti comemora as reservas de 100% dos 60 leitos do empreendimento, neste per\u00edodo. \u201cReceberemos muitos baianos, principalmente de Salvador, al\u00e9m de sergipanos e paulistas, por exemplo. De fora do pa\u00eds, fam\u00edlias argentinas estar\u00e3o conosco\u201d, conta o empres\u00e1rio.<\/div>\n<div><\/div>\n<div>J\u00e1 na Costa do Cacau, o desempenho da hotelaria em Ilh\u00e9us deve chegar a 80%. \u201cA movimenta\u00e7\u00e3o \u00e9 melhor do que em feriados anteriores\u201d, disse Luigi Massa, presidente do Costa do Cacau Convention Bureau. Em Len\u00e7\u00f3is, na Chapada Diamantina, 80% dos 2,4 mil leitos ocupados por turistas que escolheram visitar um dos destinos mais conhecidos da Bahia, segundo Pedro Kroger, da Abih na regi\u00e3o.<\/div>\n<div><\/div>\n<div><\/div>\n<p><b><i>Fonte: Ascom\/Secretaria de Turismo do Estado (Setur)<\/i><\/b><\/p>\n","protected":false},"excerpt":{"rendered":"<p>O feriado de 15 de novembro garante boa movimenta\u00e7\u00e3o de turistas em importantes destinos tur\u00edsticos da Bahia, proporcionando bons \u00edndices de ocupa\u00e7\u00e3o em hot\u00e9is e pousadas. A Proclama\u00e7\u00e3o da Rep\u00fablica \u00e9 comemorada hoje, ter\u00e7a-feira (15), mas h\u00e1 quem p\u00f4de aproveitar esta segunda-feira e prolongar o feriado. De acordo com Pedro Kroger, representante da Associa\u00e7\u00e3o Brasileira [&hellip;]<\/p>\n","protected":false},"author":2,"featured_media":0,"comment_status":"open","ping_status":"open","sticky":false,"template":"","format":"standard","meta":{"_links_to":"","_links_to_target":""},"categories":[7],"tags":[154],"_links":{"self":[{"href":"https:\/\/www.ilheusnoticias.net.br\/v1\/wp-json\/wp\/v2\/posts\/2475"}],"collection":[{"href":"https:\/\/www.ilheusnoticias.net.br\/v1\/wp-json\/wp\/v2\/posts"}],"about":[{"href":"https:\/\/www.ilheusnoticias.net.br\/v1\/wp-json\/wp\/v2\/types\/post"}],"author":[{"embeddable":true,"href":"https:\/\/www.ilheusnoticias.net.br\/v1\/wp-json\/wp\/v2\/users\/2"}],"replies":[{"embeddable":true,"href":"https:\/\/www.ilheusnoticias.net.br\/v1\/wp-json\/wp\/v2\/comments?post=2475"}],"version-history":[{"count":1,"href":"https:\/\/www.ilheusnoticias.net.br\/v1\/wp-json\/wp\/v2\/posts\/2475\/revisions"}],"predecessor-version":[{"id":2477,"href":"https:\/\/www.ilheusnoticias.net.br\/v1\/wp-json\/wp\/v2\/posts\/2475\/revisions\/2477"}],"wp:attachment":[{"href":"https:\/\/www.ilheusnoticias.net.br\/v1\/wp-json\/wp\/v2\/media?parent=2475"}],"wp:term":[{"taxonomy":"category","embeddable":true,"href":"https:\/\/www.ilheusnoticias.net.br\/v1\/wp-json\/wp\/v2\/categories?post=2475"},{"taxonomy":"post_tag","embeddable":true,"href":"https:\/\/www.ilheusnoticias.net.br\/v1\/wp-json\/wp\/v2\/tags?post=2475"}],"curies":[{"name":"wp","href":"https:\/\/api.w.org\/{rel}","templated":true}]}}