{"id":2471,"date":"2016-11-12T14:24:20","date_gmt":"2016-11-12T17:24:20","guid":{"rendered":"http:\/\/www.ilheusnoticias.net.br\/v1\/?p=2471"},"modified":"2016-11-12T14:24:20","modified_gmt":"2016-11-12T17:24:20","slug":"prefeito-eleito-dr-mario-alexandre-divulga-nota-sobre-demolicao-das-cabanas","status":"publish","type":"post","link":"https:\/\/www.ilheusnoticias.net.br\/v1\/2016\/11\/12\/prefeito-eleito-dr-mario-alexandre-divulga-nota-sobre-demolicao-das-cabanas\/","title":{"rendered":"Prefeito eleito Dr M\u00e1rio Alexandre divulga nota sobre demoli\u00e7\u00e3o das Cabanas."},"content":{"rendered":"<p class=\"western\" align=\"justify\"><strong>Da assessoria do PSD<\/strong>:<\/p>\n<p class=\"western\" align=\"justify\">O futuro governo municipal, que assumir\u00e1 dia 1\u00b0 de janeiro de 2017, est\u00e1 disposto a encontrar uma sa\u00edda negociada para as cabanas de praia de Ilh\u00e9us, que foram notificadas pela SPU (Secret\u00e1ria do Patrim\u00f4nio da Uni\u00e3o), recebendo um prazo de 30 dias para demoli\u00e7\u00e3o. A partir do final do prazo incidir\u00e1 multa em caso de perman\u00eancia das instala\u00e7\u00f5es, que o \u00f3rg\u00e3o considera irregulares.<\/p>\n<p class=\"western\" align=\"justify\">O prefeito eleito, M\u00e1rio Alexandre e o vice Jos\u00e9 Nazal, entendem que v\u00e1rios pontos ainda precisam ser esclarecidos pela SPU, inclusive a linha de preamar, completamente alterada no litoral norte do nosso munic\u00edpio em decorr\u00eancia da constru\u00e7\u00e3o do Porto de Ilh\u00e9us e\u00a0dos impactos da\u00ed originados. Outro ponto que merece maiores esclarecimentos \u00e9 quanto ao acr\u00e9scimo ocorrido com o assoreamento da praia da avenida.<\/p>\n<p class=\"western\" align=\"justify\">O vice-prefeito eleito Jos\u00e9 Nazal\u00a0j\u00e1 vinha acompanhando a problem\u00e1tica, a partir dos entendimentos que manteve sobre o assunto. Existem informa\u00e7\u00f5es sobre o levantamento feito pela SPU em todo o litoral, com processos individuais de cada cabana, apontando quais abusos ou excessos devem ser corrigidos para regulariza\u00e7\u00e3o, dependendo para isto da ado\u00e7\u00e3o das cab\u00edveis provid\u00eancias. No entanto, o munic\u00edpio ter\u00e1 de exercer papel fundamental e indispens\u00e1vel, junto ao setor e \u00e0 SPU, para que as normas vigentes sejam contempladas e as cabanas possam permanecer.<\/p>\n<p class=\"western\" align=\"justify\">Ilh\u00e9us e S\u00e3o Francisco do Conde s\u00e3o os \u00fanicos munic\u00edpios da Bahia que t\u00eam plano de gest\u00e3o integrada, com Comit\u00ea Gestor.\u00a0A implanta\u00e7\u00e3o do plano de gest\u00e3o integrada do Projeto Orla est\u00e1 em discuss\u00e3o desde 2006 e envolve um amplo di\u00e1logo com diversos setores e organiza\u00e7\u00f5es da sociedade civil e de governos. A falta de recursos das diversas esferas governamentais protelou o ajustamento de todo o projeto da modelagem costeira e algumas diretrizes com rela\u00e7\u00e3o a efeitos e decis\u00f5es que devem ser tomadas na \u00e1rea de praia. Conclu\u00eddo, a pretens\u00e3o \u00e9 que o munic\u00edpio venha a poder gerenciar essas \u00e1reas.<\/p>\n<p class=\"western\" align=\"justify\">O prefeito eleito, M\u00e1rio Alexandre, v\u00ea a a\u00e7\u00e3o da SPU com preocupa\u00e7\u00e3o, mas observa que a crise pode ser transformada numa oportunidade para darmos uma \u201cnova cara\u201d \u00e0s nossas praias, reconhecendo que o potencial econ\u00f4mico destas, especialmente como destacado atrativo tur\u00edstico gerador de emprego e renda, em toda a Costa do Cacau e costa baiana, n\u00e3o pode ser ignorado. \u201cO bom senso deve prevalecer. Creio que \u00e9 plenamente poss\u00edvel respeitar a legisla\u00e7\u00e3o, garantindo a preserva\u00e7\u00e3o do meio ambiente e facultando o empreendedorismo nas praias. Portanto, defendemos a perman\u00eancia sustent\u00e1vel das cabanas de praia, evitando impactos sociais negativos. Por outro lado, sob o ponto de vista cultural, tais cabanas, no Nordeste do nosso pa\u00eds \u00e9 parte da paisagem\u201d, afirmou.<\/p>\n","protected":false},"excerpt":{"rendered":"<p>Da assessoria do PSD: O futuro governo municipal, que assumir\u00e1 dia 1\u00b0 de janeiro de 2017, est\u00e1 disposto a encontrar uma sa\u00edda negociada para as cabanas de praia de Ilh\u00e9us, que foram notificadas pela SPU (Secret\u00e1ria do Patrim\u00f4nio da Uni\u00e3o), recebendo um prazo de 30 dias para demoli\u00e7\u00e3o. A partir do final do prazo incidir\u00e1 [&hellip;]<\/p>\n","protected":false},"author":2,"featured_media":0,"comment_status":"open","ping_status":"open","sticky":false,"template":"","format":"standard","meta":{"_links_to":"","_links_to_target":""},"categories":[1],"tags":[],"_links":{"self":[{"href":"https:\/\/www.ilheusnoticias.net.br\/v1\/wp-json\/wp\/v2\/posts\/2471"}],"collection":[{"href":"https:\/\/www.ilheusnoticias.net.br\/v1\/wp-json\/wp\/v2\/posts"}],"about":[{"href":"https:\/\/www.ilheusnoticias.net.br\/v1\/wp-json\/wp\/v2\/types\/post"}],"author":[{"embeddable":true,"href":"https:\/\/www.ilheusnoticias.net.br\/v1\/wp-json\/wp\/v2\/users\/2"}],"replies":[{"embeddable":true,"href":"https:\/\/www.ilheusnoticias.net.br\/v1\/wp-json\/wp\/v2\/comments?post=2471"}],"version-history":[{"count":1,"href":"https:\/\/www.ilheusnoticias.net.br\/v1\/wp-json\/wp\/v2\/posts\/2471\/revisions"}],"predecessor-version":[{"id":2472,"href":"https:\/\/www.ilheusnoticias.net.br\/v1\/wp-json\/wp\/v2\/posts\/2471\/revisions\/2472"}],"wp:attachment":[{"href":"https:\/\/www.ilheusnoticias.net.br\/v1\/wp-json\/wp\/v2\/media?parent=2471"}],"wp:term":[{"taxonomy":"category","embeddable":true,"href":"https:\/\/www.ilheusnoticias.net.br\/v1\/wp-json\/wp\/v2\/categories?post=2471"},{"taxonomy":"post_tag","embeddable":true,"href":"https:\/\/www.ilheusnoticias.net.br\/v1\/wp-json\/wp\/v2\/tags?post=2471"}],"curies":[{"name":"wp","href":"https:\/\/api.w.org\/{rel}","templated":true}]}}