{"id":2469,"date":"2016-11-12T14:22:44","date_gmt":"2016-11-12T17:22:44","guid":{"rendered":"http:\/\/www.ilheusnoticias.net.br\/v1\/?p=2469"},"modified":"2016-11-12T14:22:44","modified_gmt":"2016-11-12T17:22:44","slug":"ilheus-sds-convoca-beneficiarios-do-minha-casa-minha-vida-sol-e-mar-i-e-ii","status":"publish","type":"post","link":"https:\/\/www.ilheusnoticias.net.br\/v1\/2016\/11\/12\/ilheus-sds-convoca-beneficiarios-do-minha-casa-minha-vida-sol-e-mar-i-e-ii\/","title":{"rendered":"ILH\u00c9US: SDS convoca Benefici\u00e1rios do Minha Casa, Minha Vida SOL E MAR I e II"},"content":{"rendered":"<p><strong>Nota da Secretaria de Desenvolvimento Social de Ilh\u00e9us:<\/strong><\/p>\n<p>Convocamos os benefici\u00e1rios do Programa Habitacional Minha Casa Minha Vida (MCMV) \u2013 Empreendimento Condom\u00ednios Sol e Mar I e II, a comparecerem \u00e0s respectivas unidades habitacionais, nos dias e hor\u00e1rios da lista em anexo, onde est\u00e3o relacionados os contemplados para serem realizadas as vistorias t\u00e9cnicas nos apartamentos, com o apoio das Construtoras e assim identificar poss\u00edveis problemas a serem notificados para \u00e0s devidas provid\u00eancias, quando for o caso. Solicitamos aten\u00e7\u00e3o dos benefici\u00e1rios aos dias e hor\u00e1rios das respectivas visitas.<\/p>\n<p class=\"western\" align=\"justify\"><strong>Observa\u00e7\u00e3o<\/strong>: todas as vistorias ser\u00e3o realizadas nas datas programadas. os benefici\u00e1rios que n\u00e3o comparecerem nos dias marcados, ir\u00e3o ficar para uma data ainda a ser definida.<\/p>\n<p><strong>HOR\u00c1RIO DAS VISITAS:<\/strong> 8h as 13 horas<\/p>\n<p><strong>Download de arquivos disponibilizados pela Secretaria (arquivos abrem no Google Drive):<\/strong><\/p>\n<p>&#8211; <a href=\"https:\/\/drive.google.com\/file\/d\/0B3jy58EDOoWNQnk0bE5jMVd4YWJMWngtNGJDRkhGYjk5Tjkw\/view?usp=sharing\">Convoca\u00e7\u00e3o SDS &#8211; Vistorias MCMV Sol e Mar 1 e 2.doc<\/a><\/p>\n<p>&#8211; <a href=\"https:\/\/drive.google.com\/file\/d\/0B3jy58EDOoWNVlJmYkVvZGotY2tuZUVWZ25mM3lsZFcwaTdJ\/view?usp=sharing\">Vistoria Sol e Mar 1.xls<\/a><\/p>\n<p>&#8211; <a href=\"https:\/\/drive.google.com\/file\/d\/0B3jy58EDOoWNM1g1bzRmRkJ4WktfOGhuUWhMVUl2bXJPV0dN\/view?usp=sharing\">Vistoria Sol e Mar 2.xlsx<\/a><\/p>\n<p>O tabuleiro<\/p>\n","protected":false},"excerpt":{"rendered":"<p>Nota da Secretaria de Desenvolvimento Social de Ilh\u00e9us: Convocamos os benefici\u00e1rios do Programa Habitacional Minha Casa Minha Vida (MCMV) \u2013 Empreendimento Condom\u00ednios Sol e Mar I e II, a comparecerem \u00e0s respectivas unidades habitacionais, nos dias e hor\u00e1rios da lista em anexo, onde est\u00e3o relacionados os contemplados para serem realizadas as vistorias t\u00e9cnicas nos apartamentos, [&hellip;]<\/p>\n","protected":false},"author":2,"featured_media":0,"comment_status":"open","ping_status":"open","sticky":false,"template":"","format":"standard","meta":{"_links_to":"","_links_to_target":""},"categories":[1],"tags":[],"_links":{"self":[{"href":"https:\/\/www.ilheusnoticias.net.br\/v1\/wp-json\/wp\/v2\/posts\/2469"}],"collection":[{"href":"https:\/\/www.ilheusnoticias.net.br\/v1\/wp-json\/wp\/v2\/posts"}],"about":[{"href":"https:\/\/www.ilheusnoticias.net.br\/v1\/wp-json\/wp\/v2\/types\/post"}],"author":[{"embeddable":true,"href":"https:\/\/www.ilheusnoticias.net.br\/v1\/wp-json\/wp\/v2\/users\/2"}],"replies":[{"embeddable":true,"href":"https:\/\/www.ilheusnoticias.net.br\/v1\/wp-json\/wp\/v2\/comments?post=2469"}],"version-history":[{"count":1,"href":"https:\/\/www.ilheusnoticias.net.br\/v1\/wp-json\/wp\/v2\/posts\/2469\/revisions"}],"predecessor-version":[{"id":2470,"href":"https:\/\/www.ilheusnoticias.net.br\/v1\/wp-json\/wp\/v2\/posts\/2469\/revisions\/2470"}],"wp:attachment":[{"href":"https:\/\/www.ilheusnoticias.net.br\/v1\/wp-json\/wp\/v2\/media?parent=2469"}],"wp:term":[{"taxonomy":"category","embeddable":true,"href":"https:\/\/www.ilheusnoticias.net.br\/v1\/wp-json\/wp\/v2\/categories?post=2469"},{"taxonomy":"post_tag","embeddable":true,"href":"https:\/\/www.ilheusnoticias.net.br\/v1\/wp-json\/wp\/v2\/tags?post=2469"}],"curies":[{"name":"wp","href":"https:\/\/api.w.org\/{rel}","templated":true}]}}