{"id":2432,"date":"2016-11-10T15:12:07","date_gmt":"2016-11-10T18:12:07","guid":{"rendered":"http:\/\/www.ilheusnoticias.net.br\/v1\/?p=2432"},"modified":"2016-11-10T15:12:07","modified_gmt":"2016-11-10T18:12:07","slug":"renan-instala-comissao-para-analisar-salarios-acima-do-teto","status":"publish","type":"post","link":"https:\/\/www.ilheusnoticias.net.br\/v1\/2016\/11\/10\/renan-instala-comissao-para-analisar-salarios-acima-do-teto\/","title":{"rendered":"Renan instala comiss\u00e3o para analisar sal\u00e1rios acima do teto"},"content":{"rendered":"<div id=\"content-header\">\n<h1 class=\"title\"><\/h1>\n<div class=\"tabs\"><\/div>\n<\/div>\n<div id=\"content-area\">\n<div class=\"region region-content\">\n<div id=\"block-system-main\" class=\"block block-system block-odd clearfix\">\n<div class=\"block-top\">O presidente do Senado, Renan Calheiros (PMDB-AL), instalou hoje (10) a comiss\u00e3o que vai fazer um levantamento sobre os sal\u00e1rios acima do teto constitucional pagos nos tr\u00eas poderes da Rep\u00fablica. A comiss\u00e3o de sal\u00e1rios ter\u00e1 um prazo de 20 dias para fazer o levantamento e deve propor medidas para evitar a pr\u00e1tica. O teto constitucional atual \u00e9 de R$ 33.763,00, valor do subs\u00eddio dos ministros do Supremo Tribunal Federal.<\/div>\n<div class=\"content\">\n<article id=\"node-1053766\" class=\"node node-noticia node-odd\">\n<div class=\"content\">\n<p>A relatora da comiss\u00e3o, senadora K\u00e1tia Abreu (PMDB-TO), disse que, al\u00e9m do levantamento dos sal\u00e1rios extra-teto, a comiss\u00e3o ir\u00e1 analisar dois pontos cruciais. Um deles \u00e9 o aumento autom\u00e1tico de sal\u00e1rios da administra\u00e7\u00e3o p\u00fablica de acordo com o reajuste concedido ao Supremo Tribunal Federal, que tem efeito tamb\u00e9m nos estados e, segundo ela, traz transtornos os governos. O segundo ponto \u00e9 o que ela chamou de \u201ccontrabando de benef\u00edcios\u201d que s\u00e3o acumulados com os sal\u00e1rios.<\/p>\n<p>\u201cEstamos apenas regulamentando e tentando fazer valer a Constitui\u00e7\u00e3o Federal, que imp\u00f5e um teto de sal\u00e1rio para o pa\u00eds\u201d, disse K\u00e1tia Abreu. A senadora informou que pretende pedir audi\u00eancias com o presidente Michel Temer, a presidente do Supremo Tribunal Federal, C\u00e1rmem L\u00facia, e o procurador-geral da Rep\u00fablica, Rodrigo Janot, para tratar do trabalho da comiss\u00e3o.<\/p>\n<p>Renan tamb\u00e9m citou a necessidade de propostas em rela\u00e7\u00e3o \u00e0 vincula\u00e7\u00e3o de subs\u00eddio dos ministros de tribunais superiores. \u201cEssa comiss\u00e3o objetiva levantar em todos os poderes da Rep\u00fablica, quais s\u00e3o os sal\u00e1rios acima do teto, para estabelecer uma regra rapidamente e resolver a desvincula\u00e7\u00e3o dos subs\u00eddios dos ministros dos tribunais superiores, com a administra\u00e7\u00e3o como um todo, inclusive com os estados\u201d, explicou.<\/p>\n<p>Para o presidente do Senado, no momento em que o pa\u00eds discute reformas e medidas para reduzir gastos \u00e9 preciso por fim a \u201cpenduricalhos\u201d que permitem ganhos acima do teto a servidores p\u00fablicos. \u201cNo momento em que estamos fazendo a reforma da previd\u00eancia, que o sal\u00e1rio-m\u00ednimo n\u00e3o vai ter um reajuste real pela redu\u00e7\u00e3o da atividade econ\u00f4mica no ano, ainda temos, no Legislativo, no Executivo e no Judici\u00e1rio, especialmente nas estatais, pessoas que ganham mais de R$ 100 mil\u201d, disse.<\/p>\n<p>A comiss\u00e3o ser\u00e1 presidida pelo senador Otto Alencar (PSD-BA) e ter\u00e1 como vice-presidente Antonio Anastasia (PSDB-MG), al\u00e9m de K\u00e1tia Abreu (PMDB-TO) na relatoria.<\/p>\n<\/div>\n<\/article>\n<\/div>\n<\/div>\n<\/div>\n<\/div>\n","protected":false},"excerpt":{"rendered":"<p>O presidente do Senado, Renan Calheiros (PMDB-AL), instalou hoje (10) a comiss\u00e3o que vai fazer um levantamento sobre os sal\u00e1rios acima do teto constitucional pagos nos tr\u00eas poderes da Rep\u00fablica. A comiss\u00e3o de sal\u00e1rios ter\u00e1 um prazo de 20 dias para fazer o levantamento e deve propor medidas para evitar a pr\u00e1tica. O teto constitucional [&hellip;]<\/p>\n","protected":false},"author":2,"featured_media":0,"comment_status":"open","ping_status":"open","sticky":false,"template":"","format":"standard","meta":{"_links_to":"","_links_to_target":""},"categories":[1],"tags":[144],"_links":{"self":[{"href":"https:\/\/www.ilheusnoticias.net.br\/v1\/wp-json\/wp\/v2\/posts\/2432"}],"collection":[{"href":"https:\/\/www.ilheusnoticias.net.br\/v1\/wp-json\/wp\/v2\/posts"}],"about":[{"href":"https:\/\/www.ilheusnoticias.net.br\/v1\/wp-json\/wp\/v2\/types\/post"}],"author":[{"embeddable":true,"href":"https:\/\/www.ilheusnoticias.net.br\/v1\/wp-json\/wp\/v2\/users\/2"}],"replies":[{"embeddable":true,"href":"https:\/\/www.ilheusnoticias.net.br\/v1\/wp-json\/wp\/v2\/comments?post=2432"}],"version-history":[{"count":1,"href":"https:\/\/www.ilheusnoticias.net.br\/v1\/wp-json\/wp\/v2\/posts\/2432\/revisions"}],"predecessor-version":[{"id":2433,"href":"https:\/\/www.ilheusnoticias.net.br\/v1\/wp-json\/wp\/v2\/posts\/2432\/revisions\/2433"}],"wp:attachment":[{"href":"https:\/\/www.ilheusnoticias.net.br\/v1\/wp-json\/wp\/v2\/media?parent=2432"}],"wp:term":[{"taxonomy":"category","embeddable":true,"href":"https:\/\/www.ilheusnoticias.net.br\/v1\/wp-json\/wp\/v2\/categories?post=2432"},{"taxonomy":"post_tag","embeddable":true,"href":"https:\/\/www.ilheusnoticias.net.br\/v1\/wp-json\/wp\/v2\/tags?post=2432"}],"curies":[{"name":"wp","href":"https:\/\/api.w.org\/{rel}","templated":true}]}}