{"id":242,"date":"2016-04-11T08:06:10","date_gmt":"2016-04-11T11:06:10","guid":{"rendered":"http:\/\/www.ilheusnoticias.net.br\/v1\/?p=242"},"modified":"2016-04-11T08:06:10","modified_gmt":"2016-04-11T11:06:10","slug":"votacao-de-pedido-de-impeachment-comeca-nesta-segund","status":"publish","type":"post","link":"https:\/\/www.ilheusnoticias.net.br\/v1\/2016\/04\/11\/votacao-de-pedido-de-impeachment-comeca-nesta-segund\/","title":{"rendered":"Vota\u00e7\u00e3o de pedido de impeachment come\u00e7a nesta segund"},"content":{"rendered":"<div id=\"topoNot\"><\/div>\n<div id=\"materia\">\n<div id=\"fotoFullHoriz\">\n<div class=\"flexslider\">\n<ul class=\"slides\">\n<li><img title=\"Se aprovado na comiss\u00e3o, processo segue para o plen\u00e1rio da C\u00e2mara - Foto: Fabio Rodrigues Pozzebom l Ag\u00eancia Brasil\" src=\"http:\/\/fw.atarde.uol.com.br\/2016\/04\/650x375_plenario-da-camara-dos-deputados_1625443.jpg\" alt=\"Se aprovado na comiss\u00e3o, processo segue para o plen\u00e1rio da C\u00e2mara - Foto: Fabio Rodrigues Pozzebom l Ag\u00eancia Brasil\" \/>\n<p class=\"flex-caption\">\n<p class=\"flex-caption\">Se aprovado na comiss\u00e3o, processo segue para o plen\u00e1rio da C\u00e2mara<\/p>\n<\/li>\n<\/ul>\n<\/div>\n<\/div>\n<p>O parecer do relator do pedido de impeachment, o deputado Jovair Arantes (PTB), ser\u00e1 votado nesta segunda-feira, 11, na comiss\u00e3o especial que analisa o processo. O relator se posicionou a favor da continuidade do afastamento da presidente Dilma Rousseff (PT).<\/p>\n<p>Ap\u00f3s avalia\u00e7\u00e3o da comiss\u00e3o, o processo segue para vota\u00e7\u00e3o no plen\u00e1rio da C\u00e2mara dos Deputados. O encontro desta segunda est\u00e1 marcado para as 10 horas. Primeiro os deputados v\u00e3o debater o assunto e em seguida votar o parecer do relator. O procedimento deve durar todo o dia.<\/p>\n<p>O prazo de cinco sess\u00f5es para a comiss\u00e3o votar o parecer termina nesta segunda. Para evitar questionamentos, o presidente da comiss\u00e3o, Rog\u00e9rio Rosso (PSD) quer votar at\u00e9 meia-noite.<\/p>\n<p>Ainda n\u00e3o foi definido quando o processo segue para o plen\u00e1rio, mas a previs\u00e3o \u00e9 que comece na sexta, 15, e termine no domingo, 17. \u00c9 necess\u00e1rio que 342 deputados (dois ter\u00e7os dos 513 parlamentares) aprovem o impeachment para encaminhar o processo ao Senado.<\/p>\n<p>Agencia Brasil<\/p>\n<\/div>\n","protected":false},"excerpt":{"rendered":"<p>Se aprovado na comiss\u00e3o, processo segue para o plen\u00e1rio da C\u00e2mara O parecer do relator do pedido de impeachment, o deputado Jovair Arantes (PTB), ser\u00e1 votado nesta segunda-feira, 11, na comiss\u00e3o especial que analisa o processo. O relator se posicionou a favor da continuidade do afastamento da presidente Dilma Rousseff (PT). Ap\u00f3s avalia\u00e7\u00e3o da comiss\u00e3o, [&hellip;]<\/p>\n","protected":false},"author":2,"featured_media":0,"comment_status":"open","ping_status":"open","sticky":false,"template":"","format":"standard","meta":{"_links_to":"","_links_to_target":""},"categories":[4],"tags":[],"_links":{"self":[{"href":"https:\/\/www.ilheusnoticias.net.br\/v1\/wp-json\/wp\/v2\/posts\/242"}],"collection":[{"href":"https:\/\/www.ilheusnoticias.net.br\/v1\/wp-json\/wp\/v2\/posts"}],"about":[{"href":"https:\/\/www.ilheusnoticias.net.br\/v1\/wp-json\/wp\/v2\/types\/post"}],"author":[{"embeddable":true,"href":"https:\/\/www.ilheusnoticias.net.br\/v1\/wp-json\/wp\/v2\/users\/2"}],"replies":[{"embeddable":true,"href":"https:\/\/www.ilheusnoticias.net.br\/v1\/wp-json\/wp\/v2\/comments?post=242"}],"version-history":[{"count":1,"href":"https:\/\/www.ilheusnoticias.net.br\/v1\/wp-json\/wp\/v2\/posts\/242\/revisions"}],"predecessor-version":[{"id":243,"href":"https:\/\/www.ilheusnoticias.net.br\/v1\/wp-json\/wp\/v2\/posts\/242\/revisions\/243"}],"wp:attachment":[{"href":"https:\/\/www.ilheusnoticias.net.br\/v1\/wp-json\/wp\/v2\/media?parent=242"}],"wp:term":[{"taxonomy":"category","embeddable":true,"href":"https:\/\/www.ilheusnoticias.net.br\/v1\/wp-json\/wp\/v2\/categories?post=242"},{"taxonomy":"post_tag","embeddable":true,"href":"https:\/\/www.ilheusnoticias.net.br\/v1\/wp-json\/wp\/v2\/tags?post=242"}],"curies":[{"name":"wp","href":"https:\/\/api.w.org\/{rel}","templated":true}]}}